{"id":39790,"date":"2013-11-21T09:55:13","date_gmt":"2013-11-21T12:55:13","guid":{"rendered":"http:\/\/www.eltrabajo.cl\/portal\/?p=39790"},"modified":"2013-11-21T09:55:13","modified_gmt":"2013-11-21T12:55:13","slug":"detenidos-tres-santiaguinos-que-intentaron-robar-en-tienda-bonis-de-san-felipe","status":"publish","type":"post","link":"https:\/\/eltrabajo.cl\/portal\/detenidos-tres-santiaguinos-que-intentaron-robar-en-tienda-bonis-de-san-felipe\/","title":{"rendered":"Detenidos tres santiaguinos que intentaron robar en tienda Bonis de San Felipe"},"content":{"rendered":"<figure id=\"attachment_39791\" aria-describedby=\"caption-attachment-39791\" style=\"width: 528px\" class=\"wp-caption alignnone\"><a href=\"https:\/\/i0.wp.com\/www.eltrabajo.cl\/portal\/wp-content\/uploads\/2013\/11\/local-abandonado.jpg\"><img data-recalc-dims=\"1\" loading=\"lazy\" decoding=\"async\" class=\"size-full wp-image-39791\" title=\"Tras romper los candados del local abandonado ubicado a un costado de la tienda Bonis, los antisociales intentaron acceder al techo del negocio y robar. Fueron detenidos antes de cometer el il\u00edcito.\" alt=\"Tras romper los candados del local abandonado ubicado a un costado de la tienda Bonis, los antisociales intentaron acceder al techo del negocio y robar. Fueron detenidos antes de cometer el il\u00edcito.\" src=\"https:\/\/i0.wp.com\/www.eltrabajo.cl\/portal\/wp-content\/uploads\/2013\/11\/local-abandonado.jpg?resize=528%2C397\" width=\"528\" height=\"397\" srcset=\"https:\/\/i0.wp.com\/eltrabajo.cl\/portal\/wp-content\/uploads\/2013\/11\/local-abandonado.jpg?w=528&amp;ssl=1 528w, https:\/\/i0.wp.com\/eltrabajo.cl\/portal\/wp-content\/uploads\/2013\/11\/local-abandonado.jpg?resize=200%2C150&amp;ssl=1 200w, https:\/\/i0.wp.com\/eltrabajo.cl\/portal\/wp-content\/uploads\/2013\/11\/local-abandonado.jpg?resize=300%2C225&amp;ssl=1 300w, https:\/\/i0.wp.com\/eltrabajo.cl\/portal\/wp-content\/uploads\/2013\/11\/local-abandonado.jpg?resize=150%2C112&amp;ssl=1 150w, https:\/\/i0.wp.com\/eltrabajo.cl\/portal\/wp-content\/uploads\/2013\/11\/local-abandonado.jpg?resize=400%2C300&amp;ssl=1 400w\" sizes=\"auto, (max-width: 528px) 100vw, 528px\" \/><\/a><figcaption id=\"caption-attachment-39791\" class=\"wp-caption-text\">Tras romper los candados del local abandonado ubicado a un costado de la tienda Bonis, los antisociales intentaron acceder al techo del negocio y robar. Fueron detenidos antes de cometer el il\u00edcito.<\/figcaption><\/figure>\n<ul>\n<li><strong>C\u00e1mara de televigilancia capt\u00f3 el momento en que los delincuentes intentaban acceder a la tienda, por lo que personal policial se constituy\u00f3 r\u00e1pidamente en el lugar.<\/strong><\/li>\n<\/ul>\n<p>Tres sujetos con domicilio en Santiago fueron detenidos por personal de la Segunda Comisar\u00eda, luego de ser sorprendidos cuando intentaban ingresar a la tienda Bonis de calle Salinas, con la clara intenci\u00f3n de robar. Los antisociales ya hab\u00edan roto los candados de un local abandonado que es colindante a la tienda y se dieron a la fuga.<\/p>\n<p>De acuerdo a los antecedentes entregados por Carabineros, este hecho se registr\u00f3 en horas de la madrugada de ayer, cuando los antisociales -con domicilio en Santiago y La Pintana- llegaron provistos de un bolso con herramientas con las cuales rompieron en primera instancia los candados del local que result\u00f3 destruido tras un incendio registrado tiempo atr\u00e1s y que actualmente se encuentra abandonado.<\/p>\n<p>Seg\u00fan se inform\u00f3, las c\u00e1maras de televigilancia del sector c\u00e9ntrico, captaron el momento en que los antisociales acced\u00edan al local que est\u00e1 a un costado de Bonis, por lo que personal policial se dirigi\u00f3 r\u00e1pidamente al lugar para verificar qu\u00e9 ocurr\u00eda.<\/p>\n<p>Al arribar Carabineros al sector, los delincuentes se dieron a la fuga, dejando en el lugar el bolso contenedor de distintas herramientas, en tanto que personal policial pudo establecer que hab\u00edan ingresado al local abandonado y ya hab\u00edan instalado diferentes elementos para poder escalar al techo y as\u00ed ingresar a la tienda Bonis.<\/p>\n<p>\u201cEstos tres individuos lograron ser detenidos en ese sector, siendo puestos a disposici\u00f3n de la Fiscal\u00eda, que les control\u00f3 la legalidad de la detenci\u00f3n en horas de la ma\u00f1ana de este mi\u00e9rcoles\u201d, se\u00f1al\u00f3 el capit\u00e1n Alfredo Castillo.<\/p>\n<p>Los detenidos fueron identificados como \u00c1ngel Mauricio Sep\u00falveda Morales, 35 a\u00f1os, con domicilio en Santiago; Claudio Andr\u00e9s Fern\u00e1ndez Rojas, 38 a\u00f1os, domiciliado en La Pintana, y Eduardo Ignacio Ulloa Burgos, de 21 a\u00f1os, con domicilio en Quinta Normal. Todos mantienen diferentes causas en Tribunales de la Regi\u00f3n Metropolitana, por los delitos de robo, totalizando cada uno m\u00e1s de diez causas.<\/p>\n<p>&nbsp;<\/p>\n","protected":false},"excerpt":{"rendered":"<p>C\u00e1mara de televigilancia capt\u00f3 el momento en que los delincuentes intentaban acceder a la tienda, por lo que personal policial se constituy\u00f3 r\u00e1pidamente en el lugar. Tres sujetos con domicilio en Santiago&#8230;<\/p>\n","protected":false},"author":482,"featured_media":39791,"comment_status":"open","ping_status":"closed","sticky":false,"template":"","format":"standard","meta":{"advanced_seo_description":"","jetpack_seo_html_title":"","jetpack_seo_noindex":false,"_jetpack_memberships_contains_paid_content":false,"footnotes":""},"categories":[1],"tags":[],"class_list":["post-39790","post","type-post","status-publish","format-standard","has-post-thumbnail","hentry","category-cronica"],"jetpack_featured_media_url":"https:\/\/i0.wp.com\/eltrabajo.cl\/portal\/wp-content\/uploads\/2013\/11\/local-abandonado.jpg?fit=528%2C397&ssl=1","jetpack_sharing_enabled":true,"jetpack_likes_enabled":true,"jetpack-related-posts":[],"_links":{"self":[{"href":"https:\/\/eltrabajo.cl\/portal\/wp-json\/wp\/v2\/posts\/39790","targetHints":{"allow":["GET"]}}],"collection":[{"href":"https:\/\/eltrabajo.cl\/portal\/wp-json\/wp\/v2\/posts"}],"about":[{"href":"https:\/\/eltrabajo.cl\/portal\/wp-json\/wp\/v2\/types\/post"}],"author":[{"embeddable":true,"href":"https:\/\/eltrabajo.cl\/portal\/wp-json\/wp\/v2\/users\/482"}],"replies":[{"embeddable":true,"href":"https:\/\/eltrabajo.cl\/portal\/wp-json\/wp\/v2\/comments?post=39790"}],"version-history":[{"count":0,"href":"https:\/\/eltrabajo.cl\/portal\/wp-json\/wp\/v2\/posts\/39790\/revisions"}],"wp:featuredmedia":[{"embeddable":true,"href":"https:\/\/eltrabajo.cl\/portal\/wp-json\/wp\/v2\/media\/39791"}],"wp:attachment":[{"href":"https:\/\/eltrabajo.cl\/portal\/wp-json\/wp\/v2\/media?parent=39790"}],"wp:term":[{"taxonomy":"category","embeddable":true,"href":"https:\/\/eltrabajo.cl\/portal\/wp-json\/wp\/v2\/categories?post=39790"},{"taxonomy":"post_tag","embeddable":true,"href":"https:\/\/eltrabajo.cl\/portal\/wp-json\/wp\/v2\/tags?post=39790"}],"curies":[{"name":"wp","href":"https:\/\/api.w.org\/{rel}","templated":true}]}}