{"id":39806,"date":"2013-11-22T09:34:34","date_gmt":"2013-11-22T12:34:34","guid":{"rendered":"http:\/\/www.eltrabajo.cl\/portal\/?p=39806"},"modified":"2013-11-22T09:34:34","modified_gmt":"2013-11-22T12:34:34","slug":"abelardo-sapiron-munoz-habla-de-sus-dias-de-gloria-con-el-uni-el-futbol-recorrera-las-venas-de-mi-cuerpo-hasta-el-dia-de-mi-muerte","status":"publish","type":"post","link":"https:\/\/eltrabajo.cl\/portal\/abelardo-sapiron-munoz-habla-de-sus-dias-de-gloria-con-el-uni-el-futbol-recorrera-las-venas-de-mi-cuerpo-hasta-el-dia-de-mi-muerte\/","title":{"rendered":"Abelardo \u2018Sapir\u00f3n&#8217; Mu\u00f1oz habla de sus d\u00edas de gloria con el Un\u00ed: \u00abEl f\u00fatbol recorrer\u00e1 las venas de mi cuerpo hasta el d\u00eda de mi muerte\u00bb"},"content":{"rendered":"<figure id=\"attachment_39807\" aria-describedby=\"caption-attachment-39807\" style=\"width: 528px\" class=\"wp-caption alignnone\"><a href=\"https:\/\/i0.wp.com\/www.eltrabajo.cl\/portal\/wp-content\/uploads\/2013\/11\/sapiron1.jpg\"><img data-recalc-dims=\"1\" loading=\"lazy\" decoding=\"async\" class=\"size-full wp-image-39807\" title=\"ABUELO REGAL\u00d3N.- Para las c\u00e1maras de Diario El Trabajo posaron la peque\u00f1ita Sof\u00eda Trivi\u00f1o, nieta, el \u2018Sapir\u00f3n Mu\u00f1oz y su esposa Yolanda y una de las hijas de ambos, Helen Mu\u00f1oz.\" alt=\"ABUELO REGAL\u00d3N.- Para las c\u00e1maras de Diario El Trabajo posaron la peque\u00f1ita Sof\u00eda Trivi\u00f1o, nieta, el \u2018Sapir\u00f3n Mu\u00f1oz y su esposa Yolanda y una de las hijas de ambos, Helen Mu\u00f1oz.\" src=\"https:\/\/i0.wp.com\/www.eltrabajo.cl\/portal\/wp-content\/uploads\/2013\/11\/sapiron1.jpg?resize=528%2C382\" width=\"528\" height=\"382\" srcset=\"https:\/\/i0.wp.com\/eltrabajo.cl\/portal\/wp-content\/uploads\/2013\/11\/sapiron1.jpg?w=528&amp;ssl=1 528w, https:\/\/i0.wp.com\/eltrabajo.cl\/portal\/wp-content\/uploads\/2013\/11\/sapiron1.jpg?resize=200%2C144&amp;ssl=1 200w, https:\/\/i0.wp.com\/eltrabajo.cl\/portal\/wp-content\/uploads\/2013\/11\/sapiron1.jpg?resize=300%2C217&amp;ssl=1 300w, https:\/\/i0.wp.com\/eltrabajo.cl\/portal\/wp-content\/uploads\/2013\/11\/sapiron1.jpg?resize=150%2C108&amp;ssl=1 150w, https:\/\/i0.wp.com\/eltrabajo.cl\/portal\/wp-content\/uploads\/2013\/11\/sapiron1.jpg?resize=400%2C289&amp;ssl=1 400w\" sizes=\"auto, (max-width: 528px) 100vw, 528px\" \/><\/a><figcaption id=\"caption-attachment-39807\" class=\"wp-caption-text\">ABUELO REGAL\u00d3N.- Para las c\u00e1maras de Diario El Trabajo posaron la peque\u00f1ita Sof\u00eda Trivi\u00f1o, nieta, el \u2018Sapir\u00f3n Mu\u00f1oz y su esposa Yolanda y una de las hijas de ambos, Helen Mu\u00f1oz.<\/figcaption><\/figure>\n<p>Naci\u00f3 un d\u00eda mi\u00e9rcoles. El 20 de mayo de 1936. Se cri\u00f3 en las calles del San Felipe del ayer y desde muy chico aprendi\u00f3 a no temerle a una pelota en cuanta pichanga de barrio le fuera posible participar con sus amigos de infancia. Es el mayor de nueve hermanos y quien se convertir\u00eda, al nacer el Club Deportivo Uni\u00f3n San Felipe (Un\u00ed Un\u00ed), en su primer arquero oficial.<\/p>\n<p>&nbsp;<\/p>\n<p><strong>A SOLAS CON\u00a0LA LEYENDA<\/strong><\/p>\n<p>Hoy en Diario El Trabajo queremos compartir una rese\u00f1a hist\u00f3rica de uno de los \u00edconos deportivos m\u00e1s aclamados en sus tiempos dentro del f\u00fatbol de nuestra provincia, hablamos del legendario Abelardo \u2018Sapir\u00f3n\u2019 Mu\u00f1oz Valenzuela, quien hoy a sus 77 a\u00f1os, comparte con nosotros algunas de sus vivencias.<\/p>\n<p><strong>&#8211; \u00bfEs verdad que usted lleva el f\u00fatbol en la sangre?<\/strong><\/p>\n<p>&#8211; \u00abEl f\u00fatbol recorrer\u00e1 todas las venas de mi cuerpo hasta el d\u00eda de mi muerte. Claro que llevo el f\u00fatbol en mi sangre, desde muy chico ya me pasaba las tardes en las pichangas en la Escuela 1, en donde saqu\u00e9 mi educaci\u00f3n b\u00e1sica, ya cuando joven me fui especializando en detener toda clase de balones en el arco\u00bb.<\/p>\n<p><strong>&#8211; \u00bfC\u00f3mo fue su desarrollo deportivo y profesional?<\/strong><\/p>\n<p>&#8211; \u00abComo profesional, me inici\u00e9 en el Club Real Echeverr\u00eda, luego jugu\u00e9 mis buenas temporadas en el Un\u00ed, desde octubre de 1956, ah\u00ed fueron mis a\u00f1os dorados hasta 1964, luego de eso me incorpor\u00e9 al Club Deportivo Arturo Pratt y en los a\u00f1os posteriores tambi\u00e9n milit\u00e9 para la Filial Colo Colo Amateur, con el que fuimos campeones en 1972\u00bb.<\/p>\n<p><strong>&#8211; \u00bfEncontraste el amor en la vida?<\/strong><\/p>\n<p>&#8211; \u00abClaro que el Amor ten\u00eda que llegar a mi vida, me cas\u00e9 con Yolanda Tobar el domingo 10 de enero de 1965 en la antigua capilla de La Merced, con esa bella mujer tuve tres preciosos hijos que hasta nietos ya nos han dado para bendici\u00f3n de todos\u00bb.<\/p>\n<p><strong>&#8211; \u00bfCu\u00e1nto ganabas en esos a\u00f1os como portero del Un\u00ed?<\/strong><\/p>\n<p>&#8211; \u00abNo era del todo mal el salario que recib\u00edamos en aquellos a\u00f1os, yo llegu\u00e9 a ganar 50.000 pesos al mes en mis mejores momentos, fue con ese salario y m\u00e1s el que gan\u00e9 durante 25 a\u00f1os en la Sala de M\u00e1quinas de la empresa David Del Curto, que logr\u00e9 sacar adelante a nuestra familia\u00bb.<\/p>\n<p>&nbsp;<\/p>\n<p><strong>\u00abNO ME ARREPIENTO\u00bb<\/strong><\/p>\n<p>Diario El Trabajo habl\u00f3 tambi\u00e9n con la esposa del \u2018Sapir\u00f3n\u2019 Mu\u00f1oz, quien asegur\u00f3 a nuestro medio que \u00ab\u00e9l ha sido un buen marido, cari\u00f1oso y muy responsable para con todos en casa, no me arrepiento en absoluto el haberme casado con Abelardo, porque a su lado todos hemos sido felices\u00bb, coment\u00f3 Yolanda Tobar.<\/p>\n<p>Siempre con la mirada puesta en el digno rescate de nuestros valores humanos de nuestro Valle de Aconcagua, hoy en Diario El Trabajo compartimos esta rese\u00f1a period\u00edstica con nuestros lectores para que, si ven al \u2018Sapir\u00f3n\u2019 Mu\u00f1oz comprando sus verduritas de la semana en la feria, no olviden saludar al hombre que por varios a\u00f1os defendi\u00f3 la camiseta de nuestro club deportivo Uni\u00f3n San Felipe.<\/p>\n<p>Roberto Gonz\u00e1lez Short<\/p>\n<p>rgonzalez@eltrabajo.cl<\/p>\n<p>&nbsp;<\/p>\n","protected":false},"excerpt":{"rendered":"<p>Naci\u00f3 un d\u00eda mi\u00e9rcoles. El 20 de mayo de 1936. Se cri\u00f3 en las calles del San Felipe del ayer y desde muy chico aprendi\u00f3 a no temerle a una pelota en&#8230;<\/p>\n","protected":false},"author":482,"featured_media":39807,"comment_status":"open","ping_status":"closed","sticky":false,"template":"","format":"standard","meta":{"advanced_seo_description":"","jetpack_seo_html_title":"","jetpack_seo_noindex":false,"_jetpack_memberships_contains_paid_content":false,"footnotes":""},"categories":[15],"tags":[],"class_list":["post-39806","post","type-post","status-publish","format-standard","has-post-thumbnail","hentry","category-comunidad"],"jetpack_featured_media_url":"https:\/\/i0.wp.com\/eltrabajo.cl\/portal\/wp-content\/uploads\/2013\/11\/sapiron1.jpg?fit=528%2C382&ssl=1","jetpack_sharing_enabled":true,"jetpack_likes_enabled":true,"jetpack-related-posts":[],"_links":{"self":[{"href":"https:\/\/eltrabajo.cl\/portal\/wp-json\/wp\/v2\/posts\/39806","targetHints":{"allow":["GET"]}}],"collection":[{"href":"https:\/\/eltrabajo.cl\/portal\/wp-json\/wp\/v2\/posts"}],"about":[{"href":"https:\/\/eltrabajo.cl\/portal\/wp-json\/wp\/v2\/types\/post"}],"author":[{"embeddable":true,"href":"https:\/\/eltrabajo.cl\/portal\/wp-json\/wp\/v2\/users\/482"}],"replies":[{"embeddable":true,"href":"https:\/\/eltrabajo.cl\/portal\/wp-json\/wp\/v2\/comments?post=39806"}],"version-history":[{"count":0,"href":"https:\/\/eltrabajo.cl\/portal\/wp-json\/wp\/v2\/posts\/39806\/revisions"}],"wp:featuredmedia":[{"embeddable":true,"href":"https:\/\/eltrabajo.cl\/portal\/wp-json\/wp\/v2\/media\/39807"}],"wp:attachment":[{"href":"https:\/\/eltrabajo.cl\/portal\/wp-json\/wp\/v2\/media?parent=39806"}],"wp:term":[{"taxonomy":"category","embeddable":true,"href":"https:\/\/eltrabajo.cl\/portal\/wp-json\/wp\/v2\/categories?post=39806"},{"taxonomy":"post_tag","embeddable":true,"href":"https:\/\/eltrabajo.cl\/portal\/wp-json\/wp\/v2\/tags?post=39806"}],"curies":[{"name":"wp","href":"https:\/\/api.w.org\/{rel}","templated":true}]}}