{"id":39809,"date":"2013-11-22T09:36:36","date_gmt":"2013-11-22T12:36:36","guid":{"rendered":"http:\/\/www.eltrabajo.cl\/portal\/?p=39809"},"modified":"2013-11-22T09:36:36","modified_gmt":"2013-11-22T12:36:36","slug":"con-un-pasacalles-culmino-la-celebracion-de-la-semana-del-parvulo","status":"publish","type":"post","link":"https:\/\/eltrabajo.cl\/portal\/con-un-pasacalles-culmino-la-celebracion-de-la-semana-del-parvulo\/","title":{"rendered":"Con un pasacalles culmin\u00f3 la celebraci\u00f3n de la semana del p\u00e1rvulo"},"content":{"rendered":"<figure id=\"attachment_39810\" aria-describedby=\"caption-attachment-39810\" style=\"width: 529px\" class=\"wp-caption alignnone\"><a href=\"https:\/\/i0.wp.com\/www.eltrabajo.cl\/portal\/wp-content\/uploads\/2013\/11\/rayitodeluna1.jpg\"><img data-recalc-dims=\"1\" loading=\"lazy\" decoding=\"async\" class=\"size-full wp-image-39810\" title=\"Ni\u00f1os del jard\u00edn infantil Cuncuna Rayito de Luna llenaron de colorido la plaza de armas.\" alt=\"Ni\u00f1os del jard\u00edn infantil Cuncuna Rayito de Luna llenaron de colorido la plaza de armas.\" src=\"https:\/\/i0.wp.com\/www.eltrabajo.cl\/portal\/wp-content\/uploads\/2013\/11\/rayitodeluna1.jpg?resize=529%2C353\" width=\"529\" height=\"353\" srcset=\"https:\/\/i0.wp.com\/eltrabajo.cl\/portal\/wp-content\/uploads\/2013\/11\/rayitodeluna1.jpg?w=529&amp;ssl=1 529w, https:\/\/i0.wp.com\/eltrabajo.cl\/portal\/wp-content\/uploads\/2013\/11\/rayitodeluna1.jpg?resize=200%2C133&amp;ssl=1 200w, https:\/\/i0.wp.com\/eltrabajo.cl\/portal\/wp-content\/uploads\/2013\/11\/rayitodeluna1.jpg?resize=300%2C200&amp;ssl=1 300w, https:\/\/i0.wp.com\/eltrabajo.cl\/portal\/wp-content\/uploads\/2013\/11\/rayitodeluna1.jpg?resize=150%2C100&amp;ssl=1 150w, https:\/\/i0.wp.com\/eltrabajo.cl\/portal\/wp-content\/uploads\/2013\/11\/rayitodeluna1.jpg?resize=400%2C266&amp;ssl=1 400w\" sizes=\"auto, (max-width: 529px) 100vw, 529px\" \/><\/a><figcaption id=\"caption-attachment-39810\" class=\"wp-caption-text\">Ni\u00f1os del jard\u00edn infantil Cuncuna Rayito de Luna llenaron de colorido la plaza de armas.<\/figcaption><\/figure>\n<p><strong>LOS ANDES<\/strong>.- En la plaza de armas y con un pasacalles lleno de coloridos disfraces, el jard\u00edn infantil \u2018Cuncuna Rayito de Luna\u2019 culmin\u00f3 la celebraci\u00f3n de la semana del p\u00e1rvulo.<\/p>\n<p>La directora del jard\u00edn, Victoria Ahumada, se\u00f1al\u00f3 que con esta actividad, que involucr\u00f3 tambi\u00e9n a los padres, se quiso hacer compartir a los ni\u00f1os con la comunidad y que pudieran llenar de juegos la plaza de armas.<\/p>\n<p>La directora destac\u00f3 la importancia de la conmemoraci\u00f3n de la semana del p\u00e1rvulo que permite llevar adelante una serie de actividades al aire libre y con la comunidad, haciendo participar de ello a los padres.<\/p>\n<p>Agreg\u00f3 que en estos tiempos en que la tecnolog\u00eda hace que los ni\u00f1os pasen m\u00e1s tiempo en el computador, resulta fundamental propiciar estas actividades que los ayudan a interrelacionarse con los dem\u00e1s.<\/p>\n<p>Como parte de la semana del p\u00e1rvulo en el jard\u00edn infantil se llev\u00f3 adelante un operativo de limpieza y de plantaci\u00f3n de \u00e1rboles, adem\u00e1s de un desfile de modas con trajes hechos de materiales reciclables.<\/p>\n<p>&nbsp;<\/p>\n","protected":false},"excerpt":{"rendered":"<p>LOS ANDES.- En la plaza de armas y con un pasacalles lleno de coloridos disfraces, el jard\u00edn infantil \u2018Cuncuna Rayito de Luna\u2019 culmin\u00f3 la celebraci\u00f3n de la semana del p\u00e1rvulo. La directora&#8230;<\/p>\n","protected":false},"author":482,"featured_media":39810,"comment_status":"open","ping_status":"closed","sticky":false,"template":"","format":"standard","meta":{"advanced_seo_description":"","jetpack_seo_html_title":"","jetpack_seo_noindex":false,"_jetpack_memberships_contains_paid_content":false,"footnotes":""},"categories":[15],"tags":[],"class_list":["post-39809","post","type-post","status-publish","format-standard","has-post-thumbnail","hentry","category-comunidad"],"jetpack_featured_media_url":"https:\/\/i0.wp.com\/eltrabajo.cl\/portal\/wp-content\/uploads\/2013\/11\/rayitodeluna1.jpg?fit=529%2C353&ssl=1","jetpack_sharing_enabled":true,"jetpack_likes_enabled":true,"jetpack-related-posts":[],"_links":{"self":[{"href":"https:\/\/eltrabajo.cl\/portal\/wp-json\/wp\/v2\/posts\/39809","targetHints":{"allow":["GET"]}}],"collection":[{"href":"https:\/\/eltrabajo.cl\/portal\/wp-json\/wp\/v2\/posts"}],"about":[{"href":"https:\/\/eltrabajo.cl\/portal\/wp-json\/wp\/v2\/types\/post"}],"author":[{"embeddable":true,"href":"https:\/\/eltrabajo.cl\/portal\/wp-json\/wp\/v2\/users\/482"}],"replies":[{"embeddable":true,"href":"https:\/\/eltrabajo.cl\/portal\/wp-json\/wp\/v2\/comments?post=39809"}],"version-history":[{"count":0,"href":"https:\/\/eltrabajo.cl\/portal\/wp-json\/wp\/v2\/posts\/39809\/revisions"}],"wp:featuredmedia":[{"embeddable":true,"href":"https:\/\/eltrabajo.cl\/portal\/wp-json\/wp\/v2\/media\/39810"}],"wp:attachment":[{"href":"https:\/\/eltrabajo.cl\/portal\/wp-json\/wp\/v2\/media?parent=39809"}],"wp:term":[{"taxonomy":"category","embeddable":true,"href":"https:\/\/eltrabajo.cl\/portal\/wp-json\/wp\/v2\/categories?post=39809"},{"taxonomy":"post_tag","embeddable":true,"href":"https:\/\/eltrabajo.cl\/portal\/wp-json\/wp\/v2\/tags?post=39809"}],"curies":[{"name":"wp","href":"https:\/\/api.w.org\/{rel}","templated":true}]}}