{"id":39812,"date":"2013-11-22T09:38:53","date_gmt":"2013-11-22T12:38:53","guid":{"rendered":"http:\/\/www.eltrabajo.cl\/portal\/?p=39812"},"modified":"2013-11-22T09:38:53","modified_gmt":"2013-11-22T12:38:53","slug":"entregan-premios-a-mejores-lugares-de-la-liga-deportiva-escolar-aconcagua","status":"publish","type":"post","link":"https:\/\/eltrabajo.cl\/portal\/entregan-premios-a-mejores-lugares-de-la-liga-deportiva-escolar-aconcagua\/","title":{"rendered":"Entregan premios a mejores lugares de la Liga Deportiva Escolar Aconcagua"},"content":{"rendered":"<figure id=\"attachment_39813\" aria-describedby=\"caption-attachment-39813\" style=\"width: 528px\" class=\"wp-caption alignnone\"><a href=\"https:\/\/i0.wp.com\/www.eltrabajo.cl\/portal\/wp-content\/uploads\/2013\/11\/ligadeportes.jpg\"><img data-recalc-dims=\"1\" loading=\"lazy\" decoding=\"async\" class=\"size-full wp-image-39813\" title=\"El martes se realiz\u00f3 la premiaci\u00f3n de los tres primeros lugares de cada deporte en el Gimnasio Samuel Tapia Guerrero, antigua sala m\u00faltiple.\" alt=\"El martes se realiz\u00f3 la premiaci\u00f3n de los tres primeros lugares de cada deporte en el Gimnasio Samuel Tapia Guerrero, antigua sala m\u00faltiple.\" src=\"https:\/\/i0.wp.com\/www.eltrabajo.cl\/portal\/wp-content\/uploads\/2013\/11\/ligadeportes.jpg?resize=528%2C397\" width=\"528\" height=\"397\" srcset=\"https:\/\/i0.wp.com\/eltrabajo.cl\/portal\/wp-content\/uploads\/2013\/11\/ligadeportes.jpg?w=528&amp;ssl=1 528w, https:\/\/i0.wp.com\/eltrabajo.cl\/portal\/wp-content\/uploads\/2013\/11\/ligadeportes.jpg?resize=200%2C150&amp;ssl=1 200w, https:\/\/i0.wp.com\/eltrabajo.cl\/portal\/wp-content\/uploads\/2013\/11\/ligadeportes.jpg?resize=300%2C225&amp;ssl=1 300w, https:\/\/i0.wp.com\/eltrabajo.cl\/portal\/wp-content\/uploads\/2013\/11\/ligadeportes.jpg?resize=150%2C112&amp;ssl=1 150w, https:\/\/i0.wp.com\/eltrabajo.cl\/portal\/wp-content\/uploads\/2013\/11\/ligadeportes.jpg?resize=400%2C300&amp;ssl=1 400w\" sizes=\"auto, (max-width: 528px) 100vw, 528px\" \/><\/a><figcaption id=\"caption-attachment-39813\" class=\"wp-caption-text\">El martes se realiz\u00f3 la premiaci\u00f3n de los tres primeros lugares de cada deporte en el Gimnasio Samuel Tapia Guerrero, antigua sala m\u00faltiple.<\/figcaption><\/figure>\n<p>Este martes se realiz\u00f3 la premiaci\u00f3n de los equipos que obtuvieron los primeros lugares en la Liga Deportiva Escolar Aconcagua, una actividad que congreg\u00f3 la participaci\u00f3n de m\u00e1s de 600 escolares del valle de Aconcagua durante la realizaci\u00f3n de la competencia.<\/p>\n<p>En la actividad participaron equipos de San Felipe, La Ligua, Los Andes, Santa Mar\u00eda y Quillota, en categor\u00edas Selecci\u00f3n de Colegios y Mini, en deportes como b\u00e1squetbol, voleybol, bal\u00f3n mano y f\u00fatbol.<\/p>\n<p>La competencia se desarroll\u00f3 durante todo el segundo semestre y congreg\u00f3 una importante cantidad de deportistas, quienes mostraron un gran nivel en cada una de las disciplinas.<\/p>\n<p>\u201cEl nivel por lo menos en lo que se refiere a b\u00e1squetbol es bastante bueno y todos los deportes colectivos en San Felipe son un referente a nivel nacional\u201d, dijo Felipe Rodr\u00edguez, uno de los coordinadores de la actividad.<\/p>\n<p>El martes se realiz\u00f3 la premiaci\u00f3n de los tres primeros lugares de cada deporte en el Gimnasio Samuel Tapia Guerrero, antigua sala m\u00faltiple.<\/p>\n<p>El Alcalde Patricio Freire hizo entrega de los premios, destacando el buen nivel que se ha alcanzado en los distintos deportes en la comuna, y a su vez reafirmando el apoyo del municipio en la realizaci\u00f3n de este tipo de actividades que permiten la pr\u00e1ctica deportiva y por supuesto tener una vida sana.<\/p>\n<p>El jefe comunal adem\u00e1s puso \u00e9nfasis en el desarrollo en la comuna del deporte formativo en una primera etapa, para pasar a lo competitivo y que los ni\u00f1os y j\u00f3venes destaquen a todo nivel.<\/p>\n<p>\u201cEn estos momentos hay dos equipos que est\u00e1n compitiendo en Argentina y est\u00e1n representando a San Felipe, a la Quinta Regi\u00f3n y a Chile y estamos contentos por eso\u201d, dijo el edil.<\/p>\n<p>&nbsp;<\/p>\n","protected":false},"excerpt":{"rendered":"<p>Este martes se realiz\u00f3 la premiaci\u00f3n de los equipos que obtuvieron los primeros lugares en la Liga Deportiva Escolar Aconcagua, una actividad que congreg\u00f3 la participaci\u00f3n de m\u00e1s de 600 escolares del&#8230;<\/p>\n","protected":false},"author":482,"featured_media":39813,"comment_status":"open","ping_status":"closed","sticky":false,"template":"","format":"standard","meta":{"advanced_seo_description":"","jetpack_seo_html_title":"","jetpack_seo_noindex":false,"_jetpack_memberships_contains_paid_content":false,"footnotes":""},"categories":[1],"tags":[],"class_list":["post-39812","post","type-post","status-publish","format-standard","has-post-thumbnail","hentry","category-cronica"],"jetpack_featured_media_url":"https:\/\/i0.wp.com\/eltrabajo.cl\/portal\/wp-content\/uploads\/2013\/11\/ligadeportes.jpg?fit=528%2C397&ssl=1","jetpack_sharing_enabled":true,"jetpack_likes_enabled":true,"jetpack-related-posts":[],"_links":{"self":[{"href":"https:\/\/eltrabajo.cl\/portal\/wp-json\/wp\/v2\/posts\/39812","targetHints":{"allow":["GET"]}}],"collection":[{"href":"https:\/\/eltrabajo.cl\/portal\/wp-json\/wp\/v2\/posts"}],"about":[{"href":"https:\/\/eltrabajo.cl\/portal\/wp-json\/wp\/v2\/types\/post"}],"author":[{"embeddable":true,"href":"https:\/\/eltrabajo.cl\/portal\/wp-json\/wp\/v2\/users\/482"}],"replies":[{"embeddable":true,"href":"https:\/\/eltrabajo.cl\/portal\/wp-json\/wp\/v2\/comments?post=39812"}],"version-history":[{"count":0,"href":"https:\/\/eltrabajo.cl\/portal\/wp-json\/wp\/v2\/posts\/39812\/revisions"}],"wp:featuredmedia":[{"embeddable":true,"href":"https:\/\/eltrabajo.cl\/portal\/wp-json\/wp\/v2\/media\/39813"}],"wp:attachment":[{"href":"https:\/\/eltrabajo.cl\/portal\/wp-json\/wp\/v2\/media?parent=39812"}],"wp:term":[{"taxonomy":"category","embeddable":true,"href":"https:\/\/eltrabajo.cl\/portal\/wp-json\/wp\/v2\/categories?post=39812"},{"taxonomy":"post_tag","embeddable":true,"href":"https:\/\/eltrabajo.cl\/portal\/wp-json\/wp\/v2\/tags?post=39812"}],"curies":[{"name":"wp","href":"https:\/\/api.w.org\/{rel}","templated":true}]}}