{"id":39815,"date":"2013-11-22T09:40:24","date_gmt":"2013-11-22T12:40:24","guid":{"rendered":"http:\/\/www.eltrabajo.cl\/portal\/?p=39815"},"modified":"2013-11-22T09:40:24","modified_gmt":"2013-11-22T12:40:24","slug":"piden-a-ladrones-de-cilindros-de-gas-que-los-devuelvan-al-dueno","status":"publish","type":"post","link":"https:\/\/eltrabajo.cl\/portal\/piden-a-ladrones-de-cilindros-de-gas-que-los-devuelvan-al-dueno\/","title":{"rendered":"Piden a ladrones de cilindros de gas, que los devuelvan al due\u00f1o"},"content":{"rendered":"<figure id=\"attachment_39816\" aria-describedby=\"caption-attachment-39816\" style=\"width: 528px\" class=\"wp-caption alignnone\"><a href=\"https:\/\/i0.wp.com\/www.eltrabajo.cl\/portal\/wp-content\/uploads\/2013\/11\/gas1.jpg\"><img data-recalc-dims=\"1\" loading=\"lazy\" decoding=\"async\" class=\"size-full wp-image-39816\" title=\"Juan Cifuentes y Ver\u00f3nica Mondaga muestran a Diario El Trabajo lo \u00fanico que dejaron los hampones, la tuber\u00eda del gas, luego que la noche de este mi\u00e9rcoles visitaran ese centro comunitario.\" alt=\"Juan Cifuentes y Ver\u00f3nica Mondaga muestran a Diario El Trabajo lo \u00fanico que dejaron los hampones, la tuber\u00eda del gas, luego que la noche de este mi\u00e9rcoles visitaran ese centro comunitario.\" src=\"https:\/\/i0.wp.com\/www.eltrabajo.cl\/portal\/wp-content\/uploads\/2013\/11\/gas1.jpg?resize=528%2C386\" width=\"528\" height=\"386\" srcset=\"https:\/\/i0.wp.com\/eltrabajo.cl\/portal\/wp-content\/uploads\/2013\/11\/gas1.jpg?w=528&amp;ssl=1 528w, https:\/\/i0.wp.com\/eltrabajo.cl\/portal\/wp-content\/uploads\/2013\/11\/gas1.jpg?resize=200%2C146&amp;ssl=1 200w, https:\/\/i0.wp.com\/eltrabajo.cl\/portal\/wp-content\/uploads\/2013\/11\/gas1.jpg?resize=300%2C219&amp;ssl=1 300w, https:\/\/i0.wp.com\/eltrabajo.cl\/portal\/wp-content\/uploads\/2013\/11\/gas1.jpg?resize=150%2C109&amp;ssl=1 150w, https:\/\/i0.wp.com\/eltrabajo.cl\/portal\/wp-content\/uploads\/2013\/11\/gas1.jpg?resize=400%2C292&amp;ssl=1 400w\" sizes=\"auto, (max-width: 528px) 100vw, 528px\" \/><\/a><figcaption id=\"caption-attachment-39816\" class=\"wp-caption-text\">Juan Cifuentes y Ver\u00f3nica Mondaga muestran a Diario El Trabajo lo \u00fanico que dejaron los hampones, la tuber\u00eda del gas, luego que la noche de este mi\u00e9rcoles visitaran ese centro comunitario.<\/figcaption><\/figure>\n<p>Luego que por s\u00e9ptima ocasi\u00f3n los \u2018amigos de lo ajeno\u2019 visitaran la Escuela Manuel Rodr\u00edguez y se robaran los cilindros de gas, y luego tambi\u00e9n que la Daem y el Municipio le pusieran un Alto a esta ola de robos en dicho centro educativo, hoy nos atrever\u00edamos a especular que los ladrones que se robaron los dos cilindros de gas de 45 kilos cada uno en el Centro Comunitario Madre Teresa de Calcuta, ubicado en Villa Industrial, posiblemente puedan ser los mismos hampones.<\/p>\n<p>Si no es as\u00ed, al menos eso es lo que parece si tomamos en cuenta que ambos lugares, la escuela y el centro comunitario, est\u00e1n muy cercanos el uno del otro.<\/p>\n<p>La ma\u00f1ana de este jueves el comedor infantil que ha venido funcionando gracias al aporte de la Iglesia Cat\u00f3lica y en la que reciben alimentaci\u00f3n unos 30 peque\u00f1itos de escasos recursos econ\u00f3micos de las villas Renacer, Industrial, 250 A\u00f1os y Sol Naciente. En ese lugar tambi\u00e9n se imparten clases para que algunos estudiantes logren recuperar sus estudios si hay necesidad.<\/p>\n<p>\u00abEstamos apelando al buen coraz\u00f3n de los vecinos que, eventualmente tengan informaci\u00f3n sobre el paradero de estos cilindros, pues han dejado sin alimentos a los ni\u00f1os que reciben ayuda en nuestro centro, inclusive a quienes los hurtaron, nosotros les pedimos que los devuelvan por favor, no habr\u00eda ninguna represalia de nuestra parte\u00bb, coment\u00f3 a Diario El Trabajo Juan Cifuentes, uno de los directores del centro comunitario.<\/p>\n<p>Ver\u00f3nica Mondaga, Secretaria de la Junta Vecinal de Villa Industrial, agreg\u00f3 tambi\u00e9n que \u00abgracias a Dios que todas las instalaciones cuentan con sistema de alarmas, aqu\u00ed lo malo es que los cilindros deben estar afuera del local, lo que aprovecharon los antisociales\u00bb, indic\u00f3 Mondaga. Quienes tengan informaci\u00f3n sobre el paradero de los cilindros de gas, pueden llamar al fono: 253 9919.<\/p>\n<p>Roberto Gonz\u00e1lez Short<\/p>\n<p>rgonzalez@eltrabajo.cl<\/p>\n<p>&nbsp;<\/p>\n","protected":false},"excerpt":{"rendered":"<p>Luego que por s\u00e9ptima ocasi\u00f3n los \u2018amigos de lo ajeno\u2019 visitaran la Escuela Manuel Rodr\u00edguez y se robaran los cilindros de gas, y luego tambi\u00e9n que la Daem y el Municipio le&#8230;<\/p>\n","protected":false},"author":482,"featured_media":39816,"comment_status":"open","ping_status":"closed","sticky":false,"template":"","format":"standard","meta":{"advanced_seo_description":"","jetpack_seo_html_title":"","jetpack_seo_noindex":false,"_jetpack_memberships_contains_paid_content":false,"footnotes":""},"categories":[1],"tags":[],"class_list":["post-39815","post","type-post","status-publish","format-standard","has-post-thumbnail","hentry","category-cronica"],"jetpack_featured_media_url":"https:\/\/i0.wp.com\/eltrabajo.cl\/portal\/wp-content\/uploads\/2013\/11\/gas1.jpg?fit=528%2C386&ssl=1","jetpack_sharing_enabled":true,"jetpack_likes_enabled":true,"jetpack-related-posts":[],"_links":{"self":[{"href":"https:\/\/eltrabajo.cl\/portal\/wp-json\/wp\/v2\/posts\/39815","targetHints":{"allow":["GET"]}}],"collection":[{"href":"https:\/\/eltrabajo.cl\/portal\/wp-json\/wp\/v2\/posts"}],"about":[{"href":"https:\/\/eltrabajo.cl\/portal\/wp-json\/wp\/v2\/types\/post"}],"author":[{"embeddable":true,"href":"https:\/\/eltrabajo.cl\/portal\/wp-json\/wp\/v2\/users\/482"}],"replies":[{"embeddable":true,"href":"https:\/\/eltrabajo.cl\/portal\/wp-json\/wp\/v2\/comments?post=39815"}],"version-history":[{"count":0,"href":"https:\/\/eltrabajo.cl\/portal\/wp-json\/wp\/v2\/posts\/39815\/revisions"}],"wp:featuredmedia":[{"embeddable":true,"href":"https:\/\/eltrabajo.cl\/portal\/wp-json\/wp\/v2\/media\/39816"}],"wp:attachment":[{"href":"https:\/\/eltrabajo.cl\/portal\/wp-json\/wp\/v2\/media?parent=39815"}],"wp:term":[{"taxonomy":"category","embeddable":true,"href":"https:\/\/eltrabajo.cl\/portal\/wp-json\/wp\/v2\/categories?post=39815"},{"taxonomy":"post_tag","embeddable":true,"href":"https:\/\/eltrabajo.cl\/portal\/wp-json\/wp\/v2\/tags?post=39815"}],"curies":[{"name":"wp","href":"https:\/\/api.w.org\/{rel}","templated":true}]}}