{"id":39822,"date":"2013-11-22T09:43:47","date_gmt":"2013-11-22T12:43:47","guid":{"rendered":"http:\/\/www.eltrabajo.cl\/portal\/?p=39822"},"modified":"2013-11-22T09:43:47","modified_gmt":"2013-11-22T12:43:47","slug":"motoqueros-de-todo-el-pais-se-reunen-este-fin-de-semana-en-putaendo","status":"publish","type":"post","link":"https:\/\/eltrabajo.cl\/portal\/motoqueros-de-todo-el-pais-se-reunen-este-fin-de-semana-en-putaendo\/","title":{"rendered":"Motoqueros de todo el pa\u00eds se re\u00fanen este fin de semana en Putaendo"},"content":{"rendered":"<figure id=\"attachment_39823\" aria-describedby=\"caption-attachment-39823\" style=\"width: 528px\" class=\"wp-caption alignnone\"><a href=\"https:\/\/i0.wp.com\/www.eltrabajo.cl\/portal\/wp-content\/uploads\/2013\/11\/encuentro-motoqueros.jpg\"><img data-recalc-dims=\"1\" loading=\"lazy\" decoding=\"async\" class=\"size-full wp-image-39823\" title=\"Este es el afiche promocional del evento que se inicia hoy y culmina este domingo.\" alt=\"Este es el afiche promocional del evento que se inicia hoy y culmina este domingo.\" src=\"https:\/\/i0.wp.com\/www.eltrabajo.cl\/portal\/wp-content\/uploads\/2013\/11\/encuentro-motoqueros.jpg?resize=528%2C340\" width=\"528\" height=\"340\" srcset=\"https:\/\/i0.wp.com\/eltrabajo.cl\/portal\/wp-content\/uploads\/2013\/11\/encuentro-motoqueros.jpg?w=528&amp;ssl=1 528w, https:\/\/i0.wp.com\/eltrabajo.cl\/portal\/wp-content\/uploads\/2013\/11\/encuentro-motoqueros.jpg?resize=200%2C128&amp;ssl=1 200w, https:\/\/i0.wp.com\/eltrabajo.cl\/portal\/wp-content\/uploads\/2013\/11\/encuentro-motoqueros.jpg?resize=300%2C193&amp;ssl=1 300w, https:\/\/i0.wp.com\/eltrabajo.cl\/portal\/wp-content\/uploads\/2013\/11\/encuentro-motoqueros.jpg?resize=150%2C96&amp;ssl=1 150w, https:\/\/i0.wp.com\/eltrabajo.cl\/portal\/wp-content\/uploads\/2013\/11\/encuentro-motoqueros.jpg?resize=400%2C257&amp;ssl=1 400w\" sizes=\"auto, (max-width: 528px) 100vw, 528px\" \/><\/a><figcaption id=\"caption-attachment-39823\" class=\"wp-caption-text\">Este es el afiche promocional del evento que se inicia hoy y culmina este domingo.<\/figcaption><\/figure>\n<p><strong>PUTAENDO.<\/strong>&#8211; Motoqueros de todo el pa\u00eds y el extranjero se reunir\u00e1n por segundo a\u00f1o consecutivo en la comuna de Putaendo. El lugar escogido esta vez ser\u00e1 la medialuna comunal, donde se llevar\u00e1 a cabo el 2do Encuentro Nacional e Internacional: \u2018Esp\u00edritu y Tradici\u00f3n Motoquera\u2019, organizado por la agrupaci\u00f3n \u2018Truenos Putaendo\u2019 y patrocinado por el municipio de esta comuna.<\/p>\n<p>Pese a que el encuentro es exclusivo para los motoqueros inscritos en esta actividad, la agrupaci\u00f3n confirm\u00f3 que dentro del programa est\u00e1 considerada una actividad para la comunidad a realizarse al mediod\u00eda (12:00 horas), de este s\u00e1bado 23 de noviembre en la plaza Prat de Putaendo. \u201cEn la ocasi\u00f3n realizaremos una peque\u00f1a ceremonia y exhibici\u00f3n de nuestras motos, adem\u00e1s, quienes gusten podr\u00e1n disfrutar de peque\u00f1os paseos por la plaza\u201d, cont\u00f3 la organizadora de la actividad, M\u00f3nica Vilches, quien agradeci\u00f3 el apoyo del Alcalde Guillermo Reyes en dicho encuentro.<\/p>\n<p>Este segundo encuentro nacional e internacional reunir\u00e1 por tres d\u00edas a cientos de motoqueros de varias regiones y pa\u00edses latinoamericanos, quienes realizar\u00e1n una serie de actividades propias del mundo de las motos en la medialuna comunal, disfrutando de un evento que ya se proyecta como el gran acontecimiento motoquero de la regi\u00f3n.<\/p>\n<p>&nbsp;<\/p>\n","protected":false},"excerpt":{"rendered":"<p>PUTAENDO.&#8211; Motoqueros de todo el pa\u00eds y el extranjero se reunir\u00e1n por segundo a\u00f1o consecutivo en la comuna de Putaendo. El lugar escogido esta vez ser\u00e1 la medialuna comunal, donde se llevar\u00e1&#8230;<\/p>\n","protected":false},"author":482,"featured_media":39823,"comment_status":"open","ping_status":"closed","sticky":false,"template":"","format":"standard","meta":{"advanced_seo_description":"","jetpack_seo_html_title":"","jetpack_seo_noindex":false,"_jetpack_memberships_contains_paid_content":false,"footnotes":""},"categories":[1],"tags":[],"class_list":["post-39822","post","type-post","status-publish","format-standard","has-post-thumbnail","hentry","category-cronica"],"jetpack_featured_media_url":"https:\/\/i0.wp.com\/eltrabajo.cl\/portal\/wp-content\/uploads\/2013\/11\/encuentro-motoqueros.jpg?fit=528%2C340&ssl=1","jetpack_sharing_enabled":true,"jetpack_likes_enabled":true,"jetpack-related-posts":[],"_links":{"self":[{"href":"https:\/\/eltrabajo.cl\/portal\/wp-json\/wp\/v2\/posts\/39822","targetHints":{"allow":["GET"]}}],"collection":[{"href":"https:\/\/eltrabajo.cl\/portal\/wp-json\/wp\/v2\/posts"}],"about":[{"href":"https:\/\/eltrabajo.cl\/portal\/wp-json\/wp\/v2\/types\/post"}],"author":[{"embeddable":true,"href":"https:\/\/eltrabajo.cl\/portal\/wp-json\/wp\/v2\/users\/482"}],"replies":[{"embeddable":true,"href":"https:\/\/eltrabajo.cl\/portal\/wp-json\/wp\/v2\/comments?post=39822"}],"version-history":[{"count":0,"href":"https:\/\/eltrabajo.cl\/portal\/wp-json\/wp\/v2\/posts\/39822\/revisions"}],"wp:featuredmedia":[{"embeddable":true,"href":"https:\/\/eltrabajo.cl\/portal\/wp-json\/wp\/v2\/media\/39823"}],"wp:attachment":[{"href":"https:\/\/eltrabajo.cl\/portal\/wp-json\/wp\/v2\/media?parent=39822"}],"wp:term":[{"taxonomy":"category","embeddable":true,"href":"https:\/\/eltrabajo.cl\/portal\/wp-json\/wp\/v2\/categories?post=39822"},{"taxonomy":"post_tag","embeddable":true,"href":"https:\/\/eltrabajo.cl\/portal\/wp-json\/wp\/v2\/tags?post=39822"}],"curies":[{"name":"wp","href":"https:\/\/api.w.org\/{rel}","templated":true}]}}