{"id":39825,"date":"2013-11-22T09:44:35","date_gmt":"2013-11-22T12:44:35","guid":{"rendered":"http:\/\/www.eltrabajo.cl\/portal\/?p=39825"},"modified":"2013-11-22T09:44:35","modified_gmt":"2013-11-22T12:44:35","slug":"el-sabado-municipalidad-retirara-basura-en-sectores-rurales-de-putaendo","status":"publish","type":"post","link":"https:\/\/eltrabajo.cl\/portal\/el-sabado-municipalidad-retirara-basura-en-sectores-rurales-de-putaendo\/","title":{"rendered":"El s\u00e1bado Municipalidad retirar\u00e1 basura en sectores rurales de Putaendo"},"content":{"rendered":"<figure id=\"attachment_39826\" aria-describedby=\"caption-attachment-39826\" style=\"width: 529px\" class=\"wp-caption alignnone\"><a href=\"https:\/\/i0.wp.com\/www.eltrabajo.cl\/portal\/wp-content\/uploads\/2013\/11\/basura-putaendo-1.jpg\"><img data-recalc-dims=\"1\" loading=\"lazy\" decoding=\"async\" class=\"size-full wp-image-39826\" title=\"La gran acumulaci\u00f3n de basura por lo extenso del paro de los municipales, motiv\u00f3 una recolecci\u00f3n extra el pr\u00f3ximo s\u00e1bado en varios sectores rurales de Putaendo.\" alt=\"La gran acumulaci\u00f3n de basura por lo extenso del paro de los municipales, motiv\u00f3 una recolecci\u00f3n extra el pr\u00f3ximo s\u00e1bado en varios sectores rurales de Putaendo.\" src=\"https:\/\/i0.wp.com\/www.eltrabajo.cl\/portal\/wp-content\/uploads\/2013\/11\/basura-putaendo-1.jpg?resize=529%2C310\" width=\"529\" height=\"310\" srcset=\"https:\/\/i0.wp.com\/eltrabajo.cl\/portal\/wp-content\/uploads\/2013\/11\/basura-putaendo-1.jpg?w=529&amp;ssl=1 529w, https:\/\/i0.wp.com\/eltrabajo.cl\/portal\/wp-content\/uploads\/2013\/11\/basura-putaendo-1.jpg?resize=200%2C117&amp;ssl=1 200w, https:\/\/i0.wp.com\/eltrabajo.cl\/portal\/wp-content\/uploads\/2013\/11\/basura-putaendo-1.jpg?resize=300%2C175&amp;ssl=1 300w, https:\/\/i0.wp.com\/eltrabajo.cl\/portal\/wp-content\/uploads\/2013\/11\/basura-putaendo-1.jpg?resize=150%2C87&amp;ssl=1 150w, https:\/\/i0.wp.com\/eltrabajo.cl\/portal\/wp-content\/uploads\/2013\/11\/basura-putaendo-1.jpg?resize=400%2C234&amp;ssl=1 400w\" sizes=\"auto, (max-width: 529px) 100vw, 529px\" \/><\/a><figcaption id=\"caption-attachment-39826\" class=\"wp-caption-text\">La gran acumulaci\u00f3n de basura por lo extenso del paro de los municipales, motiv\u00f3 una recolecci\u00f3n extra el pr\u00f3ximo s\u00e1bado en varios sectores rurales de Putaendo.<\/figcaption><\/figure>\n<p><strong>PUTAENDO.<\/strong>&#8211; La Municipalidad de Putaendo confirm\u00f3 que debido a la gran acumulaci\u00f3n de basura por lo extenso del paro de los funcionarios municipales, se realizar\u00e1 una recolecci\u00f3n de residuos domiciliarios el pr\u00f3ximo s\u00e1bado en varios sectores rurales de Putaendo.<\/p>\n<p>Jorge Reyes, Director de Obras del municipio, confirm\u00f3 que ya han retirado basura en La Orilla, Tabolango, Las Coimas, Granallas, Quebrada Herrera, Ej\u00e9rcito Libertador y la parte urbana de la comuna, sin embargo, por la gran acumulaci\u00f3n de basura, el retiro ha demorado m\u00e1s de lo presupuestado y no han alcanzado a cubrir otras zonas de Putaendo.<\/p>\n<p>Por esta raz\u00f3n, el Director de Obras indic\u00f3 que el pr\u00f3ximo s\u00e1bado retirar\u00e1n basura en los sectores Sahond\u00e9, Villa Los Olivos, Graciela Letelier, Calle Brasil, Piguch\u00e9n, Vicu\u00f1a, Guzmanes, El T\u00e1rtaro, Casablanca, Los Patos y Poblaci\u00f3n Hidalgo, adem\u00e1s se volver\u00e1 a recorrer el Cerro El Llano, mientras que para este viernes se realizar\u00e1 el retiro normal en la parte urbana de la comuna.<\/p>\n<p>Patricio Gallardo M.<\/p>\n<p>&nbsp;<\/p>\n","protected":false},"excerpt":{"rendered":"<p>PUTAENDO.&#8211; La Municipalidad de Putaendo confirm\u00f3 que debido a la gran acumulaci\u00f3n de basura por lo extenso del paro de los funcionarios municipales, se realizar\u00e1 una recolecci\u00f3n de residuos domiciliarios el pr\u00f3ximo&#8230;<\/p>\n","protected":false},"author":482,"featured_media":39826,"comment_status":"open","ping_status":"closed","sticky":false,"template":"","format":"standard","meta":{"advanced_seo_description":"","jetpack_seo_html_title":"","jetpack_seo_noindex":false,"_jetpack_memberships_contains_paid_content":false,"footnotes":""},"categories":[1],"tags":[],"class_list":["post-39825","post","type-post","status-publish","format-standard","has-post-thumbnail","hentry","category-cronica"],"jetpack_featured_media_url":"https:\/\/i0.wp.com\/eltrabajo.cl\/portal\/wp-content\/uploads\/2013\/11\/basura-putaendo-1.jpg?fit=529%2C310&ssl=1","jetpack_sharing_enabled":true,"jetpack_likes_enabled":true,"jetpack-related-posts":[],"_links":{"self":[{"href":"https:\/\/eltrabajo.cl\/portal\/wp-json\/wp\/v2\/posts\/39825","targetHints":{"allow":["GET"]}}],"collection":[{"href":"https:\/\/eltrabajo.cl\/portal\/wp-json\/wp\/v2\/posts"}],"about":[{"href":"https:\/\/eltrabajo.cl\/portal\/wp-json\/wp\/v2\/types\/post"}],"author":[{"embeddable":true,"href":"https:\/\/eltrabajo.cl\/portal\/wp-json\/wp\/v2\/users\/482"}],"replies":[{"embeddable":true,"href":"https:\/\/eltrabajo.cl\/portal\/wp-json\/wp\/v2\/comments?post=39825"}],"version-history":[{"count":0,"href":"https:\/\/eltrabajo.cl\/portal\/wp-json\/wp\/v2\/posts\/39825\/revisions"}],"wp:featuredmedia":[{"embeddable":true,"href":"https:\/\/eltrabajo.cl\/portal\/wp-json\/wp\/v2\/media\/39826"}],"wp:attachment":[{"href":"https:\/\/eltrabajo.cl\/portal\/wp-json\/wp\/v2\/media?parent=39825"}],"wp:term":[{"taxonomy":"category","embeddable":true,"href":"https:\/\/eltrabajo.cl\/portal\/wp-json\/wp\/v2\/categories?post=39825"},{"taxonomy":"post_tag","embeddable":true,"href":"https:\/\/eltrabajo.cl\/portal\/wp-json\/wp\/v2\/tags?post=39825"}],"curies":[{"name":"wp","href":"https:\/\/api.w.org\/{rel}","templated":true}]}}