{"id":39828,"date":"2013-11-22T09:45:46","date_gmt":"2013-11-22T12:45:46","guid":{"rendered":"http:\/\/www.eltrabajo.cl\/portal\/?p=39828"},"modified":"2013-11-22T09:45:46","modified_gmt":"2013-11-22T12:45:46","slug":"alcalde-freire-pide-recursos-al-mop-para-mejorar-nuevo-acceso-a-san-felipe","status":"publish","type":"post","link":"https:\/\/eltrabajo.cl\/portal\/alcalde-freire-pide-recursos-al-mop-para-mejorar-nuevo-acceso-a-san-felipe\/","title":{"rendered":"Alcalde Freire pide recursos al MOP para mejorar nuevo acceso a San Felipe"},"content":{"rendered":"<figure id=\"attachment_39829\" aria-describedby=\"caption-attachment-39829\" style=\"width: 529px\" class=\"wp-caption alignnone\"><a href=\"https:\/\/i0.wp.com\/www.eltrabajo.cl\/portal\/wp-content\/uploads\/2013\/11\/reunion-seremi-mop.jpg\"><img data-recalc-dims=\"1\" loading=\"lazy\" decoding=\"async\" class=\"size-full wp-image-39829\" title=\"El Alcalde Patricio Freire junto al Diputado N\u00fa\u00f1ez se reunieron al mediod\u00eda de ayer en Valpara\u00edso con el Seremi de Obras P\u00fablicas, Pedro Sariego.\" alt=\"El Alcalde Patricio Freire junto al Diputado N\u00fa\u00f1ez se reunieron al mediod\u00eda de ayer en Valpara\u00edso con el Seremi de Obras P\u00fablicas, Pedro Sariego.\" src=\"https:\/\/i0.wp.com\/www.eltrabajo.cl\/portal\/wp-content\/uploads\/2013\/11\/reunion-seremi-mop.jpg?resize=529%2C352\" width=\"529\" height=\"352\" srcset=\"https:\/\/i0.wp.com\/eltrabajo.cl\/portal\/wp-content\/uploads\/2013\/11\/reunion-seremi-mop.jpg?w=529&amp;ssl=1 529w, https:\/\/i0.wp.com\/eltrabajo.cl\/portal\/wp-content\/uploads\/2013\/11\/reunion-seremi-mop.jpg?resize=200%2C133&amp;ssl=1 200w, https:\/\/i0.wp.com\/eltrabajo.cl\/portal\/wp-content\/uploads\/2013\/11\/reunion-seremi-mop.jpg?resize=300%2C199&amp;ssl=1 300w, https:\/\/i0.wp.com\/eltrabajo.cl\/portal\/wp-content\/uploads\/2013\/11\/reunion-seremi-mop.jpg?resize=150%2C99&amp;ssl=1 150w, https:\/\/i0.wp.com\/eltrabajo.cl\/portal\/wp-content\/uploads\/2013\/11\/reunion-seremi-mop.jpg?resize=400%2C266&amp;ssl=1 400w\" sizes=\"auto, (max-width: 529px) 100vw, 529px\" \/><\/a><figcaption id=\"caption-attachment-39829\" class=\"wp-caption-text\">El Alcalde Patricio Freire junto al Diputado N\u00fa\u00f1ez se reunieron al mediod\u00eda de ayer en Valpara\u00edso con el Seremi de Obras P\u00fablicas, Pedro Sariego.<\/figcaption><\/figure>\n<ul>\n<li><strong>Esto debido a que de acuerdo a la programaci\u00f3n del MOP, el grueso de los recursos estar\u00edan disponibles el 2015, lo que gener\u00f3 preocupaci\u00f3n del jefe comunal por la importancia de la ruta.<\/strong><\/li>\n<\/ul>\n<p>Con el objetivo de solicitar que la inversi\u00f3n y el inicio de las obras de la ruta E-81, conocida como Cherc\u00e1n Tapia, se realice el a\u00f1o 2014, el Alcalde Patricio Freire, acompa\u00f1ado del Diputado Marco Antonio N\u00fa\u00f1ez y el jefe de Secpla de la Municipalidad, Claudio Paredes, se reuni\u00f3 con el Seremi de Obras P\u00fablicas, Pedro Sariego.<\/p>\n<p>La reuni\u00f3n se realiz\u00f3 a mediod\u00eda en Valpara\u00edso y ten\u00eda como objetivo plantear la preocupaci\u00f3n de la autoridad municipal y la urgencia de comenzar el a\u00f1o 2014 los trabajos que permitan contar con una arteria con todas las condiciones t\u00e9cnicas para recibir el alto tr\u00e1nsito que presenta actualmente Cherc\u00e1n Tapia, al tratarse de una calle de conectividad entre la nueva entrada a la comuna de San Felipe y Tocornal.<\/p>\n<p>El proyecto se encuentra aprobado t\u00e9cnicamente por el Ministerio de Obras P\u00fablicas, por un valor de 1.265 millones de pesos, y precisamente lo que solicit\u00f3 el Alcalde Freire es que esa inversi\u00f3n se adelante para el a\u00f1o 2014.<\/p>\n<p>Seg\u00fan explic\u00f3 el Alcalde Patricio Freire, de acuerdo a un informe emanado desde el Ministerio de Obras P\u00fablicas, algunos de los trabajos comenzar\u00edan el a\u00f1o 2014, pero el grueso de las obras y la inversi\u00f3n m\u00e1s fuerte se realizar\u00edan al a\u00f1o siguiente, una situaci\u00f3n que gener\u00f3 preocupaci\u00f3n en la autoridad por tratarse de una arteria de suma importancia para la comuna, por ello pidi\u00f3 que la obra se inicie y se ejecute el pr\u00f3ximo a\u00f1o.<\/p>\n<p>\u201cEn la calle Cherc\u00e1n Tapia, por la conectividad que significa, y por el alto flujo de veh\u00edculos que se registra diariamente, es muy importante que se comience con el proyecto para su mejoramiento y no podemos postergar al 2015 un proyecto tan emblem\u00e1tico para la ciudad como ese\u201d, dijo el Alcalde Freire.<\/p>\n<p>Al t\u00e9rmino de la reuni\u00f3n, las autoridades acordaron reunirse en Santiago con el director nacional de Vialidad, con el objetivo de apurar los recursos y que el proyecto comience a ejecutarse el a\u00f1o 2014.<\/p>\n<p>El jefe de Secpla, Claudio Paredes, record\u00f3 que el proyecto contempla ampliar la ruta a una doble calzada y una pavimentaci\u00f3n asf\u00e1ltica de sobre 700 metros, lo que permitir\u00eda tener un flujo vehicular alto en este sector, que actualmente es la entrada principal a San Felipe.<\/p>\n<p>&nbsp;<\/p>\n","protected":false},"excerpt":{"rendered":"<p>Esto debido a que de acuerdo a la programaci\u00f3n del MOP, el grueso de los recursos estar\u00edan disponibles el 2015, lo que gener\u00f3 preocupaci\u00f3n del jefe comunal por la importancia de la&#8230;<\/p>\n","protected":false},"author":482,"featured_media":39829,"comment_status":"open","ping_status":"closed","sticky":false,"template":"","format":"standard","meta":{"advanced_seo_description":"","jetpack_seo_html_title":"","jetpack_seo_noindex":false,"_jetpack_memberships_contains_paid_content":false,"footnotes":""},"categories":[1],"tags":[],"class_list":["post-39828","post","type-post","status-publish","format-standard","has-post-thumbnail","hentry","category-cronica"],"jetpack_featured_media_url":"https:\/\/i0.wp.com\/eltrabajo.cl\/portal\/wp-content\/uploads\/2013\/11\/reunion-seremi-mop.jpg?fit=529%2C352&ssl=1","jetpack_sharing_enabled":true,"jetpack_likes_enabled":true,"jetpack-related-posts":[],"_links":{"self":[{"href":"https:\/\/eltrabajo.cl\/portal\/wp-json\/wp\/v2\/posts\/39828","targetHints":{"allow":["GET"]}}],"collection":[{"href":"https:\/\/eltrabajo.cl\/portal\/wp-json\/wp\/v2\/posts"}],"about":[{"href":"https:\/\/eltrabajo.cl\/portal\/wp-json\/wp\/v2\/types\/post"}],"author":[{"embeddable":true,"href":"https:\/\/eltrabajo.cl\/portal\/wp-json\/wp\/v2\/users\/482"}],"replies":[{"embeddable":true,"href":"https:\/\/eltrabajo.cl\/portal\/wp-json\/wp\/v2\/comments?post=39828"}],"version-history":[{"count":0,"href":"https:\/\/eltrabajo.cl\/portal\/wp-json\/wp\/v2\/posts\/39828\/revisions"}],"wp:featuredmedia":[{"embeddable":true,"href":"https:\/\/eltrabajo.cl\/portal\/wp-json\/wp\/v2\/media\/39829"}],"wp:attachment":[{"href":"https:\/\/eltrabajo.cl\/portal\/wp-json\/wp\/v2\/media?parent=39828"}],"wp:term":[{"taxonomy":"category","embeddable":true,"href":"https:\/\/eltrabajo.cl\/portal\/wp-json\/wp\/v2\/categories?post=39828"},{"taxonomy":"post_tag","embeddable":true,"href":"https:\/\/eltrabajo.cl\/portal\/wp-json\/wp\/v2\/tags?post=39828"}],"curies":[{"name":"wp","href":"https:\/\/api.w.org\/{rel}","templated":true}]}}