{"id":39836,"date":"2013-11-22T09:50:02","date_gmt":"2013-11-22T12:50:02","guid":{"rendered":"http:\/\/www.eltrabajo.cl\/portal\/?p=39836"},"modified":"2013-11-22T09:50:02","modified_gmt":"2013-11-22T12:50:02","slug":"ayer-llay-llay-marco-temperatura-mas-alta-del-pais-con-388o-c","status":"publish","type":"post","link":"https:\/\/eltrabajo.cl\/portal\/ayer-llay-llay-marco-temperatura-mas-alta-del-pais-con-388o-c\/","title":{"rendered":"Ayer Llay Llay marc\u00f3 temperatura m\u00e1s alta del pa\u00eds con 38,8\u00ba C"},"content":{"rendered":"<figure id=\"attachment_39837\" aria-describedby=\"caption-attachment-39837\" style=\"width: 528px\" class=\"wp-caption alignnone\"><a href=\"https:\/\/i0.wp.com\/www.eltrabajo.cl\/portal\/wp-content\/uploads\/2013\/11\/cecilia-bustos.jpg\"><img data-recalc-dims=\"1\" loading=\"lazy\" decoding=\"async\" class=\"size-full wp-image-39837\" title=\"Cecilia Bustos y su peque\u00f1o hijo \u2018M\u00e1ximo\u2019, encontraron alivio al intenso calor que sent\u00edan ayer en la pileta de la plaza de armas en San Felipe.\" alt=\"Cecilia Bustos y su peque\u00f1o hijo \u2018M\u00e1ximo\u2019, encontraron alivio al intenso calor que sent\u00edan ayer en la pileta de la plaza de armas en San Felipe.\" src=\"https:\/\/i0.wp.com\/www.eltrabajo.cl\/portal\/wp-content\/uploads\/2013\/11\/cecilia-bustos.jpg?resize=528%2C349\" width=\"528\" height=\"349\" srcset=\"https:\/\/i0.wp.com\/eltrabajo.cl\/portal\/wp-content\/uploads\/2013\/11\/cecilia-bustos.jpg?w=528&amp;ssl=1 528w, https:\/\/i0.wp.com\/eltrabajo.cl\/portal\/wp-content\/uploads\/2013\/11\/cecilia-bustos.jpg?resize=200%2C132&amp;ssl=1 200w, https:\/\/i0.wp.com\/eltrabajo.cl\/portal\/wp-content\/uploads\/2013\/11\/cecilia-bustos.jpg?resize=300%2C198&amp;ssl=1 300w, https:\/\/i0.wp.com\/eltrabajo.cl\/portal\/wp-content\/uploads\/2013\/11\/cecilia-bustos.jpg?resize=150%2C99&amp;ssl=1 150w, https:\/\/i0.wp.com\/eltrabajo.cl\/portal\/wp-content\/uploads\/2013\/11\/cecilia-bustos.jpg?resize=400%2C264&amp;ssl=1 400w\" sizes=\"auto, (max-width: 528px) 100vw, 528px\" \/><\/a><figcaption id=\"caption-attachment-39837\" class=\"wp-caption-text\">Cecilia Bustos y su peque\u00f1o hijo \u2018M\u00e1ximo\u2019, encontraron alivio al intenso calor que sent\u00edan ayer en la pileta de la plaza de armas en San Felipe.<\/figcaption><\/figure>\n<p>Las altas temperaturas que durante este jueves se sintieron en la mayor parte del pa\u00eds en verdad que pusieron en apuros a peque\u00f1os y grandes en nuestra provincia. Seg\u00fan reportes oficiales sobre el clima de ayer, fue en Llay Llay donde se registraron 38,8\u00ba, la m\u00e1s alta de Chile en esta primavera, contrastando considerablemente con la frescura que siempre hay en la ciudad del Viento-Viento.<\/p>\n<p>En Catemu hubo temperaturas de hasta 34,7\u00ba, otros registros apuntan que en Curim\u00f3n hubo 34.4\u00ba; Putaendo 33.9\u00ba; San Esteban 32.9\u00ba, mientras que la radiaci\u00f3n solar fue bastante alta. Otras cifras que es bueno considerar que en Santa Mar\u00eda hubo 37.4\u00ba; en San Felipe 36.5\u00ba; en Rinconada 35.4\u00ba; en Calle Larga 35.1\u00ba y en Panquehue 34.7\u00ba.<\/p>\n<p>Las cifras fueron reportadas a Diario El Trabajo por el experimentado \u2018Hombre del Clima\u2019, Manuel Vicencio, quien desde hace una d\u00e9cada lleva registros del comportamiento del clima en nuestro pa\u00eds.<\/p>\n<p>\u00abHay que tener mucho cuidado con el sol, cualquier da\u00f1o en la piel o en los ojos podr\u00eda ser irreversible, hay que aplicarse crema bronceadora y buscar refugio en la sombra, estos calores no son normales\u00bb, se\u00f1al\u00f3 Vicencio. Para hoy viernes se esperan temperaturas muy similares, pero con tendencias a bajar.<\/p>\n<p>&nbsp;<\/p>\n","protected":false},"excerpt":{"rendered":"<p>Las altas temperaturas que durante este jueves se sintieron en la mayor parte del pa\u00eds en verdad que pusieron en apuros a peque\u00f1os y grandes en nuestra provincia. Seg\u00fan reportes oficiales sobre&#8230;<\/p>\n","protected":false},"author":482,"featured_media":39837,"comment_status":"open","ping_status":"closed","sticky":false,"template":"","format":"standard","meta":{"advanced_seo_description":"","jetpack_seo_html_title":"","jetpack_seo_noindex":false,"_jetpack_memberships_contains_paid_content":false,"footnotes":""},"categories":[15],"tags":[],"class_list":["post-39836","post","type-post","status-publish","format-standard","has-post-thumbnail","hentry","category-comunidad"],"jetpack_featured_media_url":"https:\/\/i0.wp.com\/eltrabajo.cl\/portal\/wp-content\/uploads\/2013\/11\/cecilia-bustos.jpg?fit=528%2C349&ssl=1","jetpack_sharing_enabled":true,"jetpack_likes_enabled":true,"jetpack-related-posts":[],"_links":{"self":[{"href":"https:\/\/eltrabajo.cl\/portal\/wp-json\/wp\/v2\/posts\/39836","targetHints":{"allow":["GET"]}}],"collection":[{"href":"https:\/\/eltrabajo.cl\/portal\/wp-json\/wp\/v2\/posts"}],"about":[{"href":"https:\/\/eltrabajo.cl\/portal\/wp-json\/wp\/v2\/types\/post"}],"author":[{"embeddable":true,"href":"https:\/\/eltrabajo.cl\/portal\/wp-json\/wp\/v2\/users\/482"}],"replies":[{"embeddable":true,"href":"https:\/\/eltrabajo.cl\/portal\/wp-json\/wp\/v2\/comments?post=39836"}],"version-history":[{"count":0,"href":"https:\/\/eltrabajo.cl\/portal\/wp-json\/wp\/v2\/posts\/39836\/revisions"}],"wp:featuredmedia":[{"embeddable":true,"href":"https:\/\/eltrabajo.cl\/portal\/wp-json\/wp\/v2\/media\/39837"}],"wp:attachment":[{"href":"https:\/\/eltrabajo.cl\/portal\/wp-json\/wp\/v2\/media?parent=39836"}],"wp:term":[{"taxonomy":"category","embeddable":true,"href":"https:\/\/eltrabajo.cl\/portal\/wp-json\/wp\/v2\/categories?post=39836"},{"taxonomy":"post_tag","embeddable":true,"href":"https:\/\/eltrabajo.cl\/portal\/wp-json\/wp\/v2\/tags?post=39836"}],"curies":[{"name":"wp","href":"https:\/\/api.w.org\/{rel}","templated":true}]}}