{"id":39852,"date":"2013-11-25T08:57:58","date_gmt":"2013-11-25T11:57:58","guid":{"rendered":"http:\/\/www.eltrabajo.cl\/portal\/?p=39852"},"modified":"2013-11-25T08:57:58","modified_gmt":"2013-11-25T11:57:58","slug":"con-masivo-acto-civico-militar-celebran-122-anos-de-santa-maria","status":"publish","type":"post","link":"https:\/\/eltrabajo.cl\/portal\/con-masivo-acto-civico-militar-celebran-122-anos-de-santa-maria\/","title":{"rendered":"Con masivo acto c\u00edvico militar celebran 122 a\u00f1os de Santa Mar\u00eda"},"content":{"rendered":"<figure id=\"attachment_39853\" aria-describedby=\"caption-attachment-39853\" style=\"width: 528px\" class=\"wp-caption alignnone\"><a href=\"https:\/\/i0.wp.com\/www.eltrabajo.cl\/portal\/wp-content\/uploads\/2013\/11\/circo-teatro.jpg\"><img data-recalc-dims=\"1\" loading=\"lazy\" decoding=\"async\" class=\"size-full wp-image-39853\" title=\"Durante el desfile, una de las principales atracciones fue la Escuela de Circo-Teatro, que deslumbr\u00f3 con sus creaciones.\" alt=\"Durante el desfile, una de las principales atracciones fue la Escuela de Circo-Teatro, que deslumbr\u00f3 con sus creaciones.\" src=\"https:\/\/i0.wp.com\/www.eltrabajo.cl\/portal\/wp-content\/uploads\/2013\/11\/circo-teatro.jpg?resize=528%2C306\" width=\"528\" height=\"306\" srcset=\"https:\/\/i0.wp.com\/eltrabajo.cl\/portal\/wp-content\/uploads\/2013\/11\/circo-teatro.jpg?w=528&amp;ssl=1 528w, https:\/\/i0.wp.com\/eltrabajo.cl\/portal\/wp-content\/uploads\/2013\/11\/circo-teatro.jpg?resize=200%2C115&amp;ssl=1 200w, https:\/\/i0.wp.com\/eltrabajo.cl\/portal\/wp-content\/uploads\/2013\/11\/circo-teatro.jpg?resize=300%2C173&amp;ssl=1 300w, https:\/\/i0.wp.com\/eltrabajo.cl\/portal\/wp-content\/uploads\/2013\/11\/circo-teatro.jpg?resize=150%2C86&amp;ssl=1 150w, https:\/\/i0.wp.com\/eltrabajo.cl\/portal\/wp-content\/uploads\/2013\/11\/circo-teatro.jpg?resize=400%2C231&amp;ssl=1 400w\" sizes=\"auto, (max-width: 528px) 100vw, 528px\" \/><\/a><figcaption id=\"caption-attachment-39853\" class=\"wp-caption-text\">Durante el desfile, una de las principales atracciones fue la Escuela de Circo-Teatro, que deslumbr\u00f3 con sus creaciones.<\/figcaption><\/figure>\n<p>Con un masivo acto c\u00edvico-militar, el que cont\u00f3 con la asistencia multitudinaria de p\u00fablico, as\u00ed como de autoridades provinciales y comunales, se inici\u00f3 la celebraci\u00f3n de los 122 a\u00f1os de la comuna de Santa Mar\u00eda.<\/p>\n<figure id=\"attachment_39854\" aria-describedby=\"caption-attachment-39854\" style=\"width: 423px\" class=\"wp-caption alignleft\"><a href=\"https:\/\/i0.wp.com\/www.eltrabajo.cl\/portal\/wp-content\/uploads\/2013\/11\/motoqueros.jpg\"><img data-recalc-dims=\"1\" loading=\"lazy\" decoding=\"async\" class=\" wp-image-39854 \" title=\"Los motoqueros entregaron un reconocimiento al Alcalde Claudio Zurita, en el marco de este nuevo aniversario de la comuna.\" alt=\"Los motoqueros entregaron un reconocimiento al Alcalde Claudio Zurita, en el marco de este nuevo aniversario de la comuna.\" src=\"https:\/\/i0.wp.com\/www.eltrabajo.cl\/portal\/wp-content\/uploads\/2013\/11\/motoqueros.jpg?resize=423%2C238\" width=\"423\" height=\"238\" srcset=\"https:\/\/i0.wp.com\/eltrabajo.cl\/portal\/wp-content\/uploads\/2013\/11\/motoqueros.jpg?w=529&amp;ssl=1 529w, https:\/\/i0.wp.com\/eltrabajo.cl\/portal\/wp-content\/uploads\/2013\/11\/motoqueros.jpg?resize=200%2C112&amp;ssl=1 200w, https:\/\/i0.wp.com\/eltrabajo.cl\/portal\/wp-content\/uploads\/2013\/11\/motoqueros.jpg?resize=300%2C168&amp;ssl=1 300w, https:\/\/i0.wp.com\/eltrabajo.cl\/portal\/wp-content\/uploads\/2013\/11\/motoqueros.jpg?resize=150%2C84&amp;ssl=1 150w, https:\/\/i0.wp.com\/eltrabajo.cl\/portal\/wp-content\/uploads\/2013\/11\/motoqueros.jpg?resize=400%2C225&amp;ssl=1 400w\" sizes=\"auto, (max-width: 423px) 100vw, 423px\" \/><\/a><figcaption id=\"caption-attachment-39854\" class=\"wp-caption-text\">Los motoqueros entregaron un reconocimiento al Alcalde Claudio Zurita, en el marco de este nuevo aniversario de la comuna.<\/figcaption><\/figure>\n<p>La actividad fue encabezada por el Alcalde Claudio Zurita y la Gobernadora Patricia Boffa, oportunidad en la que despu\u00e9s de la entrega de reconocimientos y discursos, se procedi\u00f3 al desfile de honor en homenaje a la ciudad, ocasi\u00f3n en la que participaron no solo los establecimientos educacionales, sino tambi\u00e9n los representantes de las fuerzas vivas de la ciudad.<\/p>\n<p>En la oportunidad, Zurita manifest\u00f3 que \u00abestamos muy contentos por la participaci\u00f3n de la gente, este es un homenaje a la comuna y la gente est\u00e1 muy satisfecha por el trabajo que hemos hecho\u00bb.<\/p>\n<p>La autoridad manifest\u00f3 que el aniversario de Santa Mar\u00eda es oficialmente el 22 de diciembre, pero se decidi\u00f3 realizar el acto c\u00edvico militar ayer, como una manera de integrar a los alumnos y alumnas de los distintos establecimientos educacionales.<\/p>\n<figure id=\"attachment_39855\" aria-describedby=\"caption-attachment-39855\" style=\"width: 423px\" class=\"wp-caption alignright\"><a href=\"https:\/\/i0.wp.com\/www.eltrabajo.cl\/portal\/wp-content\/uploads\/2013\/11\/chicha-en-cacho.jpg\"><img data-recalc-dims=\"1\" loading=\"lazy\" decoding=\"async\" class=\"wp-image-39855 \" title=\"La Gobernadora Boffa y el Alcalde Zurita, disfrutan de la chicha en cacho, ofrecida por los huasos al t\u00e9rmino del acto.\" alt=\"La Gobernadora Boffa y el Alcalde Zurita, disfrutan de la chicha en cacho, ofrecida por los huasos al t\u00e9rmino del acto.\" src=\"https:\/\/i0.wp.com\/www.eltrabajo.cl\/portal\/wp-content\/uploads\/2013\/11\/chicha-en-cacho.jpg?resize=423%2C282\" width=\"423\" height=\"282\" srcset=\"https:\/\/i0.wp.com\/eltrabajo.cl\/portal\/wp-content\/uploads\/2013\/11\/chicha-en-cacho.jpg?w=529&amp;ssl=1 529w, https:\/\/i0.wp.com\/eltrabajo.cl\/portal\/wp-content\/uploads\/2013\/11\/chicha-en-cacho.jpg?resize=200%2C133&amp;ssl=1 200w, https:\/\/i0.wp.com\/eltrabajo.cl\/portal\/wp-content\/uploads\/2013\/11\/chicha-en-cacho.jpg?resize=300%2C200&amp;ssl=1 300w, https:\/\/i0.wp.com\/eltrabajo.cl\/portal\/wp-content\/uploads\/2013\/11\/chicha-en-cacho.jpg?resize=150%2C100&amp;ssl=1 150w, https:\/\/i0.wp.com\/eltrabajo.cl\/portal\/wp-content\/uploads\/2013\/11\/chicha-en-cacho.jpg?resize=400%2C266&amp;ssl=1 400w\" sizes=\"auto, (max-width: 423px) 100vw, 423px\" \/><\/a><figcaption id=\"caption-attachment-39855\" class=\"wp-caption-text\">La Gobernadora Boffa y el Alcalde Zurita, disfrutan de la chicha en cacho, ofrecida por los huasos al t\u00e9rmino del acto.<\/figcaption><\/figure>\n<p>Consultado por los desaf\u00edos de la municipalidad en este nuevo cumplea\u00f1os de la comuna, dijo que \u201cson muchos, pero queremos por ejemplo hacer la medialuna comunal de Santa Mar\u00eda, el estadio de Santa Filomena, continuar con la pavimentaci\u00f3n de calles, mejorar todo el alumbrado p\u00fablico, que son cosas que estoy seguro que lograremos realizar\u00bb. En tanto, la Gobernadora Boffa destac\u00f3 los logros que se han conseguido en la comuna, relevando en este sentido el trabajo coordinado del municipio, el gobierno y el Gobierno Regional.<\/p>\n","protected":false},"excerpt":{"rendered":"<p>Con un masivo acto c\u00edvico-militar, el que cont\u00f3 con la asistencia multitudinaria de p\u00fablico, as\u00ed como de autoridades provinciales y comunales, se inici\u00f3 la celebraci\u00f3n de los 122 a\u00f1os de la comuna&#8230;<\/p>\n","protected":false},"author":482,"featured_media":39853,"comment_status":"open","ping_status":"closed","sticky":false,"template":"","format":"standard","meta":{"advanced_seo_description":"","jetpack_seo_html_title":"","jetpack_seo_noindex":false,"_jetpack_memberships_contains_paid_content":false,"footnotes":""},"categories":[15],"tags":[],"class_list":["post-39852","post","type-post","status-publish","format-standard","has-post-thumbnail","hentry","category-comunidad"],"jetpack_featured_media_url":"https:\/\/i0.wp.com\/eltrabajo.cl\/portal\/wp-content\/uploads\/2013\/11\/circo-teatro.jpg?fit=528%2C306&ssl=1","jetpack_sharing_enabled":true,"jetpack_likes_enabled":true,"jetpack-related-posts":[],"_links":{"self":[{"href":"https:\/\/eltrabajo.cl\/portal\/wp-json\/wp\/v2\/posts\/39852","targetHints":{"allow":["GET"]}}],"collection":[{"href":"https:\/\/eltrabajo.cl\/portal\/wp-json\/wp\/v2\/posts"}],"about":[{"href":"https:\/\/eltrabajo.cl\/portal\/wp-json\/wp\/v2\/types\/post"}],"author":[{"embeddable":true,"href":"https:\/\/eltrabajo.cl\/portal\/wp-json\/wp\/v2\/users\/482"}],"replies":[{"embeddable":true,"href":"https:\/\/eltrabajo.cl\/portal\/wp-json\/wp\/v2\/comments?post=39852"}],"version-history":[{"count":0,"href":"https:\/\/eltrabajo.cl\/portal\/wp-json\/wp\/v2\/posts\/39852\/revisions"}],"wp:featuredmedia":[{"embeddable":true,"href":"https:\/\/eltrabajo.cl\/portal\/wp-json\/wp\/v2\/media\/39853"}],"wp:attachment":[{"href":"https:\/\/eltrabajo.cl\/portal\/wp-json\/wp\/v2\/media?parent=39852"}],"wp:term":[{"taxonomy":"category","embeddable":true,"href":"https:\/\/eltrabajo.cl\/portal\/wp-json\/wp\/v2\/categories?post=39852"},{"taxonomy":"post_tag","embeddable":true,"href":"https:\/\/eltrabajo.cl\/portal\/wp-json\/wp\/v2\/tags?post=39852"}],"curies":[{"name":"wp","href":"https:\/\/api.w.org\/{rel}","templated":true}]}}