{"id":39859,"date":"2013-11-25T08:58:54","date_gmt":"2013-11-25T11:58:54","guid":{"rendered":"http:\/\/www.eltrabajo.cl\/portal\/?p=39859"},"modified":"2013-11-25T08:58:54","modified_gmt":"2013-11-25T11:58:54","slug":"fosila-recibe-premio-arte-y-cultura-de-la-intendencia-de-valparaiso","status":"publish","type":"post","link":"https:\/\/eltrabajo.cl\/portal\/fosila-recibe-premio-arte-y-cultura-de-la-intendencia-de-valparaiso\/","title":{"rendered":"Fosila recibe Premio Arte y Cultura de la Intendencia de Valpara\u00edso"},"content":{"rendered":"<figure id=\"attachment_39860\" aria-describedby=\"caption-attachment-39860\" style=\"width: 529px\" class=\"wp-caption alignnone\"><a href=\"https:\/\/i0.wp.com\/www.eltrabajo.cl\/portal\/wp-content\/uploads\/2013\/11\/fosila.jpg\"><img data-recalc-dims=\"1\" loading=\"lazy\" decoding=\"async\" class=\"size-full wp-image-39860\" title=\"A pesar de la cantidad de postulaciones, el premio fue para la Orquesta Sinf\u00f3nica Infantil de Los Andes Fosila.\" alt=\"A pesar de la cantidad de postulaciones, el premio fue para la Orquesta Sinf\u00f3nica Infantil de Los Andes Fosila.\" src=\"https:\/\/i0.wp.com\/www.eltrabajo.cl\/portal\/wp-content\/uploads\/2013\/11\/fosila.jpg?resize=529%2C353\" width=\"529\" height=\"353\" srcset=\"https:\/\/i0.wp.com\/eltrabajo.cl\/portal\/wp-content\/uploads\/2013\/11\/fosila.jpg?w=529&amp;ssl=1 529w, https:\/\/i0.wp.com\/eltrabajo.cl\/portal\/wp-content\/uploads\/2013\/11\/fosila.jpg?resize=200%2C133&amp;ssl=1 200w, https:\/\/i0.wp.com\/eltrabajo.cl\/portal\/wp-content\/uploads\/2013\/11\/fosila.jpg?resize=300%2C200&amp;ssl=1 300w, https:\/\/i0.wp.com\/eltrabajo.cl\/portal\/wp-content\/uploads\/2013\/11\/fosila.jpg?resize=150%2C100&amp;ssl=1 150w, https:\/\/i0.wp.com\/eltrabajo.cl\/portal\/wp-content\/uploads\/2013\/11\/fosila.jpg?resize=400%2C266&amp;ssl=1 400w\" sizes=\"auto, (max-width: 529px) 100vw, 529px\" \/><\/a><figcaption id=\"caption-attachment-39860\" class=\"wp-caption-text\">A pesar de la cantidad de postulaciones, el premio fue para la Orquesta Sinf\u00f3nica Infantil de Los Andes Fosila.<\/figcaption><\/figure>\n<p><strong>LOS ANDES<\/strong>.- En presencia de importantes autoridades regionales y provinciales, la orquesta destac\u00f3 por su constante aporte al desarrollo cultural de ni\u00f1os vulnerables a trav\u00e9s de la m\u00fasica. Fueron 26 los postulantes a la categor\u00eda \u2018Organizaci\u00f3n Cultural\u2019 de la primera versi\u00f3n del Premio Regi\u00f3n de Valpara\u00edso Arte y Cultura y que tiene como fin destacar a aquellas organizaciones sociales y personas que fomentan los mencionados aspectos en todo el territorio de la Regi\u00f3n y que fue entregado el 22 de noviembre en la Intendencia de Valpara\u00edso.<\/p>\n<p>A pesar de la cantidad de postulaciones, el premio fue para la Orquesta Sinf\u00f3nica Infantil de Los Andes Fosila, principalmente por su aporte al desarrollo de habilidades musicales en ni\u00f1os socialmente vulnerables, hecho que se hace posible gracias al aporte de Divisi\u00f3n Andina.<\/p>\n<p>En palabras del intendente de Valpara\u00edso, Ra\u00fal Celis, \u00abse trata de un premio muy merecido. Es una iniciativa que ojala pudiera replicarse en otras provincias de la Regi\u00f3n y que debe hacer sentir orgullosos a los andinos de tenerla por el aporte que han hecho a la cultura\u00bb.<\/p>\n<p>El premio lo recibi\u00f3 el Presidente del Directorio de Fosila y Gerente General de Divisi\u00f3n Andina, Ricardo Palma, junto a la gobernadora provincial de Los Andes, Edith Quiroz, el Director de Desarrollo Comunitario de la Divisi\u00f3n, Manuel Rivera y dos ni\u00f1os integrantes de la orquesta, Angelyn Troncoso y Marcelo Mella, quienes se mostraron emocionados por el galard\u00f3n.<\/p>\n<p>\u00abEste es un reconocimiento a un trabajo bien hecho, permanente, con una gran entrega de Mario Brignardello (director de la orquesta) que ha puesto todo el coraz\u00f3n en esto. Es tambi\u00e9n un premio justo al esfuerzo y calidad art\u00edstica de estos ni\u00f1os. Recibimos con humildad este premio porque sabemos que existen otras instituciones y personas que tambi\u00e9n pudieron haberlo ganado, pero con alegr\u00eda porque sabemos que lo merec\u00edamos\u00bb, expres\u00f3 Palma al finalizar la ceremonia.<\/p>\n<p>Edith Quiroz en tanto, se\u00f1al\u00f3 que en el reconocimiento hay un doble m\u00e9rito. \u00abInstalar este premio por primera vez y que Fosila lo haya recibido en una de sus categor\u00edas, lo que nos pone tremendamente orgullosos porque sabemos el gran aporte que Divisi\u00f3n Andina ha hecho con este proyecto\u00bb, enfatiz\u00f3. Las otras tres categor\u00edas que contempl\u00f3 el premio fueron Actividad Cultural de Participaci\u00f3n Ciudadana, Premio a la puesta en valor del Patrimonio y Trayectoria Art\u00edstica.<\/p>\n<p>&nbsp;<\/p>\n","protected":false},"excerpt":{"rendered":"<p>LOS ANDES.- En presencia de importantes autoridades regionales y provinciales, la orquesta destac\u00f3 por su constante aporte al desarrollo cultural de ni\u00f1os vulnerables a trav\u00e9s de la m\u00fasica. Fueron 26 los postulantes&#8230;<\/p>\n","protected":false},"author":482,"featured_media":39860,"comment_status":"open","ping_status":"closed","sticky":false,"template":"","format":"standard","meta":{"advanced_seo_description":"","jetpack_seo_html_title":"","jetpack_seo_noindex":false,"_jetpack_memberships_contains_paid_content":false,"footnotes":""},"categories":[15],"tags":[],"class_list":["post-39859","post","type-post","status-publish","format-standard","has-post-thumbnail","hentry","category-comunidad"],"jetpack_featured_media_url":"https:\/\/i0.wp.com\/eltrabajo.cl\/portal\/wp-content\/uploads\/2013\/11\/fosila.jpg?fit=529%2C353&ssl=1","jetpack_sharing_enabled":true,"jetpack_likes_enabled":true,"jetpack-related-posts":[],"_links":{"self":[{"href":"https:\/\/eltrabajo.cl\/portal\/wp-json\/wp\/v2\/posts\/39859","targetHints":{"allow":["GET"]}}],"collection":[{"href":"https:\/\/eltrabajo.cl\/portal\/wp-json\/wp\/v2\/posts"}],"about":[{"href":"https:\/\/eltrabajo.cl\/portal\/wp-json\/wp\/v2\/types\/post"}],"author":[{"embeddable":true,"href":"https:\/\/eltrabajo.cl\/portal\/wp-json\/wp\/v2\/users\/482"}],"replies":[{"embeddable":true,"href":"https:\/\/eltrabajo.cl\/portal\/wp-json\/wp\/v2\/comments?post=39859"}],"version-history":[{"count":0,"href":"https:\/\/eltrabajo.cl\/portal\/wp-json\/wp\/v2\/posts\/39859\/revisions"}],"wp:featuredmedia":[{"embeddable":true,"href":"https:\/\/eltrabajo.cl\/portal\/wp-json\/wp\/v2\/media\/39860"}],"wp:attachment":[{"href":"https:\/\/eltrabajo.cl\/portal\/wp-json\/wp\/v2\/media?parent=39859"}],"wp:term":[{"taxonomy":"category","embeddable":true,"href":"https:\/\/eltrabajo.cl\/portal\/wp-json\/wp\/v2\/categories?post=39859"},{"taxonomy":"post_tag","embeddable":true,"href":"https:\/\/eltrabajo.cl\/portal\/wp-json\/wp\/v2\/tags?post=39859"}],"curies":[{"name":"wp","href":"https:\/\/api.w.org\/{rel}","templated":true}]}}