{"id":39862,"date":"2013-11-25T09:00:41","date_gmt":"2013-11-25T12:00:41","guid":{"rendered":"http:\/\/www.eltrabajo.cl\/portal\/?p=39862"},"modified":"2013-11-25T09:00:41","modified_gmt":"2013-11-25T12:00:41","slug":"chris-pfeiffer-encanto-a-los-sanfelipenos-con-sus-acrobacias-en-moto","status":"publish","type":"post","link":"https:\/\/eltrabajo.cl\/portal\/chris-pfeiffer-encanto-a-los-sanfelipenos-con-sus-acrobacias-en-moto\/","title":{"rendered":"Chris Pfeiffer encant\u00f3 a los sanfelipe\u00f1os con sus acrobacias en moto"},"content":{"rendered":"<figure id=\"attachment_39863\" aria-describedby=\"caption-attachment-39863\" style=\"width: 529px\" class=\"wp-caption alignnone\"><a href=\"https:\/\/i0.wp.com\/www.eltrabajo.cl\/portal\/wp-content\/uploads\/2013\/11\/moto2.jpg\"><img data-recalc-dims=\"1\" loading=\"lazy\" decoding=\"async\" class=\"size-full wp-image-39863\" title=\"Hipnotizado, el p\u00fablico sanfelipe\u00f1o aplaudi\u00f3 cada una de las acrobacias de Chris Pfeiffer en el centro de nuestra ciudad.\" alt=\"Hipnotizado, el p\u00fablico sanfelipe\u00f1o aplaudi\u00f3 cada una de las acrobacias de Chris Pfeiffer en el centro de nuestra ciudad.\" src=\"https:\/\/i0.wp.com\/www.eltrabajo.cl\/portal\/wp-content\/uploads\/2013\/11\/moto2.jpg?resize=529%2C418\" width=\"529\" height=\"418\" srcset=\"https:\/\/i0.wp.com\/eltrabajo.cl\/portal\/wp-content\/uploads\/2013\/11\/moto2.jpg?w=529&amp;ssl=1 529w, https:\/\/i0.wp.com\/eltrabajo.cl\/portal\/wp-content\/uploads\/2013\/11\/moto2.jpg?resize=189%2C150&amp;ssl=1 189w, https:\/\/i0.wp.com\/eltrabajo.cl\/portal\/wp-content\/uploads\/2013\/11\/moto2.jpg?resize=300%2C237&amp;ssl=1 300w, https:\/\/i0.wp.com\/eltrabajo.cl\/portal\/wp-content\/uploads\/2013\/11\/moto2.jpg?resize=150%2C118&amp;ssl=1 150w, https:\/\/i0.wp.com\/eltrabajo.cl\/portal\/wp-content\/uploads\/2013\/11\/moto2.jpg?resize=400%2C316&amp;ssl=1 400w\" sizes=\"auto, (max-width: 529px) 100vw, 529px\" \/><\/a><figcaption id=\"caption-attachment-39863\" class=\"wp-caption-text\">Hipnotizado, el p\u00fablico sanfelipe\u00f1o aplaudi\u00f3 cada una de las acrobacias de Chris Pfeiffer en el centro de nuestra ciudad.<\/figcaption><\/figure>\n<p>Puntualmente a las 12:30 horas, Chris Pfeiffer encendi\u00f3 el motor de su motocicleta, misma que lo ha hecho famoso a nivel mundial y cuya destreza le permiti\u00f3 ser cuatro veces campe\u00f3n en su especialidad. Con cientos de sanfelipe\u00f1os mirando el espect\u00e1culo, el campe\u00f3n mundial comenz\u00f3 con la presentaci\u00f3n que contempl\u00f3 decenas de piruetas, levantando su moto, subiendo y bajando de ella y cada una siendo alentada por el p\u00fablico asistente con sus aplausos.<\/p>\n<figure id=\"attachment_39864\" aria-describedby=\"caption-attachment-39864\" style=\"width: 423px\" class=\"wp-caption alignright\"><a href=\"https:\/\/i0.wp.com\/www.eltrabajo.cl\/portal\/wp-content\/uploads\/2013\/11\/moto1.jpg\"><img data-recalc-dims=\"1\" loading=\"lazy\" decoding=\"async\" class=\" wp-image-39864 \" title=\"Autoridades municipales posaron para las c\u00e1maras de Diario El Trabajo tras la participaci\u00f3n del deportista internacional.\" alt=\"Autoridades municipales posaron para las c\u00e1maras de Diario El Trabajo tras la participaci\u00f3n del deportista internacional.\" src=\"https:\/\/i0.wp.com\/www.eltrabajo.cl\/portal\/wp-content\/uploads\/2013\/11\/moto1.jpg?resize=423%2C324\" width=\"423\" height=\"324\" srcset=\"https:\/\/i0.wp.com\/eltrabajo.cl\/portal\/wp-content\/uploads\/2013\/11\/moto1.jpg?w=529&amp;ssl=1 529w, https:\/\/i0.wp.com\/eltrabajo.cl\/portal\/wp-content\/uploads\/2013\/11\/moto1.jpg?resize=195%2C150&amp;ssl=1 195w, https:\/\/i0.wp.com\/eltrabajo.cl\/portal\/wp-content\/uploads\/2013\/11\/moto1.jpg?resize=300%2C229&amp;ssl=1 300w, https:\/\/i0.wp.com\/eltrabajo.cl\/portal\/wp-content\/uploads\/2013\/11\/moto1.jpg?resize=150%2C114&amp;ssl=1 150w, https:\/\/i0.wp.com\/eltrabajo.cl\/portal\/wp-content\/uploads\/2013\/11\/moto1.jpg?resize=400%2C306&amp;ssl=1 400w\" sizes=\"auto, (max-width: 423px) 100vw, 423px\" \/><\/a><figcaption id=\"caption-attachment-39864\" class=\"wp-caption-text\">Autoridades municipales posaron para las c\u00e1maras de Diario El Trabajo tras la participaci\u00f3n del deportista internacional.<\/figcaption><\/figure>\n<p>Con la calle especialmente preparada para el deportista, Pfeiffer encant\u00f3 al p\u00fablico con cada pirueta, quedando \u00e9l tambi\u00e9n feliz con la acogida.\u00abEs un p\u00fablico fant\u00e1stico, es realmente bueno estar aqu\u00ed, me encanta, manejando en este piso fue dif\u00edcil, por lo resbaladizo, pero el p\u00fablico es asombroso. Hice piruetas r\u00e1pidas, son mis piruetas favoritas y como el piso estaba resbaladizo resultaban muy r\u00e1pidas\u00bb, dijo Pfeiffer en ingl\u00e9s.<\/p>\n<p>Esta es la primera vez que visitaba nuestro pa\u00eds, ayer estuvo en Santiago y hoy en San Felipe, mientras que por la tarde se trasladar\u00eda a San Esteban. El Alcalde Patricio Freire destac\u00f3 el nivel del espect\u00e1culo, se\u00f1alando que \u00abfue una actividad maravillosa tener al cuatro veces campe\u00f3n mundial en acrobacias, es un gran evento, San Felipe se siente orgulloso de que se presente un campe\u00f3n mundial\u00bb. Al t\u00e9rmino de la presentaci\u00f3n, el jefe comunal le entreg\u00f3 un reconocimiento y un recuerdo de la comuna.<\/p>\n<p>&nbsp;<\/p>\n","protected":false},"excerpt":{"rendered":"<p>Puntualmente a las 12:30 horas, Chris Pfeiffer encendi\u00f3 el motor de su motocicleta, misma que lo ha hecho famoso a nivel mundial y cuya destreza le permiti\u00f3 ser cuatro veces campe\u00f3n en&#8230;<\/p>\n","protected":false},"author":482,"featured_media":39863,"comment_status":"open","ping_status":"closed","sticky":false,"template":"","format":"standard","meta":{"advanced_seo_description":"","jetpack_seo_html_title":"","jetpack_seo_noindex":false,"_jetpack_memberships_contains_paid_content":false,"footnotes":""},"categories":[1],"tags":[],"class_list":["post-39862","post","type-post","status-publish","format-standard","has-post-thumbnail","hentry","category-cronica"],"jetpack_featured_media_url":"https:\/\/i0.wp.com\/eltrabajo.cl\/portal\/wp-content\/uploads\/2013\/11\/moto2.jpg?fit=529%2C418&ssl=1","jetpack_sharing_enabled":true,"jetpack_likes_enabled":true,"jetpack-related-posts":[],"_links":{"self":[{"href":"https:\/\/eltrabajo.cl\/portal\/wp-json\/wp\/v2\/posts\/39862","targetHints":{"allow":["GET"]}}],"collection":[{"href":"https:\/\/eltrabajo.cl\/portal\/wp-json\/wp\/v2\/posts"}],"about":[{"href":"https:\/\/eltrabajo.cl\/portal\/wp-json\/wp\/v2\/types\/post"}],"author":[{"embeddable":true,"href":"https:\/\/eltrabajo.cl\/portal\/wp-json\/wp\/v2\/users\/482"}],"replies":[{"embeddable":true,"href":"https:\/\/eltrabajo.cl\/portal\/wp-json\/wp\/v2\/comments?post=39862"}],"version-history":[{"count":0,"href":"https:\/\/eltrabajo.cl\/portal\/wp-json\/wp\/v2\/posts\/39862\/revisions"}],"wp:featuredmedia":[{"embeddable":true,"href":"https:\/\/eltrabajo.cl\/portal\/wp-json\/wp\/v2\/media\/39863"}],"wp:attachment":[{"href":"https:\/\/eltrabajo.cl\/portal\/wp-json\/wp\/v2\/media?parent=39862"}],"wp:term":[{"taxonomy":"category","embeddable":true,"href":"https:\/\/eltrabajo.cl\/portal\/wp-json\/wp\/v2\/categories?post=39862"},{"taxonomy":"post_tag","embeddable":true,"href":"https:\/\/eltrabajo.cl\/portal\/wp-json\/wp\/v2\/tags?post=39862"}],"curies":[{"name":"wp","href":"https:\/\/api.w.org\/{rel}","templated":true}]}}