{"id":39867,"date":"2013-11-25T09:01:45","date_gmt":"2013-11-25T12:01:45","guid":{"rendered":"http:\/\/www.eltrabajo.cl\/portal\/?p=39867"},"modified":"2013-11-25T09:01:45","modified_gmt":"2013-11-25T12:01:45","slug":"espiritu-y-tradicion-motoquera-congrego-a-cientos-de-amantes-del-deporte-tuerca","status":"publish","type":"post","link":"https:\/\/eltrabajo.cl\/portal\/espiritu-y-tradicion-motoquera-congrego-a-cientos-de-amantes-del-deporte-tuerca\/","title":{"rendered":"\u2018Esp\u00edritu y Tradici\u00f3n Motoquera\u2019 congreg\u00f3 a cientos de amantes del deporte tuerca"},"content":{"rendered":"<figure id=\"attachment_39868\" aria-describedby=\"caption-attachment-39868\" style=\"width: 528px\" class=\"wp-caption alignnone\"><a href=\"https:\/\/i0.wp.com\/www.eltrabajo.cl\/portal\/wp-content\/uploads\/2013\/11\/motoqueros1.jpg\"><img data-recalc-dims=\"1\" loading=\"lazy\" decoding=\"async\" class=\"size-full wp-image-39868\" title=\"As\u00ed lucieron los participantes del segundo encuentro motoquero denominado \u2018Esp\u00edritu y Tradici\u00f3n Motoquera\u2019, organizado por el Club de motos Trueno de Putaendo.\" alt=\"As\u00ed lucieron los participantes del segundo encuentro motoquero denominado \u2018Esp\u00edritu y Tradici\u00f3n Motoquera\u2019, organizado por el Club de motos Trueno de Putaendo.\" src=\"https:\/\/i0.wp.com\/www.eltrabajo.cl\/portal\/wp-content\/uploads\/2013\/11\/motoqueros1.jpg?resize=528%2C361\" width=\"528\" height=\"361\" srcset=\"https:\/\/i0.wp.com\/eltrabajo.cl\/portal\/wp-content\/uploads\/2013\/11\/motoqueros1.jpg?w=528&amp;ssl=1 528w, https:\/\/i0.wp.com\/eltrabajo.cl\/portal\/wp-content\/uploads\/2013\/11\/motoqueros1.jpg?resize=200%2C136&amp;ssl=1 200w, https:\/\/i0.wp.com\/eltrabajo.cl\/portal\/wp-content\/uploads\/2013\/11\/motoqueros1.jpg?resize=300%2C205&amp;ssl=1 300w, https:\/\/i0.wp.com\/eltrabajo.cl\/portal\/wp-content\/uploads\/2013\/11\/motoqueros1.jpg?resize=150%2C102&amp;ssl=1 150w, https:\/\/i0.wp.com\/eltrabajo.cl\/portal\/wp-content\/uploads\/2013\/11\/motoqueros1.jpg?resize=400%2C273&amp;ssl=1 400w\" sizes=\"auto, (max-width: 528px) 100vw, 528px\" \/><\/a><figcaption id=\"caption-attachment-39868\" class=\"wp-caption-text\">As\u00ed lucieron los participantes del segundo encuentro motoquero denominado \u2018Esp\u00edritu y Tradici\u00f3n Motoquera\u2019, organizado por el Club de motos Trueno de Putaendo.<\/figcaption><\/figure>\n<p><strong>PUTAENDO.<\/strong>&#8211; El segundo encuentro motoquero denominado \u2018Esp\u00edritu y Tradici\u00f3n Motoquera\u2019, organizado por el Club de motos Trueno de Putaendo, logr\u00f3 congregar a cientos de amantes del deporte tuerca en la plaza de la comuna y en el parque municipal. El club trabaj\u00f3 intensamente durante varios meses para organizar este encuentro de car\u00e1cter nacional e internacional y que ha congregado a mas de 300 exponentes de diferentes partes del pa\u00eds y algunos invitados de la Rep\u00fablica Argentina.<\/p>\n<p>Con el apoyo del municipio de Putaendo, varios motoqueros arribaron al parque municipal en las primeras horas del d\u00eda viernes, mientras que el d\u00eda s\u00e1bado comenz\u00f3 a llegar el grueso de los participantes de este importante encuentro de camarader\u00eda y de intercambio de proyectos y conocimientos.<\/p>\n<p>Tal como estaba presupuestado a eso de las 13:00 horas, cientos de motos hicieron rugir sus motores por la calle Sarmiento e ingresaron hasta la plaza de la comuna, donde fueron saludados por el Alcalde Reyes quien a nombre de la comunidad les dio la bienvenida y les agradeci\u00f3 ser los embajadores de nuestra comuna en cada rinc\u00f3n y lugar que ellos visitan en sus poderosas motos.<\/p>\n<p>Jos\u00e9 Beiza, Presidente de Club Trueno, agradeci\u00f3 la disposici\u00f3n del municipio de Putaendo y de Carabineros en cuanto a las coordinaciones y apoyos que han recibido para desarrollar este evento y pidi\u00f3 que el municipio lo considere en las actividades anuales que se organizan en la comuna. Tanto el Alcalde Reyes como el Suboficial Mayor de Carabineros Rub\u00e9n Sandoval Mendoza, recibieron reconocimientos, la primera autoridad una polera estampada mientras que el oficial de Carabineros un diploma por parte de la agrupaci\u00f3n local.<\/p>\n<p>Cientos de personas se fotografiaron junto a las hermosas motos y compartieron durante un buen rato en el principal paseo peatonal, donde destacaron a nivel local entre otros el motoquero Luis Ahumada, junto a Leonardo Alegr\u00eda, quienes con sus mejores vestimentas y a bordo de sus espectaculares motos tambi\u00e9n vivieron a fondo esta importante actividad.<\/p>\n<p>En esta ocasi\u00f3n, destacaron un grupo de motoqueros de la provincia de San Mart\u00edn, al interior de Mendoza, quienes viajaron especialmente invitados a este encuentro y destacaron el cari\u00f1o y aprecio que tienen hacia los motoqueros de la comuna de Putaendo.<\/p>\n<p>La actividad continu\u00f3 en horas de la tarde en el parque municipal con demostraciones, juegos de destreza y lo mas importante en un ambiente de camarader\u00eda y de mucha fraternidad que marc\u00f3 el segundo encuentro nacional e internacional Esp\u00edritu y Tradici\u00f3n Motoquera, organizado por el Club de motos Trueno de Putaendo.<\/p>\n<p>Patricio Gallardo M.<\/p>\n<p>&nbsp;<\/p>\n","protected":false},"excerpt":{"rendered":"<p>PUTAENDO.&#8211; El segundo encuentro motoquero denominado \u2018Esp\u00edritu y Tradici\u00f3n Motoquera\u2019, organizado por el Club de motos Trueno de Putaendo, logr\u00f3 congregar a cientos de amantes del deporte tuerca en la plaza de&#8230;<\/p>\n","protected":false},"author":482,"featured_media":39868,"comment_status":"open","ping_status":"closed","sticky":false,"template":"","format":"standard","meta":{"advanced_seo_description":"","jetpack_seo_html_title":"","jetpack_seo_noindex":false,"_jetpack_memberships_contains_paid_content":false,"footnotes":""},"categories":[1],"tags":[],"class_list":["post-39867","post","type-post","status-publish","format-standard","has-post-thumbnail","hentry","category-cronica"],"jetpack_featured_media_url":"https:\/\/i0.wp.com\/eltrabajo.cl\/portal\/wp-content\/uploads\/2013\/11\/motoqueros1.jpg?fit=528%2C361&ssl=1","jetpack_sharing_enabled":true,"jetpack_likes_enabled":true,"jetpack-related-posts":[],"_links":{"self":[{"href":"https:\/\/eltrabajo.cl\/portal\/wp-json\/wp\/v2\/posts\/39867","targetHints":{"allow":["GET"]}}],"collection":[{"href":"https:\/\/eltrabajo.cl\/portal\/wp-json\/wp\/v2\/posts"}],"about":[{"href":"https:\/\/eltrabajo.cl\/portal\/wp-json\/wp\/v2\/types\/post"}],"author":[{"embeddable":true,"href":"https:\/\/eltrabajo.cl\/portal\/wp-json\/wp\/v2\/users\/482"}],"replies":[{"embeddable":true,"href":"https:\/\/eltrabajo.cl\/portal\/wp-json\/wp\/v2\/comments?post=39867"}],"version-history":[{"count":0,"href":"https:\/\/eltrabajo.cl\/portal\/wp-json\/wp\/v2\/posts\/39867\/revisions"}],"wp:featuredmedia":[{"embeddable":true,"href":"https:\/\/eltrabajo.cl\/portal\/wp-json\/wp\/v2\/media\/39868"}],"wp:attachment":[{"href":"https:\/\/eltrabajo.cl\/portal\/wp-json\/wp\/v2\/media?parent=39867"}],"wp:term":[{"taxonomy":"category","embeddable":true,"href":"https:\/\/eltrabajo.cl\/portal\/wp-json\/wp\/v2\/categories?post=39867"},{"taxonomy":"post_tag","embeddable":true,"href":"https:\/\/eltrabajo.cl\/portal\/wp-json\/wp\/v2\/tags?post=39867"}],"curies":[{"name":"wp","href":"https:\/\/api.w.org\/{rel}","templated":true}]}}