{"id":39870,"date":"2013-11-25T09:03:01","date_gmt":"2013-11-25T12:03:01","guid":{"rendered":"http:\/\/www.eltrabajo.cl\/portal\/?p=39870"},"modified":"2013-11-25T09:03:01","modified_gmt":"2013-11-25T12:03:01","slug":"trabajadoras-de-casa-particular-reciben-capacitacion-del-isl","status":"publish","type":"post","link":"https:\/\/eltrabajo.cl\/portal\/trabajadoras-de-casa-particular-reciben-capacitacion-del-isl\/","title":{"rendered":"Trabajadoras de casa particular reciben capacitaci\u00f3n del ISL"},"content":{"rendered":"<figure id=\"attachment_39871\" aria-describedby=\"caption-attachment-39871\" style=\"width: 317px\" class=\"wp-caption alignleft\"><a href=\"https:\/\/i0.wp.com\/www.eltrabajo.cl\/portal\/wp-content\/uploads\/2013\/11\/jacqueline-astudillo.jpg\"><img data-recalc-dims=\"1\" loading=\"lazy\" decoding=\"async\" class=\" wp-image-39871 \" title=\"Jacqueline Astudillo, pilar fundamental en el trabajo de convocatoria realizado por Sence.\" alt=\"Jacqueline Astudillo, pilar fundamental en el trabajo de convocatoria realizado por Sence.\" src=\"https:\/\/i0.wp.com\/www.eltrabajo.cl\/portal\/wp-content\/uploads\/2013\/11\/jacqueline-astudillo.jpg?resize=317%2C335\" width=\"317\" height=\"335\" srcset=\"https:\/\/i0.wp.com\/eltrabajo.cl\/portal\/wp-content\/uploads\/2013\/11\/jacqueline-astudillo.jpg?w=529&amp;ssl=1 529w, https:\/\/i0.wp.com\/eltrabajo.cl\/portal\/wp-content\/uploads\/2013\/11\/jacqueline-astudillo.jpg?resize=141%2C150&amp;ssl=1 141w, https:\/\/i0.wp.com\/eltrabajo.cl\/portal\/wp-content\/uploads\/2013\/11\/jacqueline-astudillo.jpg?resize=283%2C300&amp;ssl=1 283w, https:\/\/i0.wp.com\/eltrabajo.cl\/portal\/wp-content\/uploads\/2013\/11\/jacqueline-astudillo.jpg?resize=400%2C422&amp;ssl=1 400w\" sizes=\"auto, (max-width: 317px) 100vw, 317px\" \/><\/a><figcaption id=\"caption-attachment-39871\" class=\"wp-caption-text\">Jacqueline Astudillo, pilar fundamental en el trabajo de convocatoria realizado por Sence.<\/figcaption><\/figure>\n<p>Como un hito, definieron este encuentro que convoc\u00f3 a m\u00e1s de 40 trabajadoras de casa particular, quienes pudieron capacitarse en materia de Accidentes laborales y Primeros auxilios, ya que anteriormente lo m\u00e1ximo que hab\u00edan reunido, eran diez asesoras del hogar. Con gran entusiasmo llegaron m\u00e1s de 40 trabajadoras de casa particular al Club \u00c1rabe de San Felipe, para participar en una jornada de capacitaci\u00f3n ofrecida por el Instituto de Seguridad Labora (ISL), actividad que cont\u00f3 con el apoyo del Sence.<\/p>\n<p>Conscientes de que puedan destinar alg\u00fan d\u00eda de la semana laboral es dif\u00edcil para este tipo de instancias, los profesionales del ISL decidieron realizar esta iniciativa ayer, logrando una convocatoria inusitada, ya que si bien se ha efectuado antes esta jornada, normalmente se hab\u00eda reunido a no m\u00e1s de diez trabajadoras, en tanto que esta vez se cuadruplic\u00f3 la asistencia, siendo las favorecidas principalmente mujeres que no pertenecen a ning\u00fan sindicato.<\/p>\n<p>La prevencionista de riesgos del ISL, Elena Alvarado, se\u00f1al\u00f3 que esta actividad, tuvo por objetivo capacitar a las trabajadoras de casa particular, que son afiliadas de esta entidad de gobierno en su mayor\u00eda, en temas tales como Ley de Accidentes del trabajo, Riesgos en el hogar y Primeros Auxilios, entre otros.<\/p>\n<p>\u00abEstamos s\u00faper contentos por el apoyo que tuvimos en cuanto a la convocatoria, por parte de la Coordinadora Provincial de Sence, Andrea Fuentes, ya que esto es algo hist\u00f3rico: a nosotros nos costaba mucho llegar a las asesoras del hogar. Es importante capacitarlas, ya que las trabajadoras de casa particular son parte fundamental en muchos hogares, ya que en ellas confiamos nuestros hijos y nuestra casa, entonces tienen una labor primordial\u00bb, se\u00f1al\u00f3 la prevencionista del ISL.<\/p>\n<p>Agradeci\u00f3 en este sentido la profesional, el hecho que las trabajadoras hayan asistido a esta jornada un d\u00eda domingo. \u00abSabemos que es el d\u00eda que tienen libre, por lo tanto, el hecho que hoy est\u00e9n ac\u00e1, es muy valioso para nosotros\u00bb, manifest\u00f3. Alvarado manifest\u00f3 que esta actividad marca un hito en las iniciativas de ISL con trabajadoras de casa particular, a la vez que permite iniciar un trabajo muy intenso con este sector productivo en el valle de Aconcagua.<\/p>\n<p>&nbsp;<\/p>\n<p><strong>TRABAJADORAS<\/strong><\/p>\n<p>Jacqueline Astudillo Aliaga, trabaja en el sector de La Higuera en Santa Mar\u00eda y lleva diez a\u00f1os desempe\u00f1\u00e1ndose en como asesora del hogar. Ella fue pilar fundamental en el trabajo de convocatoria efectuado por la profesional de Sence, ya que se encarg\u00f3 de invitar a otras mujeres que se desempe\u00f1an en esta actividad, para que asistieran a la jornada del ISL.<\/p>\n<p>\u00abMe gust\u00f3 mucho esta idea de que nos reunieran y capacitaran. Nosotras no recibimos este tipo de beneficios, nosotras trabajamos y trabajamos, entonces es bueno que nos saquen y nos den la oportunidad de aprender y de compartir con otras colegas. Esto deber\u00eda hacerse m\u00e1s seguido, nosotras nos vamos a seguir juntando y la se\u00f1orita Andrea nos dijo que pod\u00edamos acceder a otras capacitaciones, as\u00ed que estamos muy entusiasmadas. Esta no ser\u00e1 la \u00faltima vez que nos juntemos, vamos a hacer un paseo pr\u00f3ximamente y esperamos tener el apoyo, tanto del Sence, como de otras instituciones\u00bb.<\/p>\n<p>Finalmente Astudillo valor\u00f3 la iniciativa del ISL, al mismo tiempo que manifest\u00f3 que son muchas las necesidades que tienen, como por ejemplo, la realizaci\u00f3n de cursos de jardiner\u00eda, de conservas y manualidades, ya que estas mujeres tambi\u00e9n piensan en el futuro y en la importancia de contar con herramientas que les permitan valerse solas, una vez que cesen su labor como trabajadoras de casa particular.<\/p>\n<p>&nbsp;<\/p>\n","protected":false},"excerpt":{"rendered":"<p>Como un hito, definieron este encuentro que convoc\u00f3 a m\u00e1s de 40 trabajadoras de casa particular, quienes pudieron capacitarse en materia de Accidentes laborales y Primeros auxilios, ya que anteriormente lo m\u00e1ximo&#8230;<\/p>\n","protected":false},"author":482,"featured_media":39871,"comment_status":"open","ping_status":"closed","sticky":false,"template":"","format":"standard","meta":{"advanced_seo_description":"","jetpack_seo_html_title":"","jetpack_seo_noindex":false,"_jetpack_memberships_contains_paid_content":false,"footnotes":""},"categories":[15],"tags":[],"class_list":["post-39870","post","type-post","status-publish","format-standard","has-post-thumbnail","hentry","category-comunidad"],"jetpack_featured_media_url":"https:\/\/i0.wp.com\/eltrabajo.cl\/portal\/wp-content\/uploads\/2013\/11\/jacqueline-astudillo.jpg?fit=529%2C559&ssl=1","jetpack_sharing_enabled":true,"jetpack_likes_enabled":true,"jetpack-related-posts":[],"_links":{"self":[{"href":"https:\/\/eltrabajo.cl\/portal\/wp-json\/wp\/v2\/posts\/39870","targetHints":{"allow":["GET"]}}],"collection":[{"href":"https:\/\/eltrabajo.cl\/portal\/wp-json\/wp\/v2\/posts"}],"about":[{"href":"https:\/\/eltrabajo.cl\/portal\/wp-json\/wp\/v2\/types\/post"}],"author":[{"embeddable":true,"href":"https:\/\/eltrabajo.cl\/portal\/wp-json\/wp\/v2\/users\/482"}],"replies":[{"embeddable":true,"href":"https:\/\/eltrabajo.cl\/portal\/wp-json\/wp\/v2\/comments?post=39870"}],"version-history":[{"count":0,"href":"https:\/\/eltrabajo.cl\/portal\/wp-json\/wp\/v2\/posts\/39870\/revisions"}],"wp:featuredmedia":[{"embeddable":true,"href":"https:\/\/eltrabajo.cl\/portal\/wp-json\/wp\/v2\/media\/39871"}],"wp:attachment":[{"href":"https:\/\/eltrabajo.cl\/portal\/wp-json\/wp\/v2\/media?parent=39870"}],"wp:term":[{"taxonomy":"category","embeddable":true,"href":"https:\/\/eltrabajo.cl\/portal\/wp-json\/wp\/v2\/categories?post=39870"},{"taxonomy":"post_tag","embeddable":true,"href":"https:\/\/eltrabajo.cl\/portal\/wp-json\/wp\/v2\/tags?post=39870"}],"curies":[{"name":"wp","href":"https:\/\/api.w.org\/{rel}","templated":true}]}}