{"id":39876,"date":"2013-11-25T09:07:31","date_gmt":"2013-11-25T12:07:31","guid":{"rendered":"http:\/\/www.eltrabajo.cl\/portal\/?p=39876"},"modified":"2013-11-25T09:07:31","modified_gmt":"2013-11-25T12:07:31","slug":"hoy-lunes-a-marchar-por-la-no-violencia-contra-las-mujeres","status":"publish","type":"post","link":"https:\/\/eltrabajo.cl\/portal\/hoy-lunes-a-marchar-por-la-no-violencia-contra-las-mujeres\/","title":{"rendered":"Hoy lunes a marchar por la no violencia contra las mujeres"},"content":{"rendered":"<figure id=\"attachment_39877\" aria-describedby=\"caption-attachment-39877\" style=\"width: 529px\" class=\"wp-caption alignnone\"><a href=\"https:\/\/i0.wp.com\/www.eltrabajo.cl\/portal\/wp-content\/uploads\/2013\/11\/marcha-lasfrescas3.jpg\"><img data-recalc-dims=\"1\" loading=\"lazy\" decoding=\"async\" class=\"size-full wp-image-39877\" title=\"Hoy a partir de las 19:00 horas, se realizar\u00e1 en la ciudad de Los Andes la marcha para conmemorar el D\u00eda Internacional de la no violencia contra las mujeres.\" alt=\"Hoy a partir de las 19:00 horas, se realizar\u00e1 en la ciudad de Los Andes la marcha para conmemorar el D\u00eda Internacional de la no violencia contra las mujeres.\" src=\"https:\/\/i0.wp.com\/www.eltrabajo.cl\/portal\/wp-content\/uploads\/2013\/11\/marcha-lasfrescas3.jpg?resize=529%2C353\" width=\"529\" height=\"353\" srcset=\"https:\/\/i0.wp.com\/eltrabajo.cl\/portal\/wp-content\/uploads\/2013\/11\/marcha-lasfrescas3.jpg?w=529&amp;ssl=1 529w, https:\/\/i0.wp.com\/eltrabajo.cl\/portal\/wp-content\/uploads\/2013\/11\/marcha-lasfrescas3.jpg?resize=200%2C133&amp;ssl=1 200w, https:\/\/i0.wp.com\/eltrabajo.cl\/portal\/wp-content\/uploads\/2013\/11\/marcha-lasfrescas3.jpg?resize=300%2C200&amp;ssl=1 300w, https:\/\/i0.wp.com\/eltrabajo.cl\/portal\/wp-content\/uploads\/2013\/11\/marcha-lasfrescas3.jpg?resize=150%2C100&amp;ssl=1 150w, https:\/\/i0.wp.com\/eltrabajo.cl\/portal\/wp-content\/uploads\/2013\/11\/marcha-lasfrescas3.jpg?resize=400%2C266&amp;ssl=1 400w\" sizes=\"auto, (max-width: 529px) 100vw, 529px\" \/><\/a><figcaption id=\"caption-attachment-39877\" class=\"wp-caption-text\">Hoy a partir de las 19:00 horas, se realizar\u00e1 en la ciudad de Los Andes la marcha para conmemorar el D\u00eda Internacional de la no violencia contra las mujeres.<\/figcaption><\/figure>\n<p><strong>LOS ANDES.<\/strong>&#8211; Hoy a partir de las 19:00 horas, realizar\u00e1n en la ciudad de Los Andes, la marcha para conmemorar el D\u00eda Internacional de la no violencia contra las mujeres. Sobre esta actividad, la vocera del colectivo de mujeres Las Frescas de Aconcagua, Monserrat Letelier Azagra, se\u00f1al\u00f3 que ese d\u00eda se juntar\u00e1n en la esquina de Calle Esmeralda con Santa Teresa para luego marchar por las calles c\u00e9ntricas de la ciudad.<\/p>\n<p>Manifest\u00f3 que ese d\u00eda esperan convocar no s\u00f3lo a una gran cantidad de mujeres, sino tambi\u00e9n de hombres para concientizar a la ciudadan\u00eda sobre esta realidad que se vive en Chile del maltrato hacia las mujeres por parte de sus parejas.<\/p>\n<p>La vocera record\u00f3 que este a\u00f1o se han registrado en Chile 51 femicidios y por esta raz\u00f3n es que ese d\u00eda marchar\u00e1n de luto en recuerdo de las mujeres que murieron a manos de quienes juraron proteger, cuidar y amar. Expres\u00f3 que la idea es expresar la rabia y rebeld\u00eda que sienten en contra de este flagelo que muchas veces se mantiene oculto de la luz p\u00fablica y s\u00f3lo es conocido cuando se mata a una mujer, \u00aby por eso no queremos m\u00e1s mujeres muertas a manos de sus parejas que dicen amarlas\u00bb.<\/p>\n<p>Monserrat Letelier dijo que esta oportunidad esperan convocar a lo menos unas 300 personas y as\u00ed demostrar la importancia de este tema para la sociedad y del flagelo que significa para las mujeres. Cabe recordar que a nivel de la provincia de Los Andes, las agresiones en contra de mujeres es uno de los delitos de mayor ocurrencia y semanalmente a lo menos en promedio cinco hombres son formalizados por agredir f\u00edsicamente a sus parejas, esposas, convivientes o pololas.<\/p>\n<p>&nbsp;<\/p>\n","protected":false},"excerpt":{"rendered":"<p>LOS ANDES.&#8211; Hoy a partir de las 19:00 horas, realizar\u00e1n en la ciudad de Los Andes, la marcha para conmemorar el D\u00eda Internacional de la no violencia contra las mujeres. Sobre esta&#8230;<\/p>\n","protected":false},"author":482,"featured_media":39877,"comment_status":"open","ping_status":"closed","sticky":false,"template":"","format":"standard","meta":{"advanced_seo_description":"","jetpack_seo_html_title":"","jetpack_seo_noindex":false,"_jetpack_memberships_contains_paid_content":false,"footnotes":""},"categories":[1],"tags":[],"class_list":["post-39876","post","type-post","status-publish","format-standard","has-post-thumbnail","hentry","category-cronica"],"jetpack_featured_media_url":"https:\/\/i0.wp.com\/eltrabajo.cl\/portal\/wp-content\/uploads\/2013\/11\/marcha-lasfrescas3.jpg?fit=529%2C353&ssl=1","jetpack_sharing_enabled":true,"jetpack_likes_enabled":true,"jetpack-related-posts":[],"_links":{"self":[{"href":"https:\/\/eltrabajo.cl\/portal\/wp-json\/wp\/v2\/posts\/39876","targetHints":{"allow":["GET"]}}],"collection":[{"href":"https:\/\/eltrabajo.cl\/portal\/wp-json\/wp\/v2\/posts"}],"about":[{"href":"https:\/\/eltrabajo.cl\/portal\/wp-json\/wp\/v2\/types\/post"}],"author":[{"embeddable":true,"href":"https:\/\/eltrabajo.cl\/portal\/wp-json\/wp\/v2\/users\/482"}],"replies":[{"embeddable":true,"href":"https:\/\/eltrabajo.cl\/portal\/wp-json\/wp\/v2\/comments?post=39876"}],"version-history":[{"count":0,"href":"https:\/\/eltrabajo.cl\/portal\/wp-json\/wp\/v2\/posts\/39876\/revisions"}],"wp:featuredmedia":[{"embeddable":true,"href":"https:\/\/eltrabajo.cl\/portal\/wp-json\/wp\/v2\/media\/39877"}],"wp:attachment":[{"href":"https:\/\/eltrabajo.cl\/portal\/wp-json\/wp\/v2\/media?parent=39876"}],"wp:term":[{"taxonomy":"category","embeddable":true,"href":"https:\/\/eltrabajo.cl\/portal\/wp-json\/wp\/v2\/categories?post=39876"},{"taxonomy":"post_tag","embeddable":true,"href":"https:\/\/eltrabajo.cl\/portal\/wp-json\/wp\/v2\/tags?post=39876"}],"curies":[{"name":"wp","href":"https:\/\/api.w.org\/{rel}","templated":true}]}}