{"id":39884,"date":"2013-11-25T09:10:42","date_gmt":"2013-11-25T12:10:42","guid":{"rendered":"http:\/\/www.eltrabajo.cl\/portal\/?p=39884"},"modified":"2013-11-25T09:10:42","modified_gmt":"2013-11-25T12:10:42","slug":"vecino-igual-debera-pagar-mas-de-medio-millon-de-pesos-a-chilquinta","status":"publish","type":"post","link":"https:\/\/eltrabajo.cl\/portal\/vecino-igual-debera-pagar-mas-de-medio-millon-de-pesos-a-chilquinta\/","title":{"rendered":"Vecino igual deber\u00e1 pagar m\u00e1s de medio mill\u00f3n de pesos a Chilquinta"},"content":{"rendered":"<figure id=\"attachment_39885\" aria-describedby=\"caption-attachment-39885\" style=\"width: 423px\" class=\"wp-caption alignleft\"><a href=\"https:\/\/i0.wp.com\/www.eltrabajo.cl\/portal\/wp-content\/uploads\/2013\/11\/danilo-silva1.jpg\"><img data-recalc-dims=\"1\" loading=\"lazy\" decoding=\"async\" class=\" wp-image-39885 \" title=\"DESESPERADO.- Danilo Silva, cuya cuenta de Chilquinta en la \u00faltima facturaci\u00f3n super\u00f3 los $530.000, deber\u00e1 pagar \u00edntegramente dicho monto luego que la empresa Chilquinta se desentendiera del tema y no le diera ninguna soluci\u00f3n.\" alt=\"DESESPERADO.- Danilo Silva, cuya cuenta de Chilquinta en la \u00faltima facturaci\u00f3n super\u00f3 los $530.000, deber\u00e1 pagar \u00edntegramente dicho monto luego que la empresa Chilquinta se desentendiera del tema y no le diera ninguna soluci\u00f3n.\" src=\"https:\/\/i0.wp.com\/www.eltrabajo.cl\/portal\/wp-content\/uploads\/2013\/11\/danilo-silva1.jpg?resize=423%2C325\" width=\"423\" height=\"325\" srcset=\"https:\/\/i0.wp.com\/eltrabajo.cl\/portal\/wp-content\/uploads\/2013\/11\/danilo-silva1.jpg?w=529&amp;ssl=1 529w, https:\/\/i0.wp.com\/eltrabajo.cl\/portal\/wp-content\/uploads\/2013\/11\/danilo-silva1.jpg?resize=195%2C150&amp;ssl=1 195w, https:\/\/i0.wp.com\/eltrabajo.cl\/portal\/wp-content\/uploads\/2013\/11\/danilo-silva1.jpg?resize=300%2C230&amp;ssl=1 300w, https:\/\/i0.wp.com\/eltrabajo.cl\/portal\/wp-content\/uploads\/2013\/11\/danilo-silva1.jpg?resize=150%2C115&amp;ssl=1 150w, https:\/\/i0.wp.com\/eltrabajo.cl\/portal\/wp-content\/uploads\/2013\/11\/danilo-silva1.jpg?resize=400%2C306&amp;ssl=1 400w\" sizes=\"auto, (max-width: 423px) 100vw, 423px\" \/><\/a><figcaption id=\"caption-attachment-39885\" class=\"wp-caption-text\">DESESPERADO.- Danilo Silva, cuya cuenta de Chilquinta en la \u00faltima facturaci\u00f3n super\u00f3 los $530.000, deber\u00e1 pagar \u00edntegramente dicho monto luego que la empresa Chilquinta se desentendiera del tema y no le diera ninguna soluci\u00f3n.<\/figcaption><\/figure>\n<p><strong>PUTAENDO.<\/strong>&#8211; El caso del vecino Danilo Silva, cuya cuenta de Chilquinta en la \u00faltima facturaci\u00f3n super\u00f3 los $530.000, deber\u00e1 pagar \u00edntegramente dicho monto luego que la empresa Chilquinta se desentendiera del tema y no le diera ninguna soluci\u00f3n. Silva, concurri\u00f3 a mediados de la semana pasada hasta las oficinas de Chilquinta, cuando se pudo reunir personalmente con el Subgerente zonal de Chilquinta, con quien analizaron la situaci\u00f3n que hoy le est\u00e1 afectando.<\/p>\n<p>&nbsp;<\/p>\n<p><strong>EN C\u00d3MODAS CUOTAS<\/strong><\/p>\n<p>Lamentablemente seg\u00fan expres\u00f3 Danilo Silva, el alto personero de Chilquinta le dijo que la empresa hab\u00eda logrado determinar que el cobro se ajustaba a derecho y le sugiri\u00f3 contratar un el\u00e9ctrico particular para que revisara desde el medidor hacia su domicilio porque ah\u00ed podr\u00eda tener una \u2018fuga\u2019, la que no es responsabilidad de Chilquinta, agregando el vecino que la \u00fanica soluci\u00f3n que le dieron es que puede pagar los $532.000 en c\u00f3modas cuotas, para lo cual le dieron la opci\u00f3n que el mismo entregue la cantidad de cuotas y los montos a cancelar.<\/p>\n<p>Silva dijo sentirse decepcionado, pues, hasta el d\u00eda de hoy no han venido a revisar su medidor, s\u00f3lo le tomaron una fotograf\u00eda desde el antejard\u00edn y asegura que en su casa no hay ning\u00fan inconveniente el\u00e9ctrico, pues se encarg\u00f3 de chequearlo, y le parece sumamente extra\u00f1o el alto costo, adem\u00e1s dijo que el d\u00eda que se reuni\u00f3 con el ejecutivo de Chilquinta hace una semana atr\u00e1s ya ten\u00eda mas de $100.000 en consumo que ser\u00e1n facturados a fines de este mes, por lo que dijo hace insostenible tener que pagar la primera boleta de mas 500.000 pesos, aunque sea en cuotas, y los montos que ahora vendr\u00e1n en adelante, por lo que se\u00f1al\u00f3 que lamentablemente no le queda mas remedio que aceptar lo que dice Chilquinta pues no tiene quien lo pueda defender o ayudar en una situaci\u00f3n que calific\u00f3 como injusta ya que Chilquinta literalmente se desentendi\u00f3 del problema y no le ha dado una respuesta satisfactoria y la \u00fanica soluci\u00f3n que le dieron es pagar la alta cantidad en cuotas mensuales.<\/p>\n<p>Patricio Gallardo M.<\/p>\n<p>&nbsp;<\/p>\n","protected":false},"excerpt":{"rendered":"<p>PUTAENDO.&#8211; El caso del vecino Danilo Silva, cuya cuenta de Chilquinta en la \u00faltima facturaci\u00f3n super\u00f3 los $530.000, deber\u00e1 pagar \u00edntegramente dicho monto luego que la empresa Chilquinta se desentendiera del tema&#8230;<\/p>\n","protected":false},"author":482,"featured_media":39885,"comment_status":"open","ping_status":"closed","sticky":false,"template":"","format":"standard","meta":{"advanced_seo_description":"","jetpack_seo_html_title":"","jetpack_seo_noindex":false,"_jetpack_memberships_contains_paid_content":false,"footnotes":""},"categories":[1],"tags":[],"class_list":["post-39884","post","type-post","status-publish","format-standard","has-post-thumbnail","hentry","category-cronica"],"jetpack_featured_media_url":"https:\/\/i0.wp.com\/eltrabajo.cl\/portal\/wp-content\/uploads\/2013\/11\/danilo-silva1.jpg?fit=529%2C406&ssl=1","jetpack_sharing_enabled":true,"jetpack_likes_enabled":true,"jetpack-related-posts":[],"_links":{"self":[{"href":"https:\/\/eltrabajo.cl\/portal\/wp-json\/wp\/v2\/posts\/39884","targetHints":{"allow":["GET"]}}],"collection":[{"href":"https:\/\/eltrabajo.cl\/portal\/wp-json\/wp\/v2\/posts"}],"about":[{"href":"https:\/\/eltrabajo.cl\/portal\/wp-json\/wp\/v2\/types\/post"}],"author":[{"embeddable":true,"href":"https:\/\/eltrabajo.cl\/portal\/wp-json\/wp\/v2\/users\/482"}],"replies":[{"embeddable":true,"href":"https:\/\/eltrabajo.cl\/portal\/wp-json\/wp\/v2\/comments?post=39884"}],"version-history":[{"count":0,"href":"https:\/\/eltrabajo.cl\/portal\/wp-json\/wp\/v2\/posts\/39884\/revisions"}],"wp:featuredmedia":[{"embeddable":true,"href":"https:\/\/eltrabajo.cl\/portal\/wp-json\/wp\/v2\/media\/39885"}],"wp:attachment":[{"href":"https:\/\/eltrabajo.cl\/portal\/wp-json\/wp\/v2\/media?parent=39884"}],"wp:term":[{"taxonomy":"category","embeddable":true,"href":"https:\/\/eltrabajo.cl\/portal\/wp-json\/wp\/v2\/categories?post=39884"},{"taxonomy":"post_tag","embeddable":true,"href":"https:\/\/eltrabajo.cl\/portal\/wp-json\/wp\/v2\/tags?post=39884"}],"curies":[{"name":"wp","href":"https:\/\/api.w.org\/{rel}","templated":true}]}}