{"id":39896,"date":"2013-11-26T11:28:52","date_gmt":"2013-11-26T14:28:52","guid":{"rendered":"http:\/\/www.eltrabajo.cl\/portal\/?p=39896"},"modified":"2013-11-26T11:28:52","modified_gmt":"2013-11-26T14:28:52","slug":"gerente-del-uni-uni-le-echo-la-policia-a-vecino-por-estar-mal-estacionado","status":"publish","type":"post","link":"https:\/\/eltrabajo.cl\/portal\/gerente-del-uni-uni-le-echo-la-policia-a-vecino-por-estar-mal-estacionado\/","title":{"rendered":"Gerente del Un\u00ed Un\u00ed le ech\u00f3 la Polic\u00eda a vecino por estar mal estacionado"},"content":{"rendered":"<figure id=\"attachment_39897\" aria-describedby=\"caption-attachment-39897\" style=\"width: 317px\" class=\"wp-caption alignleft\"><a href=\"https:\/\/i0.wp.com\/www.eltrabajo.cl\/portal\/wp-content\/uploads\/2013\/11\/juan-carlos-alvarado.jpg\"><img data-recalc-dims=\"1\" loading=\"lazy\" decoding=\"async\" class=\" wp-image-39897 \" title=\"Juan Carlos Alvarado, vecino que asegura ser v\u00edctima de un \u2018atropello\u2019 por parte del gerente del Un\u00ed, muestra a Diario El Trabajo la se\u00f1al\u00e9tica que en las oficinas del Un\u00ed han colocado.\" alt=\"Juan Carlos Alvarado, vecino que asegura ser v\u00edctima de un \u2018atropello\u2019 por parte del gerente del Un\u00ed, muestra a Diario El Trabajo la se\u00f1al\u00e9tica que en las oficinas del Un\u00ed han colocado.\" src=\"https:\/\/i0.wp.com\/www.eltrabajo.cl\/portal\/wp-content\/uploads\/2013\/11\/juan-carlos-alvarado.jpg?resize=317%2C226\" width=\"317\" height=\"226\" srcset=\"https:\/\/i0.wp.com\/eltrabajo.cl\/portal\/wp-content\/uploads\/2013\/11\/juan-carlos-alvarado.jpg?w=528&amp;ssl=1 528w, https:\/\/i0.wp.com\/eltrabajo.cl\/portal\/wp-content\/uploads\/2013\/11\/juan-carlos-alvarado.jpg?resize=200%2C142&amp;ssl=1 200w, https:\/\/i0.wp.com\/eltrabajo.cl\/portal\/wp-content\/uploads\/2013\/11\/juan-carlos-alvarado.jpg?resize=300%2C213&amp;ssl=1 300w, https:\/\/i0.wp.com\/eltrabajo.cl\/portal\/wp-content\/uploads\/2013\/11\/juan-carlos-alvarado.jpg?resize=150%2C106&amp;ssl=1 150w, https:\/\/i0.wp.com\/eltrabajo.cl\/portal\/wp-content\/uploads\/2013\/11\/juan-carlos-alvarado.jpg?resize=400%2C284&amp;ssl=1 400w\" sizes=\"auto, (max-width: 317px) 100vw, 317px\" \/><\/a><figcaption id=\"caption-attachment-39897\" class=\"wp-caption-text\">Juan Carlos Alvarado, vecino que asegura ser v\u00edctima de un \u2018atropello\u2019 por parte del gerente del Un\u00ed, muestra a Diario El Trabajo la se\u00f1al\u00e9tica que en las oficinas del Un\u00ed han colocado.<\/figcaption><\/figure>\n<p>Muy molesto y tambi\u00e9n preocupado se mostr\u00f3 Juan Carlos Alvarado Chaparro, vecino al que Carabineros le curs\u00f3 un Parte luego que el Gerente General de Uni\u00f3n San Felipe, Omar Cerigliano, quien habr\u00eda acudido a los uniformados para reportar el supuesto uso indebido de su vecino, de estacionar su veh\u00edculo en un espacio supuestamente asignado para la salida y entrada de veh\u00edculos de funcionarios del Un\u00ed.<\/p>\n<p>Alvarado habl\u00f3 con Diario El Trabajo para expresar su malestar contra esta situaci\u00f3n que, a su parecer, es un abuso por parte del directivo deportivo.<\/p>\n<p>\u00abEstoy muy pero muy molesto con este se\u00f1or Cerigliano, pues coloc\u00f3 un anuncio impreso con las palabras \u2018No estacionar frente al port\u00f3n\u2019, situaci\u00f3n que me ha generado tener que enfrentar a tener que pagar un Parte que Carabineros me impuso\u00bb, se\u00f1al\u00f3 Alvarado.<\/p>\n<p>Este vecino asegur\u00f3 a nuestro medio que en Vialidad le hab\u00edan indicado que la placa o anuncio usado por la gerencia del Un\u00ed, no ten\u00eda validez como para ameritar un Parte policial. Seg\u00fan este vecino, quien vive contiguo a las oficinas de Uni\u00f3n San Felipe, ubicadas propiamente en calles Santo Domingo con Navarro, no le parece justo el tener que pagar porque su auto no qued\u00f3 colocado al gusto de este empresario.<\/p>\n<p>Diario El Trabajo habl\u00f3 con el Gerente General del Uni\u00f3n San Felipe, Omar Cerigliano, quien indic\u00f3 a nuestro medio que \u00abdurante varias semanas hemos venido encontrando el auto de este vecino a la entrada de nuestro garaje, le solicitamos varias veces que nos liberara la entrada sin que \u00e9l lo quitara, por lo que nos vimos obligados a realizar el reporte a Carabineros, s\u00f3lo queremos tener entrada a nuestro garaje, eso es todo\u00bb, asegur\u00f3 Cerigliano.<\/p>\n<p>&nbsp;<\/p>\n","protected":false},"excerpt":{"rendered":"<p>Muy molesto y tambi\u00e9n preocupado se mostr\u00f3 Juan Carlos Alvarado Chaparro, vecino al que Carabineros le curs\u00f3 un Parte luego que el Gerente General de Uni\u00f3n San Felipe, Omar Cerigliano, quien habr\u00eda&#8230;<\/p>\n","protected":false},"author":482,"featured_media":39897,"comment_status":"open","ping_status":"closed","sticky":false,"template":"","format":"standard","meta":{"advanced_seo_description":"","jetpack_seo_html_title":"","jetpack_seo_noindex":false,"_jetpack_memberships_contains_paid_content":false,"footnotes":""},"categories":[15],"tags":[],"class_list":["post-39896","post","type-post","status-publish","format-standard","has-post-thumbnail","hentry","category-comunidad"],"jetpack_featured_media_url":"https:\/\/i0.wp.com\/eltrabajo.cl\/portal\/wp-content\/uploads\/2013\/11\/juan-carlos-alvarado.jpg?fit=528%2C376&ssl=1","jetpack_sharing_enabled":true,"jetpack_likes_enabled":true,"jetpack-related-posts":[],"_links":{"self":[{"href":"https:\/\/eltrabajo.cl\/portal\/wp-json\/wp\/v2\/posts\/39896","targetHints":{"allow":["GET"]}}],"collection":[{"href":"https:\/\/eltrabajo.cl\/portal\/wp-json\/wp\/v2\/posts"}],"about":[{"href":"https:\/\/eltrabajo.cl\/portal\/wp-json\/wp\/v2\/types\/post"}],"author":[{"embeddable":true,"href":"https:\/\/eltrabajo.cl\/portal\/wp-json\/wp\/v2\/users\/482"}],"replies":[{"embeddable":true,"href":"https:\/\/eltrabajo.cl\/portal\/wp-json\/wp\/v2\/comments?post=39896"}],"version-history":[{"count":0,"href":"https:\/\/eltrabajo.cl\/portal\/wp-json\/wp\/v2\/posts\/39896\/revisions"}],"wp:featuredmedia":[{"embeddable":true,"href":"https:\/\/eltrabajo.cl\/portal\/wp-json\/wp\/v2\/media\/39897"}],"wp:attachment":[{"href":"https:\/\/eltrabajo.cl\/portal\/wp-json\/wp\/v2\/media?parent=39896"}],"wp:term":[{"taxonomy":"category","embeddable":true,"href":"https:\/\/eltrabajo.cl\/portal\/wp-json\/wp\/v2\/categories?post=39896"},{"taxonomy":"post_tag","embeddable":true,"href":"https:\/\/eltrabajo.cl\/portal\/wp-json\/wp\/v2\/tags?post=39896"}],"curies":[{"name":"wp","href":"https:\/\/api.w.org\/{rel}","templated":true}]}}