{"id":39903,"date":"2013-11-26T11:39:44","date_gmt":"2013-11-26T14:39:44","guid":{"rendered":"http:\/\/www.eltrabajo.cl\/portal\/?p=39903"},"modified":"2013-11-26T11:39:44","modified_gmt":"2013-11-26T14:39:44","slug":"con-flores-y-velas-estudiantes-exigen-respeto-hacia-las-mujeres","status":"publish","type":"post","link":"https:\/\/eltrabajo.cl\/portal\/con-flores-y-velas-estudiantes-exigen-respeto-hacia-las-mujeres\/","title":{"rendered":"Con flores y velas, estudiantes exigen respeto hacia las mujeres"},"content":{"rendered":"<figure id=\"attachment_39905\" aria-describedby=\"caption-attachment-39905\" style=\"width: 528px\" class=\"wp-caption alignnone\"><a href=\"https:\/\/i0.wp.com\/www.eltrabajo.cl\/portal\/wp-content\/uploads\/2013\/11\/foto-4-violencia.jpg\"><img data-recalc-dims=\"1\" loading=\"lazy\" decoding=\"async\" class=\"size-full wp-image-39905\" title=\"Las m\u00e1s peque\u00f1itas, vestidas de colores, representaban la esperanza por un futuro sin agresores, sin femicidios ni mujeres muertas producto de la violencia intrafamiliar.\" alt=\"Las m\u00e1s peque\u00f1itas, vestidas de colores, representaban la esperanza por un futuro sin agresores, sin femicidios ni mujeres muertas producto de la violencia intrafamiliar.\" src=\"https:\/\/i0.wp.com\/www.eltrabajo.cl\/portal\/wp-content\/uploads\/2013\/11\/foto-4-violencia.jpg?resize=528%2C316\" width=\"528\" height=\"316\" srcset=\"https:\/\/i0.wp.com\/eltrabajo.cl\/portal\/wp-content\/uploads\/2013\/11\/foto-4-violencia.jpg?w=528&amp;ssl=1 528w, https:\/\/i0.wp.com\/eltrabajo.cl\/portal\/wp-content\/uploads\/2013\/11\/foto-4-violencia.jpg?resize=200%2C119&amp;ssl=1 200w, https:\/\/i0.wp.com\/eltrabajo.cl\/portal\/wp-content\/uploads\/2013\/11\/foto-4-violencia.jpg?resize=300%2C179&amp;ssl=1 300w, https:\/\/i0.wp.com\/eltrabajo.cl\/portal\/wp-content\/uploads\/2013\/11\/foto-4-violencia.jpg?resize=150%2C89&amp;ssl=1 150w, https:\/\/i0.wp.com\/eltrabajo.cl\/portal\/wp-content\/uploads\/2013\/11\/foto-4-violencia.jpg?resize=400%2C239&amp;ssl=1 400w\" sizes=\"auto, (max-width: 528px) 100vw, 528px\" \/><\/a><figcaption id=\"caption-attachment-39905\" class=\"wp-caption-text\">Las m\u00e1s peque\u00f1itas, vestidas de colores, representaban la esperanza por un futuro sin agresores, sin femicidios ni mujeres muertas producto de la violencia intrafamiliar.<\/figcaption><\/figure>\n<p>&nbsp;<\/p>\n<ul>\n<li><strong>En el marco de la conmemoraci\u00f3n del D\u00eda por la No Violencia contra la Mujer, la directora del Corina Urbina manifest\u00f3 que no son pocos los casos de j\u00f3venes que han sido violentadas por sus pololos. En tanto, la gobernadora Patricia Boffa enfatiz\u00f3 en la necesidad de denunciar a los agresores.<\/strong><\/li>\n<\/ul>\n<p>Fueron las alumnas del Liceo Corina Urbina las encargadas de dar vida a la marcha y posterior acto en conmemoraci\u00f3n del D\u00eda por la No Violencia contra la Mujer.<\/p>\n<figure id=\"attachment_39904\" aria-describedby=\"caption-attachment-39904\" style=\"width: 423px\" class=\"wp-caption alignright\"><a href=\"https:\/\/i0.wp.com\/www.eltrabajo.cl\/portal\/wp-content\/uploads\/2013\/11\/foto-3-violencia.jpg\"><img data-recalc-dims=\"1\" loading=\"lazy\" decoding=\"async\" class=\" wp-image-39904 \" title=\"El establecimiento educacional de San Felipe decidi\u00f3 sumarse a las actividades de conmemoraci\u00f3n de este d\u00eda, entendiendo que tambi\u00e9n hay alumnas que sufren violencia en el pololeo.\" alt=\"El establecimiento educacional de San Felipe decidi\u00f3 sumarse a las actividades de conmemoraci\u00f3n de este d\u00eda, entendiendo que tambi\u00e9n hay alumnas que sufren violencia en el pololeo.\" src=\"https:\/\/i0.wp.com\/www.eltrabajo.cl\/portal\/wp-content\/uploads\/2013\/11\/foto-3-violencia.jpg?resize=423%2C266\" width=\"423\" height=\"266\" srcset=\"https:\/\/i0.wp.com\/eltrabajo.cl\/portal\/wp-content\/uploads\/2013\/11\/foto-3-violencia.jpg?w=529&amp;ssl=1 529w, https:\/\/i0.wp.com\/eltrabajo.cl\/portal\/wp-content\/uploads\/2013\/11\/foto-3-violencia.jpg?resize=200%2C125&amp;ssl=1 200w, https:\/\/i0.wp.com\/eltrabajo.cl\/portal\/wp-content\/uploads\/2013\/11\/foto-3-violencia.jpg?resize=300%2C188&amp;ssl=1 300w, https:\/\/i0.wp.com\/eltrabajo.cl\/portal\/wp-content\/uploads\/2013\/11\/foto-3-violencia.jpg?resize=150%2C94&amp;ssl=1 150w, https:\/\/i0.wp.com\/eltrabajo.cl\/portal\/wp-content\/uploads\/2013\/11\/foto-3-violencia.jpg?resize=400%2C251&amp;ssl=1 400w\" sizes=\"auto, (max-width: 423px) 100vw, 423px\" \/><\/a><figcaption id=\"caption-attachment-39904\" class=\"wp-caption-text\">El establecimiento educacional de San Felipe decidi\u00f3 sumarse a las actividades de conmemoraci\u00f3n de este d\u00eda, entendiendo que tambi\u00e9n hay alumnas que sufren violencia en el pololeo.<\/figcaption><\/figure>\n<p>As\u00ed como hab\u00eda alumnas de ense\u00f1anza media que vest\u00edan de negro y portaban velas encendidas, en se\u00f1al de luto por la muerte de muchas mujeres v\u00edctimas de femicidio, tambi\u00e9n hab\u00eda peque\u00f1itas de primer ciclo b\u00e1sico vestidas de colores, algunas disfrazadas de bailarinas de ballet o de princesas, que representaban la esperanza por un pa\u00eds y un mundo mejor.<\/p>\n<p>Para la directora del Corina Urbina, Mar\u00eda Isabel Espejo, sumarse a las actividades de conmemoraci\u00f3n de esta fecha, promovidas desde la Gobernaci\u00f3n Provincial de San Felipe, tiene un enorme significado, ya que desde que se inicia la formaci\u00f3n en el colegio, en la pre b\u00e1sica, hasta que egresan las alumnas, se incorporan conceptos de autoestima, respeto y dignidad, en el entendido que solo de esa manera, en edad de tener pareja, ellas comprender\u00e1n que en ning\u00fan caso deben aceptar que sean violentadas.<\/p>\n<p>Explic\u00f3 la profesional que no son pocos los casos de alumnas que llegan al colegio contando que en sus casas, sus mam\u00e1s han sido v\u00edctimas de agresi\u00f3n por parte de sus parejas; pero tambi\u00e9n, han detectado casos de adolescentes que han sido violentadas por sus pololos.<\/p>\n<figure id=\"attachment_39906\" aria-describedby=\"caption-attachment-39906\" style=\"width: 422px\" class=\"wp-caption alignleft\"><a href=\"https:\/\/i0.wp.com\/www.eltrabajo.cl\/portal\/wp-content\/uploads\/2013\/11\/foto-1-violencia.jpg\"><img data-recalc-dims=\"1\" loading=\"lazy\" decoding=\"async\" class=\" wp-image-39906 \" title=\"Las alumnas que encabezaban la marcha, llevaban velas encendidas, representando el duelo de haber perdido a mujeres v\u00edctimas de femicidio.\" alt=\"Las alumnas que encabezaban la marcha, llevaban velas encendidas, representando el duelo de haber perdido a mujeres v\u00edctimas de femicidio.\" src=\"https:\/\/i0.wp.com\/www.eltrabajo.cl\/portal\/wp-content\/uploads\/2013\/11\/foto-1-violencia.jpg?resize=422%2C248\" width=\"422\" height=\"248\" srcset=\"https:\/\/i0.wp.com\/eltrabajo.cl\/portal\/wp-content\/uploads\/2013\/11\/foto-1-violencia.jpg?w=528&amp;ssl=1 528w, https:\/\/i0.wp.com\/eltrabajo.cl\/portal\/wp-content\/uploads\/2013\/11\/foto-1-violencia.jpg?resize=200%2C117&amp;ssl=1 200w, https:\/\/i0.wp.com\/eltrabajo.cl\/portal\/wp-content\/uploads\/2013\/11\/foto-1-violencia.jpg?resize=300%2C176&amp;ssl=1 300w, https:\/\/i0.wp.com\/eltrabajo.cl\/portal\/wp-content\/uploads\/2013\/11\/foto-1-violencia.jpg?resize=150%2C88&amp;ssl=1 150w, https:\/\/i0.wp.com\/eltrabajo.cl\/portal\/wp-content\/uploads\/2013\/11\/foto-1-violencia.jpg?resize=400%2C234&amp;ssl=1 400w\" sizes=\"auto, (max-width: 422px) 100vw, 422px\" \/><\/a><figcaption id=\"caption-attachment-39906\" class=\"wp-caption-text\">Las alumnas que encabezaban la marcha, llevaban velas encendidas, representando el duelo de haber perdido a mujeres v\u00edctimas de femicidio.<\/figcaption><\/figure>\n<p>\u201cNosotros tenemos un protocolo de acci\u00f3n frente a este tipo de situaciones. Sabemos qu\u00e9 hacer y como canalizar las denuncias. Pero lo importante, es que gracias a la formaci\u00f3n de las ni\u00f1as en el Liceo, ellas saben que deben denunciar y es as\u00ed que muchas veces nos hemos enterado de lo que han vivido, cuando ya han realizado la denuncia ante Carabineros o la PDI\u201d, se\u00f1al\u00f3 Mar\u00eda Isabel Espejo.<\/p>\n<p>El problema, seg\u00fan la gobernadora provincial, Patricia Boffa, es que as\u00ed como en el pololeo, el matrimonio o la vida en pareja, muchas mujeres caen en lo mismo no solo una, sino que decenas de veces. Y en reiteradas ocasiones son golpeadas por quienes dicen quererlas y amarlas, sin que se realice una intervenci\u00f3n que les permita a los hombres terminar con estas conductas violentas o definitivamente, alejarse de estos potenciales femicidas.<\/p>\n<p>El tema no es menor, al extremo que la jefa provincial cuenta que la Gobernaci\u00f3n tiene bajo su responsabilidad, una casa de acogida donde muchas de las mujeres que all\u00ed se encuentran, han sido amenazadas de muerte por sus parejas. \u201cEllas tienen un fuerte apoyo sicosocial, nos preocupamos de sus hijos, en lo que es un trabajo incansable en contra de la violencia intrafamiliar\u201d, se\u00f1ala Patricia Boffa.<\/p>\n<p>Record\u00f3 la autoridad que si de violencia hacia la mujer se trata, esta no solo se traduce en agresiones f\u00edsicas, sino tambi\u00e9n en agresiones sicol\u00f3gicas, econ\u00f3micas y tambi\u00e9n de car\u00e1cter sexual.<\/p>\n<p>\u201cPor eso el llamado que hacemos a las mujeres, es a denunciar a sus agresores. En promedio la mujer se demora siete a\u00f1os en denunciar a su agresor, y muchas de ellas no logran denunciarlos, porque hoy est\u00e1n muertas. Por eso es tan importante denunciar, recordando que un hombre que maltrata a una mujer, no es un hombre\u201d, manifest\u00f3 la autoridad provincial.<\/p>\n<p>Consultada la gobernadora por las pol\u00edticas que se han generado desde el Estado para prevenir el tema del maltrato, manifest\u00f3 que \u201chay toda una red de apoyo, y todo es gratuito. Cuando la violencia es m\u00e1s grave, se derivan a las mujeres a la Casa de Acogida\u201d.<\/p>\n<p>&nbsp;<\/p>\n","protected":false},"excerpt":{"rendered":"<p>&nbsp; En el marco de la conmemoraci\u00f3n del D\u00eda por la No Violencia contra la Mujer, la directora del Corina Urbina manifest\u00f3 que no son pocos los casos de j\u00f3venes que han&#8230;<\/p>\n","protected":false},"author":482,"featured_media":39905,"comment_status":"open","ping_status":"closed","sticky":false,"template":"","format":"standard","meta":{"advanced_seo_description":"","jetpack_seo_html_title":"","jetpack_seo_noindex":false,"_jetpack_memberships_contains_paid_content":false,"footnotes":""},"categories":[1],"tags":[],"class_list":["post-39903","post","type-post","status-publish","format-standard","has-post-thumbnail","hentry","category-cronica"],"jetpack_featured_media_url":"https:\/\/i0.wp.com\/eltrabajo.cl\/portal\/wp-content\/uploads\/2013\/11\/foto-4-violencia.jpg?fit=528%2C316&ssl=1","jetpack_sharing_enabled":true,"jetpack_likes_enabled":true,"jetpack-related-posts":[],"_links":{"self":[{"href":"https:\/\/eltrabajo.cl\/portal\/wp-json\/wp\/v2\/posts\/39903","targetHints":{"allow":["GET"]}}],"collection":[{"href":"https:\/\/eltrabajo.cl\/portal\/wp-json\/wp\/v2\/posts"}],"about":[{"href":"https:\/\/eltrabajo.cl\/portal\/wp-json\/wp\/v2\/types\/post"}],"author":[{"embeddable":true,"href":"https:\/\/eltrabajo.cl\/portal\/wp-json\/wp\/v2\/users\/482"}],"replies":[{"embeddable":true,"href":"https:\/\/eltrabajo.cl\/portal\/wp-json\/wp\/v2\/comments?post=39903"}],"version-history":[{"count":0,"href":"https:\/\/eltrabajo.cl\/portal\/wp-json\/wp\/v2\/posts\/39903\/revisions"}],"wp:featuredmedia":[{"embeddable":true,"href":"https:\/\/eltrabajo.cl\/portal\/wp-json\/wp\/v2\/media\/39905"}],"wp:attachment":[{"href":"https:\/\/eltrabajo.cl\/portal\/wp-json\/wp\/v2\/media?parent=39903"}],"wp:term":[{"taxonomy":"category","embeddable":true,"href":"https:\/\/eltrabajo.cl\/portal\/wp-json\/wp\/v2\/categories?post=39903"},{"taxonomy":"post_tag","embeddable":true,"href":"https:\/\/eltrabajo.cl\/portal\/wp-json\/wp\/v2\/tags?post=39903"}],"curies":[{"name":"wp","href":"https:\/\/api.w.org\/{rel}","templated":true}]}}