{"id":39910,"date":"2013-11-26T11:45:32","date_gmt":"2013-11-26T14:45:32","guid":{"rendered":"http:\/\/www.eltrabajo.cl\/portal\/?p=39910"},"modified":"2013-11-26T11:45:45","modified_gmt":"2013-11-26T14:45:45","slug":"este-domingo-se-realizara-reconocimiento-de-salas-para-rendir-la-psu","status":"publish","type":"post","link":"https:\/\/eltrabajo.cl\/portal\/este-domingo-se-realizara-reconocimiento-de-salas-para-rendir-la-psu\/","title":{"rendered":"Este domingo se realizar\u00e1 reconocimiento de salas para rendir la PSU"},"content":{"rendered":"<figure id=\"attachment_39911\" aria-describedby=\"caption-attachment-39911\" style=\"width: 529px\" class=\"wp-caption alignnone\"><a href=\"https:\/\/i0.wp.com\/www.eltrabajo.cl\/portal\/wp-content\/uploads\/2013\/11\/psu.jpg\"><img data-recalc-dims=\"1\" loading=\"lazy\" decoding=\"async\" class=\"size-full wp-image-39911\" title=\"Son m\u00e1s de 3 mil los j\u00f3venes en Aconcagua que est\u00e1n inscritos para rendir la PSU este a\u00f1o.\" alt=\"Son m\u00e1s de 3 mil los j\u00f3venes en Aconcagua que est\u00e1n inscritos para rendir la PSU este a\u00f1o.\" src=\"https:\/\/i0.wp.com\/www.eltrabajo.cl\/portal\/wp-content\/uploads\/2013\/11\/psu.jpg?resize=529%2C352\" width=\"529\" height=\"352\" srcset=\"https:\/\/i0.wp.com\/eltrabajo.cl\/portal\/wp-content\/uploads\/2013\/11\/psu.jpg?w=529&amp;ssl=1 529w, https:\/\/i0.wp.com\/eltrabajo.cl\/portal\/wp-content\/uploads\/2013\/11\/psu.jpg?resize=200%2C133&amp;ssl=1 200w, https:\/\/i0.wp.com\/eltrabajo.cl\/portal\/wp-content\/uploads\/2013\/11\/psu.jpg?resize=300%2C199&amp;ssl=1 300w, https:\/\/i0.wp.com\/eltrabajo.cl\/portal\/wp-content\/uploads\/2013\/11\/psu.jpg?resize=150%2C99&amp;ssl=1 150w, https:\/\/i0.wp.com\/eltrabajo.cl\/portal\/wp-content\/uploads\/2013\/11\/psu.jpg?resize=400%2C266&amp;ssl=1 400w\" sizes=\"auto, (max-width: 529px) 100vw, 529px\" \/><\/a><figcaption id=\"caption-attachment-39911\" class=\"wp-caption-text\">Son m\u00e1s de 3 mil los j\u00f3venes en Aconcagua que est\u00e1n inscritos para rendir la PSU este a\u00f1o.<\/figcaption><\/figure>\n<p>Para las 17.00 horas de este domingo, en los locales de rendici\u00f3n correspondientes al Liceo Roberto Humeres, Liceo Corina Urbina y Escuela Jos\u00e9 de San Mart\u00edn, est\u00e1 contemplada la realizaci\u00f3n del reconocimiento de salas donde los j\u00f3venes deber\u00e1n rendir la PSU los d\u00edas lunes 2 y martes 3 de diciembre.<\/p>\n<figure id=\"attachment_39912\" aria-describedby=\"caption-attachment-39912\" style=\"width: 317px\" class=\"wp-caption alignright\"><a href=\"https:\/\/i0.wp.com\/www.eltrabajo.cl\/portal\/wp-content\/uploads\/2013\/11\/marcos-castillo.jpg\"><img data-recalc-dims=\"1\" loading=\"lazy\" decoding=\"async\" class=\" wp-image-39912 \" title=\"Marcos Castillo, director del Liceo Roberto Humeres, recalc\u00f3 la importancia de acudir a reconocer salas el pr\u00f3ximo domingo a partir de las 17.00 horas.\" alt=\"Marcos Castillo, director del Liceo Roberto Humeres, recalc\u00f3 la importancia de acudir a reconocer salas el pr\u00f3ximo domingo a partir de las 17.00 horas.\" src=\"https:\/\/i0.wp.com\/www.eltrabajo.cl\/portal\/wp-content\/uploads\/2013\/11\/marcos-castillo.jpg?resize=317%2C296\" width=\"317\" height=\"296\" srcset=\"https:\/\/i0.wp.com\/eltrabajo.cl\/portal\/wp-content\/uploads\/2013\/11\/marcos-castillo.jpg?w=529&amp;ssl=1 529w, https:\/\/i0.wp.com\/eltrabajo.cl\/portal\/wp-content\/uploads\/2013\/11\/marcos-castillo.jpg?resize=160%2C150&amp;ssl=1 160w, https:\/\/i0.wp.com\/eltrabajo.cl\/portal\/wp-content\/uploads\/2013\/11\/marcos-castillo.jpg?resize=300%2C280&amp;ssl=1 300w, https:\/\/i0.wp.com\/eltrabajo.cl\/portal\/wp-content\/uploads\/2013\/11\/marcos-castillo.jpg?resize=150%2C140&amp;ssl=1 150w, https:\/\/i0.wp.com\/eltrabajo.cl\/portal\/wp-content\/uploads\/2013\/11\/marcos-castillo.jpg?resize=400%2C373&amp;ssl=1 400w\" sizes=\"auto, (max-width: 317px) 100vw, 317px\" \/><\/a><figcaption id=\"caption-attachment-39912\" class=\"wp-caption-text\">Marcos Castillo, director del Liceo Roberto Humeres, recalc\u00f3 la importancia de acudir a reconocer salas el pr\u00f3ximo domingo a partir de las 17.00 horas.<\/figcaption><\/figure>\n<p>As\u00ed lo dio a conocer el director interino del Liceo Roberto Humeres, Marcos Castillo, quien se\u00f1al\u00f3 que en estos tres establecimientos educacionales de San Felipe, ser\u00e1n m\u00e1s de tres mil los j\u00f3venes que rendir\u00e1n la PSU, prueba fundamental para la admisi\u00f3n a la Universidad, sobre todo para aquellas que forman parte del Consejo de Rectores.<\/p>\n<p>Explic\u00f3 que la idea del reconocimiento de salas, es que los postulantes puedan llegar directo y sin perder tiempo al lugar donde deben rendir la PSU, lo que les permite m\u00e1s confianza al momento de rendir este examen.<\/p>\n<p>\u201cEs importante que los j\u00f3venes vengan a reconocer sus salas, porque eso les permite mayor tranquilidad el d\u00eda de la prueba y no se encuentren con sorpresas, record\u00e1ndoles que en la p\u00e1gina del Demre (www.demre.cl) pueden encontrar informaci\u00f3n sobre cu\u00e1l es el lugar donde deben rendir la PSU\u201d, se\u00f1al\u00f3 Marcos Castillo.<\/p>\n<p>El directivo se\u00f1al\u00f3 que el material para la aplicaci\u00f3n de la prueba ya fue distribuido, en tanto que cada jefe de local realizar\u00e1 reuniones esta semana con los diferentes examinadores, que ser\u00e1n los encargados de aplicar las distintas pruebas.<\/p>\n<p>Frente a situaciones tales como la p\u00e9rdida de documentos de identidad o tarjeta de identificaci\u00f3n, se\u00f1al\u00f3 que lo ideal es que acudan durante esta semana a la Secretar\u00eda de Admisi\u00f3n, que se ubica en el Liceo Roberto Humeres, para resolver tales dificultades con anticipaci\u00f3n.<\/p>\n<p>Recalc\u00f3 la importancia de no llevar mochilas, bolsos, ni mucho menos art\u00edculos electr\u00f3nicos como tablets, notebooks, celulares u otros, por cuanto est\u00e1 prohibido ingresar a la sala con otra cosa distinta a la tarjeta de identificaci\u00f3n, c\u00e9dula de identidad, l\u00e1piz y la goma de borrar.<\/p>\n<p>El calendario publicado por el Demre, establece que el domingo 1 de diciembre se realizar\u00e1 el reconocimiento de salas entre las 17.00 y las 19.00 horas; el lunes 2 de diciembre se tomar\u00e1 la Prueba de Lenguaje y Comunicaci\u00f3n a las 09.00 horas con 80 preguntas y una duraci\u00f3n de 2 horas con 30 minutos; por la tarde el mismo d\u00eda lunes, a las 14.30 horas se aplicar\u00e1 la Prueba de Ciencias, con una duraci\u00f3n de 2 horas 40 minutos y 80 preguntas.<\/p>\n<p>El martes 3 de diciembre se aplicar\u00e1 las 09.00 horas la Prueba de Matem\u00e1ticas, con una duraci\u00f3n de 2 horas y 25 minutos, donde se deber\u00e1n responder 75 preguntas; mientras que por la tarde a las 14.30 horas se aplicar\u00e1 la Prueba de Historia y Ciencias Sociales, con una duraci\u00f3n de 2 horas y 30 minutos, per\u00edodo en el que responder\u00e1n 80 preguntas.<\/p>\n<p>Posteriormente, el calendario establece que el 28 de Diciembre se publicar\u00e1n a las 08.00 horas los resultados de la PSU, inici\u00e1ndose ese mismo d\u00eda y hasta el 31, a las 13.00 horas, el proceso de postulaciones.<\/p>\n","protected":false},"excerpt":{"rendered":"<p>Para las 17.00 horas de este domingo, en los locales de rendici\u00f3n correspondientes al Liceo Roberto Humeres, Liceo Corina Urbina y Escuela Jos\u00e9 de San Mart\u00edn, est\u00e1 contemplada la realizaci\u00f3n del reconocimiento&#8230;<\/p>\n","protected":false},"author":482,"featured_media":39911,"comment_status":"open","ping_status":"closed","sticky":false,"template":"","format":"standard","meta":{"advanced_seo_description":"","jetpack_seo_html_title":"","jetpack_seo_noindex":false,"_jetpack_memberships_contains_paid_content":false,"footnotes":""},"categories":[1],"tags":[],"class_list":["post-39910","post","type-post","status-publish","format-standard","has-post-thumbnail","hentry","category-cronica"],"jetpack_featured_media_url":"https:\/\/i0.wp.com\/eltrabajo.cl\/portal\/wp-content\/uploads\/2013\/11\/psu.jpg?fit=529%2C352&ssl=1","jetpack_sharing_enabled":true,"jetpack_likes_enabled":true,"jetpack-related-posts":[],"_links":{"self":[{"href":"https:\/\/eltrabajo.cl\/portal\/wp-json\/wp\/v2\/posts\/39910","targetHints":{"allow":["GET"]}}],"collection":[{"href":"https:\/\/eltrabajo.cl\/portal\/wp-json\/wp\/v2\/posts"}],"about":[{"href":"https:\/\/eltrabajo.cl\/portal\/wp-json\/wp\/v2\/types\/post"}],"author":[{"embeddable":true,"href":"https:\/\/eltrabajo.cl\/portal\/wp-json\/wp\/v2\/users\/482"}],"replies":[{"embeddable":true,"href":"https:\/\/eltrabajo.cl\/portal\/wp-json\/wp\/v2\/comments?post=39910"}],"version-history":[{"count":0,"href":"https:\/\/eltrabajo.cl\/portal\/wp-json\/wp\/v2\/posts\/39910\/revisions"}],"wp:featuredmedia":[{"embeddable":true,"href":"https:\/\/eltrabajo.cl\/portal\/wp-json\/wp\/v2\/media\/39911"}],"wp:attachment":[{"href":"https:\/\/eltrabajo.cl\/portal\/wp-json\/wp\/v2\/media?parent=39910"}],"wp:term":[{"taxonomy":"category","embeddable":true,"href":"https:\/\/eltrabajo.cl\/portal\/wp-json\/wp\/v2\/categories?post=39910"},{"taxonomy":"post_tag","embeddable":true,"href":"https:\/\/eltrabajo.cl\/portal\/wp-json\/wp\/v2\/tags?post=39910"}],"curies":[{"name":"wp","href":"https:\/\/api.w.org\/{rel}","templated":true}]}}