{"id":39915,"date":"2013-11-26T11:43:33","date_gmt":"2013-11-26T14:43:33","guid":{"rendered":"http:\/\/www.eltrabajo.cl\/portal\/?p=39915"},"modified":"2013-11-26T11:43:33","modified_gmt":"2013-11-26T14:43:33","slug":"hasta-vestimentas-de-la-colonia-mostraron-centros-de-madres-de-panquehue","status":"publish","type":"post","link":"https:\/\/eltrabajo.cl\/portal\/hasta-vestimentas-de-la-colonia-mostraron-centros-de-madres-de-panquehue\/","title":{"rendered":"Hasta vestimentas de la Colonia mostraron centros de madres de Panquehue"},"content":{"rendered":"<figure id=\"attachment_39916\" aria-describedby=\"caption-attachment-39916\" style=\"width: 528px\" class=\"wp-caption alignnone\"><a href=\"https:\/\/i0.wp.com\/www.eltrabajo.cl\/portal\/wp-content\/uploads\/2013\/11\/exposiciones-mujeres.jpg\"><img data-recalc-dims=\"1\" loading=\"lazy\" decoding=\"async\" class=\"size-full wp-image-39916\" title=\"Una atractiva exposici\u00f3n realizaron los Centros de Madres de Panquehue, cuyas integrantes fueron felicitadas por el Alcalde Luis Pradenas.\" alt=\"Una atractiva exposici\u00f3n realizaron los Centros de Madres de Panquehue, cuyas integrantes fueron felicitadas por el Alcalde Luis Pradenas.\" src=\"https:\/\/i0.wp.com\/www.eltrabajo.cl\/portal\/wp-content\/uploads\/2013\/11\/exposiciones-mujeres.jpg?resize=528%2C396\" width=\"528\" height=\"396\" srcset=\"https:\/\/i0.wp.com\/eltrabajo.cl\/portal\/wp-content\/uploads\/2013\/11\/exposiciones-mujeres.jpg?w=528&amp;ssl=1 528w, https:\/\/i0.wp.com\/eltrabajo.cl\/portal\/wp-content\/uploads\/2013\/11\/exposiciones-mujeres.jpg?resize=200%2C150&amp;ssl=1 200w, https:\/\/i0.wp.com\/eltrabajo.cl\/portal\/wp-content\/uploads\/2013\/11\/exposiciones-mujeres.jpg?resize=300%2C225&amp;ssl=1 300w, https:\/\/i0.wp.com\/eltrabajo.cl\/portal\/wp-content\/uploads\/2013\/11\/exposiciones-mujeres.jpg?resize=150%2C112&amp;ssl=1 150w, https:\/\/i0.wp.com\/eltrabajo.cl\/portal\/wp-content\/uploads\/2013\/11\/exposiciones-mujeres.jpg?resize=400%2C300&amp;ssl=1 400w\" sizes=\"auto, (max-width: 528px) 100vw, 528px\" \/><\/a><figcaption id=\"caption-attachment-39916\" class=\"wp-caption-text\">Una atractiva exposici\u00f3n realizaron los Centros de Madres de Panquehue, cuyas integrantes fueron felicitadas por el Alcalde Luis Pradenas.<\/figcaption><\/figure>\n<p><strong>PANQUEHUE.<\/strong>&#8211; Con gran entusiasmo los Centro de Madres de la comuna dejaron una vez m\u00e1s su nombre bien en alto luego de la exposici\u00f3n anual que realizaron el pasado fin de semana en el sector La Pirca, donde mostraron sus trabajos y manualidades de sus talleres.<\/p>\n<p>El Alcalde Luis Pradenas Mor\u00e1n solo tuvo palabras de agradecimiento a los Centros de Madres, destacando el enorme trabajo que han realizado, donde la Uni\u00f3n Comunal de Centros de Madres en conjunto con la Municipalidad, fueron un gran puntal en la organizaci\u00f3n del evento.<\/p>\n<p>\u201cQuiero dar las gracias a los Centros de Madres por su entrega y voluntad para realizar sus trabajos. Hay un gran esmero y ganas de hacer bien las cosas. Hay dedicaci\u00f3n por parte de las socias y monitoras que est\u00e1n desde abril, hasta noviembre, ense\u00f1ando sus conocimientos\u201d, expres\u00f3 el edil panquehuino.<\/p>\n<p>Dentro de la exposici\u00f3n se rob\u00f3 la pel\u00edcula una mini exposici\u00f3n de vestimenta que realiz\u00f3 el Centro de Madres Los Libertadores, donde efectuaron una copia del vestido de la popular Quintrala, que vivi\u00f3 en la \u00e9poca de la Colonia y Las Quintralas, que mostr\u00f3 chalecos y mantas de lana.<\/p>\n<p>Fueron 17 Centros de Madres que participaron de la muestra: Flor Ignacia, Palomar, Palomitas, El Bosque, Panquehue Centro, Las Violetas, Santa Teresa, Andacollo, Nuevo Amanecer, Libertadores, 2 de Abril, San Roque, Nueva Estrella, Molino Lo Campo, Ahumada, Las Quintralas, El Arcoiris.<\/p>\n<p>&nbsp;<\/p>\n","protected":false},"excerpt":{"rendered":"<p>PANQUEHUE.&#8211; Con gran entusiasmo los Centro de Madres de la comuna dejaron una vez m\u00e1s su nombre bien en alto luego de la exposici\u00f3n anual que realizaron el pasado fin de semana&#8230;<\/p>\n","protected":false},"author":482,"featured_media":39916,"comment_status":"open","ping_status":"closed","sticky":false,"template":"","format":"standard","meta":{"advanced_seo_description":"","jetpack_seo_html_title":"","jetpack_seo_noindex":false,"_jetpack_memberships_contains_paid_content":false,"footnotes":""},"categories":[15],"tags":[],"class_list":["post-39915","post","type-post","status-publish","format-standard","has-post-thumbnail","hentry","category-comunidad"],"jetpack_featured_media_url":"https:\/\/i0.wp.com\/eltrabajo.cl\/portal\/wp-content\/uploads\/2013\/11\/exposiciones-mujeres.jpg?fit=528%2C396&ssl=1","jetpack_sharing_enabled":true,"jetpack_likes_enabled":true,"jetpack-related-posts":[],"_links":{"self":[{"href":"https:\/\/eltrabajo.cl\/portal\/wp-json\/wp\/v2\/posts\/39915","targetHints":{"allow":["GET"]}}],"collection":[{"href":"https:\/\/eltrabajo.cl\/portal\/wp-json\/wp\/v2\/posts"}],"about":[{"href":"https:\/\/eltrabajo.cl\/portal\/wp-json\/wp\/v2\/types\/post"}],"author":[{"embeddable":true,"href":"https:\/\/eltrabajo.cl\/portal\/wp-json\/wp\/v2\/users\/482"}],"replies":[{"embeddable":true,"href":"https:\/\/eltrabajo.cl\/portal\/wp-json\/wp\/v2\/comments?post=39915"}],"version-history":[{"count":0,"href":"https:\/\/eltrabajo.cl\/portal\/wp-json\/wp\/v2\/posts\/39915\/revisions"}],"wp:featuredmedia":[{"embeddable":true,"href":"https:\/\/eltrabajo.cl\/portal\/wp-json\/wp\/v2\/media\/39916"}],"wp:attachment":[{"href":"https:\/\/eltrabajo.cl\/portal\/wp-json\/wp\/v2\/media?parent=39915"}],"wp:term":[{"taxonomy":"category","embeddable":true,"href":"https:\/\/eltrabajo.cl\/portal\/wp-json\/wp\/v2\/categories?post=39915"},{"taxonomy":"post_tag","embeddable":true,"href":"https:\/\/eltrabajo.cl\/portal\/wp-json\/wp\/v2\/tags?post=39915"}],"curies":[{"name":"wp","href":"https:\/\/api.w.org\/{rel}","templated":true}]}}