{"id":39918,"date":"2013-11-26T11:44:52","date_gmt":"2013-11-26T14:44:52","guid":{"rendered":"http:\/\/www.eltrabajo.cl\/portal\/?p=39918"},"modified":"2013-11-26T11:44:52","modified_gmt":"2013-11-26T14:44:52","slug":"senda-capacita-a-organizaciones-comunitarias-en-prevencion-consumo-de-drogas","status":"publish","type":"post","link":"https:\/\/eltrabajo.cl\/portal\/senda-capacita-a-organizaciones-comunitarias-en-prevencion-consumo-de-drogas\/","title":{"rendered":"Senda capacita a organizaciones comunitarias en prevenci\u00f3n consumo de drogas"},"content":{"rendered":"<figure id=\"attachment_39919\" aria-describedby=\"caption-attachment-39919\" style=\"width: 317px\" class=\"wp-caption alignleft\"><a href=\"https:\/\/i0.wp.com\/www.eltrabajo.cl\/portal\/wp-content\/uploads\/2013\/11\/maria-ester-munnier.jpg\"><img data-recalc-dims=\"1\" loading=\"lazy\" decoding=\"async\" class=\" wp-image-39919 \" title=\"Mar\u00eda Ester Munnier, directora regional de Senda.\" alt=\"Mar\u00eda Ester Munnier, directora regional de Senda.\" src=\"https:\/\/i0.wp.com\/www.eltrabajo.cl\/portal\/wp-content\/uploads\/2013\/11\/maria-ester-munnier.jpg?resize=317%2C424\" width=\"317\" height=\"424\" srcset=\"https:\/\/i0.wp.com\/eltrabajo.cl\/portal\/wp-content\/uploads\/2013\/11\/maria-ester-munnier.jpg?w=529&amp;ssl=1 529w, https:\/\/i0.wp.com\/eltrabajo.cl\/portal\/wp-content\/uploads\/2013\/11\/maria-ester-munnier.jpg?resize=112%2C150&amp;ssl=1 112w, https:\/\/i0.wp.com\/eltrabajo.cl\/portal\/wp-content\/uploads\/2013\/11\/maria-ester-munnier.jpg?resize=224%2C300&amp;ssl=1 224w\" sizes=\"auto, (max-width: 317px) 100vw, 317px\" \/><\/a><figcaption id=\"caption-attachment-39919\" class=\"wp-caption-text\">Mar\u00eda Ester Munnier, directora regional de Senda.<\/figcaption><\/figure>\n<p>La Directora Regional de Senda, Mar\u00eda Ester Munnier, destac\u00f3 el trabajo de capacitaci\u00f3n de diferentes organizaciones comunitarias de la comuna de San Felipe, as\u00ed como de la provincia, en materias relacionadas con la prevenci\u00f3n del consumo de drogas.<\/p>\n<p>Se\u00f1al\u00f3 que a nivel regional se asignaron m\u00e1s de 50 millones de pesos, a los cuales las organizaciones postularon para financiar las actividades de sensibilizaci\u00f3n, educaci\u00f3n y capacitaci\u00f3n.<\/p>\n<p>A juicio de la directora regional, resulta fundamental efectuar este trabajo con las comunidades, ya que a trav\u00e9s de ellas se puede anticipar, con recursos t\u00e9cnicos y econ\u00f3micos, el trabajo de prevenci\u00f3n universal, entendiendo que es en los barrios donde est\u00e1n insertos los ni\u00f1os y j\u00f3venes, quienes requieren del apoyo para no ser tentados por la droga.<\/p>\n<p>\u201cY por eso es que estamos haciendo estas capacitaciones, para ayudarles a ellos a realizar proyectos que terminan el 31 de diciembre, y que nos va a traer grandes beneficios a nuestra comunidad, ya que queremos ni\u00f1os sanos y felices\u201d, se\u00f1al\u00f3 Mar\u00eda Ester Munnier.<\/p>\n<p>Se\u00f1al\u00f3 que en la provincia de San Felipe fueron cerca de 10 organizaciones que resultaron favorecidas con fondos para realizar acciones de capacitaci\u00f3n.<\/p>\n<p>Mar\u00eda Ester Munnier enfatiz\u00f3 en la necesidad de empoderar a las comunidades en este tema, entendiendo que son fundamentales para lograr la prevenci\u00f3n del consumo de drogas. \u201cSon las comunidades las que d\u00eda a d\u00eda viven con la droga encima, atentando contra nuestros ni\u00f1os, y entonces la idea es que les apoyemos para que formen barreras y factores protectores, ayud\u00e1ndonos a hacer una prevenci\u00f3n en lo cotidiano\u201d, precis\u00f3 la directora regional de Senda.<\/p>\n<p>A esto se suma el trabajo que realizar\u00e1 la entidad a nivel regional, para prevenir el consumo de alcohol ligado a la conducci\u00f3n de veh\u00edculos. Se\u00f1al\u00f3 Mar\u00eda Ester Munnier que se realizar\u00e1 una fuerte campa\u00f1a para las fiestas de fin de a\u00f1o, a objeto de disminuir la tasa de acciones de tr\u00e1nsito generadas por el consumo de licor.<\/p>\n<p>&nbsp;<\/p>\n","protected":false},"excerpt":{"rendered":"<p>La Directora Regional de Senda, Mar\u00eda Ester Munnier, destac\u00f3 el trabajo de capacitaci\u00f3n de diferentes organizaciones comunitarias de la comuna de San Felipe, as\u00ed como de la provincia, en materias relacionadas con&#8230;<\/p>\n","protected":false},"author":482,"featured_media":39919,"comment_status":"open","ping_status":"closed","sticky":false,"template":"","format":"standard","meta":{"advanced_seo_description":"","jetpack_seo_html_title":"","jetpack_seo_noindex":false,"_jetpack_memberships_contains_paid_content":false,"footnotes":""},"categories":[15],"tags":[],"class_list":["post-39918","post","type-post","status-publish","format-standard","has-post-thumbnail","hentry","category-comunidad"],"jetpack_featured_media_url":"https:\/\/i0.wp.com\/eltrabajo.cl\/portal\/wp-content\/uploads\/2013\/11\/maria-ester-munnier.jpg?fit=529%2C706&ssl=1","jetpack_sharing_enabled":true,"jetpack_likes_enabled":true,"jetpack-related-posts":[],"_links":{"self":[{"href":"https:\/\/eltrabajo.cl\/portal\/wp-json\/wp\/v2\/posts\/39918","targetHints":{"allow":["GET"]}}],"collection":[{"href":"https:\/\/eltrabajo.cl\/portal\/wp-json\/wp\/v2\/posts"}],"about":[{"href":"https:\/\/eltrabajo.cl\/portal\/wp-json\/wp\/v2\/types\/post"}],"author":[{"embeddable":true,"href":"https:\/\/eltrabajo.cl\/portal\/wp-json\/wp\/v2\/users\/482"}],"replies":[{"embeddable":true,"href":"https:\/\/eltrabajo.cl\/portal\/wp-json\/wp\/v2\/comments?post=39918"}],"version-history":[{"count":0,"href":"https:\/\/eltrabajo.cl\/portal\/wp-json\/wp\/v2\/posts\/39918\/revisions"}],"wp:featuredmedia":[{"embeddable":true,"href":"https:\/\/eltrabajo.cl\/portal\/wp-json\/wp\/v2\/media\/39919"}],"wp:attachment":[{"href":"https:\/\/eltrabajo.cl\/portal\/wp-json\/wp\/v2\/media?parent=39918"}],"wp:term":[{"taxonomy":"category","embeddable":true,"href":"https:\/\/eltrabajo.cl\/portal\/wp-json\/wp\/v2\/categories?post=39918"},{"taxonomy":"post_tag","embeddable":true,"href":"https:\/\/eltrabajo.cl\/portal\/wp-json\/wp\/v2\/tags?post=39918"}],"curies":[{"name":"wp","href":"https:\/\/api.w.org\/{rel}","templated":true}]}}