{"id":39923,"date":"2013-11-26T11:47:09","date_gmt":"2013-11-26T14:47:09","guid":{"rendered":"http:\/\/www.eltrabajo.cl\/portal\/?p=39923"},"modified":"2013-11-26T11:47:09","modified_gmt":"2013-11-26T14:47:09","slug":"alcalde-freire-presento-a-la-nueva-directora-del-liceo-roberto-humeres","status":"publish","type":"post","link":"https:\/\/eltrabajo.cl\/portal\/alcalde-freire-presento-a-la-nueva-directora-del-liceo-roberto-humeres\/","title":{"rendered":"Alcalde Freire present\u00f3 a la nueva Directora del Liceo Roberto Humeres"},"content":{"rendered":"<figure id=\"attachment_39924\" aria-describedby=\"caption-attachment-39924\" style=\"width: 529px\" class=\"wp-caption alignnone\"><a href=\"https:\/\/i0.wp.com\/www.eltrabajo.cl\/portal\/wp-content\/uploads\/2013\/11\/nueva-directora-romina-fumey-abarzua.jpg\"><img data-recalc-dims=\"1\" loading=\"lazy\" decoding=\"async\" class=\"size-full wp-image-39924\" title=\"La nueva Directora del Liceo de Hombres, Romina Fumey Abarz\u00faa, se desempe\u00f1a como Jefe T\u00e9cnico del INBA.\" alt=\"La nueva Directora del Liceo de Hombres, Romina Fumey Abarz\u00faa, se desempe\u00f1a como Jefe T\u00e9cnico del INBA.\" src=\"https:\/\/i0.wp.com\/www.eltrabajo.cl\/portal\/wp-content\/uploads\/2013\/11\/nueva-directora-romina-fumey-abarzua.jpg?resize=529%2C355\" width=\"529\" height=\"355\" srcset=\"https:\/\/i0.wp.com\/eltrabajo.cl\/portal\/wp-content\/uploads\/2013\/11\/nueva-directora-romina-fumey-abarzua.jpg?w=529&amp;ssl=1 529w, https:\/\/i0.wp.com\/eltrabajo.cl\/portal\/wp-content\/uploads\/2013\/11\/nueva-directora-romina-fumey-abarzua.jpg?resize=200%2C134&amp;ssl=1 200w, https:\/\/i0.wp.com\/eltrabajo.cl\/portal\/wp-content\/uploads\/2013\/11\/nueva-directora-romina-fumey-abarzua.jpg?resize=300%2C201&amp;ssl=1 300w, https:\/\/i0.wp.com\/eltrabajo.cl\/portal\/wp-content\/uploads\/2013\/11\/nueva-directora-romina-fumey-abarzua.jpg?resize=150%2C100&amp;ssl=1 150w, https:\/\/i0.wp.com\/eltrabajo.cl\/portal\/wp-content\/uploads\/2013\/11\/nueva-directora-romina-fumey-abarzua.jpg?resize=400%2C268&amp;ssl=1 400w\" sizes=\"auto, (max-width: 529px) 100vw, 529px\" \/><\/a><figcaption id=\"caption-attachment-39924\" class=\"wp-caption-text\">La nueva Directora del Liceo de Hombres, Romina Fumey Abarz\u00faa, se desempe\u00f1a como Jefe T\u00e9cnico del INBA.<\/figcaption><\/figure>\n<ul>\n<li><strong>Actual Jefe T\u00e9cnico del Internado Nacional Barros Arana asume la direcci\u00f3n el 2014 con la misi\u00f3n de devolver al Liceo su car\u00e1cter de excelencia.<\/strong><\/li>\n<\/ul>\n<p>Romina Fumey Abarz\u00faa es la nueva directora del Liceo Roberto Humeres, quien fue presentada este lunes ante la comunidad educativa del establecimiento y que asume sus funciones en el mes de marzo del 2014.<\/p>\n<p>La informaci\u00f3n fue entregada este lunes por el Alcalde Patricio Freire en conferencia de prensa realizada en las instalaciones del liceo, instancia donde el jefe comunal destac\u00f3 las competencias profesionales de Romina Fumey, quien se titul\u00f3 como periodista luego de salir del colegio y un par de a\u00f1os despu\u00e9s estudi\u00f3 pedagog\u00eda en Lenguaje y Comunicaci\u00f3n, para m\u00e1s tarde cursar un Magister en Planificaci\u00f3n y Evaluaci\u00f3n de los Aprendizajes.<\/p>\n<p>Fumey trabaja actualmente en el Internado Nacional Barros Arana, donde cumple la funci\u00f3n de Jefe T\u00e9cnico, y fue precisamente una realidad similar, al tratarse de un liceo emblem\u00e1tico, que naci\u00f3 la idea de postular al concurso p\u00fablico.<\/p>\n<p>\u201cMe di cuenta que era un colegio emblem\u00e1tico tambi\u00e9n, que hab\u00eda que rescatar, y sent\u00ed la necesidad de poder aportar con este sistema de educaci\u00f3n de calidad en una regi\u00f3n y me parec\u00eda muy interesante y opt\u00e9 por postular s\u00f3lo a este colegio\u201d, dijo la nueva directora.<\/p>\n<p>Fumey destac\u00f3 la historia de este liceo sanfelipe\u00f1o y la cantidad de alumnos que han pasado por sus aulas, llegando, muchos de ellos, a ser destacados a nivel nacional. Tambi\u00e9n abord\u00f3 el decaimiento que se viene registrando hace a\u00f1os del establecimiento, un desaf\u00edo que ella tambi\u00e9n se plante\u00f3, pensando en reconstruir su historia.<\/p>\n<p>\u201cHay una comunidad educativa que quiere salir adelante y lo que hay que darle es un impulso, un impulso para potenciar la educaci\u00f3n de calidad, para reconstruir lo que tiene que ver con la identidad de un establecimiento educacional que le da nombre y que le tiene que dar vida a una comunidad como San Felipe\u201d, dijo la directora.<\/p>\n<p>Trabajo que contempla la participaci\u00f3n de toda la comunidad educativa, profesores, alumnos, directivos, padres y apoderados, sostuvo Fumey.<\/p>\n<p>\u201cMi proyecto de trabajo incluye a los profesores, a los asistentes de la educaci\u00f3n, a los apoderados, a los ex alumnos, que tienen un pilar fundamental, que es reconstruir la historia a trav\u00e9s de ellos y todo el apoyo de la Alcald\u00eda\u201d.<\/p>\n<p>Adem\u00e1s la directora se plante\u00f3 como desaf\u00edo trabajar especialmente con los alumnos vulnerables.<\/p>\n<p>\u201cEs un gran desaf\u00edo, la vulnerabilidad es posicionar a estudiantes que no tienen recursos, porque este es un colegio p\u00fablico, a decir yo puedo, yo soy de esta comunidad, soy de un colegio emblem\u00e1tico y puedo ser de excelencia acad\u00e9mica\u201d, enfatiz\u00f3.<\/p>\n<p>El jefe comunal destac\u00f3 el nombramiento, se\u00f1alando que tal como manifest\u00f3 la directora, la idea es llevar al liceo al sitial de excelencia que tuvo hace a\u00f1os.<\/p>\n<p>\u201cSabemos los sanfelipe\u00f1os lo que representa el liceo Roberto Humeres, un liceo emblem\u00e1tico, y necesitamos volver a ser un liceo con una trayectoria, donde pasaron por sus aulas un ex Presidente de la Rep\u00fablica, Senadores, Notarios, Abogados, y el objetivo es que este liceo va a volver a ser lo que una vez fue\u201d, dijo el jefe comunal.<\/p>\n<p>&nbsp;<\/p>\n","protected":false},"excerpt":{"rendered":"<p>Actual Jefe T\u00e9cnico del Internado Nacional Barros Arana asume la direcci\u00f3n el 2014 con la misi\u00f3n de devolver al Liceo su car\u00e1cter de excelencia. Romina Fumey Abarz\u00faa es la nueva directora del&#8230;<\/p>\n","protected":false},"author":482,"featured_media":39924,"comment_status":"open","ping_status":"closed","sticky":false,"template":"","format":"standard","meta":{"advanced_seo_description":"","jetpack_seo_html_title":"","jetpack_seo_noindex":false,"_jetpack_memberships_contains_paid_content":false,"footnotes":""},"categories":[1],"tags":[],"class_list":["post-39923","post","type-post","status-publish","format-standard","has-post-thumbnail","hentry","category-cronica"],"jetpack_featured_media_url":"https:\/\/i0.wp.com\/eltrabajo.cl\/portal\/wp-content\/uploads\/2013\/11\/nueva-directora-romina-fumey-abarzua.jpg?fit=529%2C355&ssl=1","jetpack_sharing_enabled":true,"jetpack_likes_enabled":true,"jetpack-related-posts":[],"_links":{"self":[{"href":"https:\/\/eltrabajo.cl\/portal\/wp-json\/wp\/v2\/posts\/39923","targetHints":{"allow":["GET"]}}],"collection":[{"href":"https:\/\/eltrabajo.cl\/portal\/wp-json\/wp\/v2\/posts"}],"about":[{"href":"https:\/\/eltrabajo.cl\/portal\/wp-json\/wp\/v2\/types\/post"}],"author":[{"embeddable":true,"href":"https:\/\/eltrabajo.cl\/portal\/wp-json\/wp\/v2\/users\/482"}],"replies":[{"embeddable":true,"href":"https:\/\/eltrabajo.cl\/portal\/wp-json\/wp\/v2\/comments?post=39923"}],"version-history":[{"count":0,"href":"https:\/\/eltrabajo.cl\/portal\/wp-json\/wp\/v2\/posts\/39923\/revisions"}],"wp:featuredmedia":[{"embeddable":true,"href":"https:\/\/eltrabajo.cl\/portal\/wp-json\/wp\/v2\/media\/39924"}],"wp:attachment":[{"href":"https:\/\/eltrabajo.cl\/portal\/wp-json\/wp\/v2\/media?parent=39923"}],"wp:term":[{"taxonomy":"category","embeddable":true,"href":"https:\/\/eltrabajo.cl\/portal\/wp-json\/wp\/v2\/categories?post=39923"},{"taxonomy":"post_tag","embeddable":true,"href":"https:\/\/eltrabajo.cl\/portal\/wp-json\/wp\/v2\/tags?post=39923"}],"curies":[{"name":"wp","href":"https:\/\/api.w.org\/{rel}","templated":true}]}}