{"id":39936,"date":"2013-11-26T11:50:18","date_gmt":"2013-11-26T14:50:18","guid":{"rendered":"http:\/\/www.eltrabajo.cl\/portal\/?p=39936"},"modified":"2013-11-26T11:56:48","modified_gmt":"2013-11-26T14:56:48","slug":"confirman-realizacion-de-la-fiesta-de-la-primavera-en-san-felipe","status":"publish","type":"post","link":"https:\/\/eltrabajo.cl\/portal\/confirman-realizacion-de-la-fiesta-de-la-primavera-en-san-felipe\/","title":{"rendered":"Confirman realizaci\u00f3n de la Fiesta de la Primavera en San Felipe"},"content":{"rendered":"<figure id=\"attachment_39937\" aria-describedby=\"caption-attachment-39937\" style=\"width: 529px\" class=\"wp-caption alignnone\"><a href=\"https:\/\/i0.wp.com\/www.eltrabajo.cl\/portal\/wp-content\/uploads\/2013\/11\/fiesta-de-la-primavera.jpg\"><img data-recalc-dims=\"1\" loading=\"lazy\" decoding=\"async\" class=\"size-full wp-image-39937\" title=\"Solo un d\u00eda durar\u00e1 la Fiesta de la Primavera en San Felipe. Aunque de igual modo habr\u00e1 desfile de carros aleg\u00f3ricos y comparsas, as\u00ed como elecci\u00f3n de reina.\" alt=\"Solo un d\u00eda durar\u00e1 la Fiesta de la Primavera en San Felipe. Aunque de igual modo habr\u00e1 desfile de carros aleg\u00f3ricos y comparsas, as\u00ed como elecci\u00f3n de reina.\" src=\"https:\/\/i0.wp.com\/www.eltrabajo.cl\/portal\/wp-content\/uploads\/2013\/11\/fiesta-de-la-primavera.jpg?resize=529%2C354\" width=\"529\" height=\"354\" srcset=\"https:\/\/i0.wp.com\/eltrabajo.cl\/portal\/wp-content\/uploads\/2013\/11\/fiesta-de-la-primavera.jpg?w=529&amp;ssl=1 529w, https:\/\/i0.wp.com\/eltrabajo.cl\/portal\/wp-content\/uploads\/2013\/11\/fiesta-de-la-primavera.jpg?resize=200%2C133&amp;ssl=1 200w, https:\/\/i0.wp.com\/eltrabajo.cl\/portal\/wp-content\/uploads\/2013\/11\/fiesta-de-la-primavera.jpg?resize=300%2C200&amp;ssl=1 300w, https:\/\/i0.wp.com\/eltrabajo.cl\/portal\/wp-content\/uploads\/2013\/11\/fiesta-de-la-primavera.jpg?resize=150%2C100&amp;ssl=1 150w, https:\/\/i0.wp.com\/eltrabajo.cl\/portal\/wp-content\/uploads\/2013\/11\/fiesta-de-la-primavera.jpg?resize=400%2C267&amp;ssl=1 400w\" sizes=\"auto, (max-width: 529px) 100vw, 529px\" \/><\/a><figcaption id=\"caption-attachment-39937\" class=\"wp-caption-text\">Solo un d\u00eda durar\u00e1 la Fiesta de la Primavera en San Felipe. Aunque de igual modo habr\u00e1 desfile de carros aleg\u00f3ricos y comparsas, as\u00ed como elecci\u00f3n de reina.<\/figcaption><\/figure>\n<p>El presidente de la Uni\u00f3n Comunal de Juntas de Vecinos de San Felipe, Hugo Venegas, confirm\u00f3 para la tercera semana de diciembre la realizaci\u00f3n de la Fiesta de la Primavera, actividad donde esperan contar con el apoyo de gran cantidad de organizaciones de la comuna.<\/p>\n<p>Si bien los dos a\u00f1os anteriores esta actividad se realizaba dos fines de semana consecutivos y en el mes de noviembre, Hugo Venegas manifest\u00f3 que a ra\u00edz del paro de los funcionarios municipales no se pudo realizar antes, por lo mismo es que en esta ocasi\u00f3n se realizar\u00e1 un solo fin de semana, oportunidad en la que se presentar\u00e1n los carros aleg\u00f3ricos y se elegir\u00e1 a la reina de la primavera.<\/p>\n<p>Precisamente ayer en la tarde se realiz\u00f3 una reuni\u00f3n de las juntas de vecinos, donde se finiquitaron detalles de esta Fiesta de la Primavera, la que preliminarmente estar\u00eda programada para el pr\u00f3ximo 21 de diciembre.<\/p>\n<p>\u201cConvers\u00e9 con el Alcalde Patricio Freire y \u00e9l estaba de acuerdo en que debe realizarse la Fiesta. Pero esta tardanza se debi\u00f3 al paro de los funcionarios municipales, donde si bien nosotros estamos de acuerdo con sus reivindicaciones salariales y laborales, tambi\u00e9n nos vimos afectados, ya que el lanzamiento de la iniciativa, originalmente estaba presupuestado para el s\u00e1bado reci\u00e9n pasado\u201d, manifest\u00f3 Hugo Venegas.<\/p>\n<p>Consultado sobre las actividades contempladas para el d\u00eda 21 de diciembre, dijo que \u201csolo se realizar\u00e1 el desfile de carros aleg\u00f3ricos y la elecci\u00f3n de la Reina de la Primavera, todo en un solo d\u00eda, porque entendemos que no podemos estar ocupando mucho las calles, pensando en que por esas fechas el movimiento de automovilistas y transe\u00fantes es muy intenso debido a las compras navide\u00f1as\u201d.<\/p>\n<p>Finalmente, Hugo Venegas formul\u00f3 un llamado a las organizaciones para que se sumen y participen de la Fiesta de la Primavera, indicando que en caso de incorporarse con candidatas a reina o carros aleg\u00f3ricos, deben acercarse al Departamento de Organizaciones Comunitarias y hablar con Pablo Arancibia, quien es el presidente de esta entidad.<\/p>\n<p>&nbsp;<\/p>\n","protected":false},"excerpt":{"rendered":"<p>El presidente de la Uni\u00f3n Comunal de Juntas de Vecinos de San Felipe, Hugo Venegas, confirm\u00f3 para la tercera semana de diciembre la realizaci\u00f3n de la Fiesta de la Primavera, actividad donde&#8230;<\/p>\n","protected":false},"author":482,"featured_media":39937,"comment_status":"open","ping_status":"closed","sticky":false,"template":"","format":"standard","meta":{"advanced_seo_description":"","jetpack_seo_html_title":"","jetpack_seo_noindex":false,"_jetpack_memberships_contains_paid_content":false,"footnotes":""},"categories":[15],"tags":[],"class_list":["post-39936","post","type-post","status-publish","format-standard","has-post-thumbnail","hentry","category-comunidad"],"jetpack_featured_media_url":"https:\/\/i0.wp.com\/eltrabajo.cl\/portal\/wp-content\/uploads\/2013\/11\/fiesta-de-la-primavera.jpg?fit=529%2C354&ssl=1","jetpack_sharing_enabled":true,"jetpack_likes_enabled":true,"jetpack-related-posts":[],"_links":{"self":[{"href":"https:\/\/eltrabajo.cl\/portal\/wp-json\/wp\/v2\/posts\/39936","targetHints":{"allow":["GET"]}}],"collection":[{"href":"https:\/\/eltrabajo.cl\/portal\/wp-json\/wp\/v2\/posts"}],"about":[{"href":"https:\/\/eltrabajo.cl\/portal\/wp-json\/wp\/v2\/types\/post"}],"author":[{"embeddable":true,"href":"https:\/\/eltrabajo.cl\/portal\/wp-json\/wp\/v2\/users\/482"}],"replies":[{"embeddable":true,"href":"https:\/\/eltrabajo.cl\/portal\/wp-json\/wp\/v2\/comments?post=39936"}],"version-history":[{"count":0,"href":"https:\/\/eltrabajo.cl\/portal\/wp-json\/wp\/v2\/posts\/39936\/revisions"}],"wp:featuredmedia":[{"embeddable":true,"href":"https:\/\/eltrabajo.cl\/portal\/wp-json\/wp\/v2\/media\/39937"}],"wp:attachment":[{"href":"https:\/\/eltrabajo.cl\/portal\/wp-json\/wp\/v2\/media?parent=39936"}],"wp:term":[{"taxonomy":"category","embeddable":true,"href":"https:\/\/eltrabajo.cl\/portal\/wp-json\/wp\/v2\/categories?post=39936"},{"taxonomy":"post_tag","embeddable":true,"href":"https:\/\/eltrabajo.cl\/portal\/wp-json\/wp\/v2\/tags?post=39936"}],"curies":[{"name":"wp","href":"https:\/\/api.w.org\/{rel}","templated":true}]}}