{"id":39947,"date":"2013-11-27T09:56:33","date_gmt":"2013-11-27T12:56:33","guid":{"rendered":"http:\/\/www.eltrabajo.cl\/portal\/?p=39947"},"modified":"2013-11-27T09:56:33","modified_gmt":"2013-11-27T12:56:33","slug":"emplazan-a-codelco-a-cumplir-acuerdo-marco-o-habra-movilizaciones","status":"publish","type":"post","link":"https:\/\/eltrabajo.cl\/portal\/emplazan-a-codelco-a-cumplir-acuerdo-marco-o-habra-movilizaciones\/","title":{"rendered":"Emplazan a Codelco a cumplir acuerdo marco o habr\u00e1 movilizaciones"},"content":{"rendered":"<figure id=\"attachment_39948\" aria-describedby=\"caption-attachment-39948\" style=\"width: 529px\" class=\"wp-caption alignnone\"><a href=\"https:\/\/i0.wp.com\/www.eltrabajo.cl\/portal\/wp-content\/uploads\/2013\/11\/contratistas-bono2.jpg\"><img data-recalc-dims=\"1\" loading=\"lazy\" decoding=\"async\" class=\"size-full wp-image-39948\" title=\"Los trabajadores advirtieron que ir\u00e1n a paro si Codelco y Agema no respetan el acuerdo marco.\" alt=\"Los trabajadores advirtieron que ir\u00e1n a paro si Codelco y Agema no respetan el acuerdo marco.\" src=\"https:\/\/i0.wp.com\/www.eltrabajo.cl\/portal\/wp-content\/uploads\/2013\/11\/contratistas-bono2.jpg?resize=529%2C353\" width=\"529\" height=\"353\" srcset=\"https:\/\/i0.wp.com\/eltrabajo.cl\/portal\/wp-content\/uploads\/2013\/11\/contratistas-bono2.jpg?w=529&amp;ssl=1 529w, https:\/\/i0.wp.com\/eltrabajo.cl\/portal\/wp-content\/uploads\/2013\/11\/contratistas-bono2.jpg?resize=200%2C133&amp;ssl=1 200w, https:\/\/i0.wp.com\/eltrabajo.cl\/portal\/wp-content\/uploads\/2013\/11\/contratistas-bono2.jpg?resize=300%2C200&amp;ssl=1 300w, https:\/\/i0.wp.com\/eltrabajo.cl\/portal\/wp-content\/uploads\/2013\/11\/contratistas-bono2.jpg?resize=150%2C100&amp;ssl=1 150w, https:\/\/i0.wp.com\/eltrabajo.cl\/portal\/wp-content\/uploads\/2013\/11\/contratistas-bono2.jpg?resize=400%2C266&amp;ssl=1 400w\" sizes=\"auto, (max-width: 529px) 100vw, 529px\" \/><\/a><figcaption id=\"caption-attachment-39948\" class=\"wp-caption-text\">Los trabajadores advirtieron que ir\u00e1n a paro si Codelco y Agema no respetan el acuerdo marco.<\/figcaption><\/figure>\n<ul>\n<li><strong>Dura advertencia de la CTC a la cupr\u00edfera por modificaciones unilaterales a los compromisos alcanzados el 2013.<\/strong><\/li>\n<\/ul>\n<p><strong>LOS ANDES.<\/strong>&#8211; La Confederaci\u00f3n de Trabajadores del Cobre CTC podr\u00eda iniciar un proceso de movilizaciones si es que Codelco no cumple a cabalidad el acuerdo marco firmado con los contratistas en mayo de este a\u00f1o.<\/p>\n<p>El director Nacional de la CTC, Emilio Z\u00e1rate, sostuvo que de manera unilateral Codelco y Agema determinaron cambiar algunos puntos de este acuerdo que tienen que ver con el pago parcializado de algunos bonos, situaciones que no est\u00e1n dispuestos a aceptar.<\/p>\n<p>Z\u00e1rate se\u00f1al\u00f3 que no pueden permitir que se cambien las condiciones de un acuerdo ya firmado y validado por las partes, planteando que esperan que los bonos de asistencia y productividad sean cancelados en su totalidad a fines de este mes.<\/p>\n<p>Por ello, dieron un plazo de 48 horas para que Codelco responda y modifique esta situaci\u00f3n o de lo contrario iniciar\u00e1n movilizaciones.<\/p>\n<p>El dirigente record\u00f3 que el 1\u00ba de Noviembre deb\u00eda existir una propuesta concreta de Codelco respecto a las becas viviendas para los hijos de trabajadores contratistas, \u201cadem\u00e1s se ten\u00eda que financiar un campo de capacitaci\u00f3n de 750 millones de pesos anuales y de eso no se ha tenido noticias de Codelco y el pago de los bonos de productividad, ya que ellos est\u00e1n bajando las cifras\u201d.<\/p>\n<p>Critic\u00f3 el hecho que por declaraciones p\u00fablicas realizada por la Asociaci\u00f3n de Empresas Contratistas (AGEMA) se enteraron que las condiciones de este acuerdo hab\u00edan cambiado, \u201clo cual no corresponde para nada\u201d.<\/p>\n<p>Emilio Z\u00e1rate dijo que si no se respeta ese acuerdo los trabajadores contratistas derechamente ir\u00e1n a paro, el cual se har\u00e1 efectivo a contar del lunes pr\u00f3ximo si no se pagan \u00edntegramente los bonos.<\/p>\n<p>Por su parte, el Presidente de la Federaci\u00f3n de Sindicatos de empresas Contratistas de Andina, Ricardo Vergara, indic\u00f3 que Agema no estar\u00eda avalando este acuerdo, \u201cpor lo que esta federaci\u00f3n de contratistas va a empezar un proceso de movilizaci\u00f3n y si estos acuerdos firmados el 16 de mayo no son cumplidos vamos directamente a un paro\u201d.<\/p>\n<p>Vergara se quej\u00f3 tambi\u00e9n sobre la problem\u00e1tica en cuanto a las jornadas laborales de los trabajadores de la empresa Fe Grande y que en caso de no existir soluci\u00f3n tambi\u00e9n se movilizar\u00e1n a contar de la pr\u00f3xima semana.<\/p>\n<p>&nbsp;<\/p>\n","protected":false},"excerpt":{"rendered":"<p>Dura advertencia de la CTC a la cupr\u00edfera por modificaciones unilaterales a los compromisos alcanzados el 2013. LOS ANDES.&#8211; La Confederaci\u00f3n de Trabajadores del Cobre CTC podr\u00eda iniciar un proceso de movilizaciones&#8230;<\/p>\n","protected":false},"author":482,"featured_media":39948,"comment_status":"open","ping_status":"closed","sticky":false,"template":"","format":"standard","meta":{"advanced_seo_description":"","jetpack_seo_html_title":"","jetpack_seo_noindex":false,"_jetpack_memberships_contains_paid_content":false,"footnotes":""},"categories":[15],"tags":[],"class_list":["post-39947","post","type-post","status-publish","format-standard","has-post-thumbnail","hentry","category-comunidad"],"jetpack_featured_media_url":"https:\/\/i0.wp.com\/eltrabajo.cl\/portal\/wp-content\/uploads\/2013\/11\/contratistas-bono2.jpg?fit=529%2C353&ssl=1","jetpack_sharing_enabled":true,"jetpack_likes_enabled":true,"jetpack-related-posts":[],"_links":{"self":[{"href":"https:\/\/eltrabajo.cl\/portal\/wp-json\/wp\/v2\/posts\/39947","targetHints":{"allow":["GET"]}}],"collection":[{"href":"https:\/\/eltrabajo.cl\/portal\/wp-json\/wp\/v2\/posts"}],"about":[{"href":"https:\/\/eltrabajo.cl\/portal\/wp-json\/wp\/v2\/types\/post"}],"author":[{"embeddable":true,"href":"https:\/\/eltrabajo.cl\/portal\/wp-json\/wp\/v2\/users\/482"}],"replies":[{"embeddable":true,"href":"https:\/\/eltrabajo.cl\/portal\/wp-json\/wp\/v2\/comments?post=39947"}],"version-history":[{"count":0,"href":"https:\/\/eltrabajo.cl\/portal\/wp-json\/wp\/v2\/posts\/39947\/revisions"}],"wp:featuredmedia":[{"embeddable":true,"href":"https:\/\/eltrabajo.cl\/portal\/wp-json\/wp\/v2\/media\/39948"}],"wp:attachment":[{"href":"https:\/\/eltrabajo.cl\/portal\/wp-json\/wp\/v2\/media?parent=39947"}],"wp:term":[{"taxonomy":"category","embeddable":true,"href":"https:\/\/eltrabajo.cl\/portal\/wp-json\/wp\/v2\/categories?post=39947"},{"taxonomy":"post_tag","embeddable":true,"href":"https:\/\/eltrabajo.cl\/portal\/wp-json\/wp\/v2\/tags?post=39947"}],"curies":[{"name":"wp","href":"https:\/\/api.w.org\/{rel}","templated":true}]}}