{"id":39950,"date":"2013-11-27T09:58:22","date_gmt":"2013-11-27T12:58:22","guid":{"rendered":"http:\/\/www.eltrabajo.cl\/portal\/?p=39950"},"modified":"2013-11-27T09:58:22","modified_gmt":"2013-11-27T12:58:22","slug":"comite-habitacional-villa-vip-realiza-torneo-de-baby-futbol-este-fin-de-semana","status":"publish","type":"post","link":"https:\/\/eltrabajo.cl\/portal\/comite-habitacional-villa-vip-realiza-torneo-de-baby-futbol-este-fin-de-semana\/","title":{"rendered":"Comit\u00e9 Habitacional Villa VIP realiza torneo de baby f\u00fatbol este fin de semana"},"content":{"rendered":"<figure id=\"attachment_39951\" aria-describedby=\"caption-attachment-39951\" style=\"width: 317px\" class=\"wp-caption alignleft\"><a href=\"https:\/\/i0.wp.com\/www.eltrabajo.cl\/portal\/wp-content\/uploads\/2013\/11\/lucia-castillo.jpg\"><img data-recalc-dims=\"1\" loading=\"lazy\" decoding=\"async\" class=\" wp-image-39951 \" title=\"Luc\u00eda Castillo, presidenta del Comit\u00e9 Habitacional Villa VIP.\" alt=\"Luc\u00eda Castillo, presidenta del Comit\u00e9 Habitacional Villa VIP.\" src=\"https:\/\/i0.wp.com\/www.eltrabajo.cl\/portal\/wp-content\/uploads\/2013\/11\/lucia-castillo.jpg?resize=317%2C238\" width=\"317\" height=\"238\" srcset=\"https:\/\/i0.wp.com\/eltrabajo.cl\/portal\/wp-content\/uploads\/2013\/11\/lucia-castillo.jpg?w=528&amp;ssl=1 528w, https:\/\/i0.wp.com\/eltrabajo.cl\/portal\/wp-content\/uploads\/2013\/11\/lucia-castillo.jpg?resize=200%2C150&amp;ssl=1 200w, https:\/\/i0.wp.com\/eltrabajo.cl\/portal\/wp-content\/uploads\/2013\/11\/lucia-castillo.jpg?resize=300%2C225&amp;ssl=1 300w, https:\/\/i0.wp.com\/eltrabajo.cl\/portal\/wp-content\/uploads\/2013\/11\/lucia-castillo.jpg?resize=150%2C112&amp;ssl=1 150w, https:\/\/i0.wp.com\/eltrabajo.cl\/portal\/wp-content\/uploads\/2013\/11\/lucia-castillo.jpg?resize=400%2C300&amp;ssl=1 400w\" sizes=\"auto, (max-width: 317px) 100vw, 317px\" \/><\/a><figcaption id=\"caption-attachment-39951\" class=\"wp-caption-text\">Luc\u00eda Castillo, presidenta del Comit\u00e9 Habitacional Villa VIP.<\/figcaption><\/figure>\n<p>Para este 29 de noviembre y hasta el 1 de diciembre, est\u00e1 contemplada la realizaci\u00f3n del campeonato de f\u00fatbol organizado por el Comit\u00e9 Habitacional Villa VIP, el mismo que en septiembre se hizo cargo con \u00e9xito, de las ramadas del Estadio Municipal de San Felipe.<\/p>\n<p>La informaci\u00f3n la entreg\u00f3 Luc\u00eda Castillo, presidenta del comit\u00e9 habitacional, quien se\u00f1al\u00f3 que el evento deportivo se realizar\u00e1 en la cancha que se ubica detr\u00e1s del Liceo Corina Urbina, por lo que en la actualidad, junto con invitar a la gente a participar de esta actividad, tambi\u00e9n est\u00e1n convocando a los equipos para que se inscriban y compitan en este torneo.<\/p>\n<p>\u201cTenemos hasta el momento ocho equipos inscritos, los interesados pueden llamar a los n\u00fameros 73250186; 62938645 \u00f3 50305402, y deben pagar por una inscripci\u00f3n de 12 mil pesos. El torneo parte el viernes a las 19.00 horas, sigue el s\u00e1bado todo el d\u00eda y el domingo, finaliza a eso de las 18.00 horas. El p\u00fablico que acuda, tiene que pagar una entrada de 300 pesos\u201d, se\u00f1al\u00f3.<\/p>\n<p>En la oportunidad habr\u00e1 venta de completos, papas fritas, choripanes, bebidas y otros alimentos, que les permitan sumar m\u00e1s recursos.<\/p>\n<p>Luc\u00eda Castillo formul\u00f3 una invitaci\u00f3n a la comunidad para que apoye esta iniciativa, que tiene como fin \u00faltimo recaudar fondos para comprar el terreno donde ellos puedan construir sus casas y contar con el ahorro necesario para postular al subsidio habitacional.<\/p>\n<p>Explic\u00f3 que en este proceso les ha ido bien y es as\u00ed que gracias al apoyo de la comunidad, as\u00ed como del esfuerzo y constancia de cada uno de los socios del comit\u00e9, han logrado reunir los dineros que necesitan, restando ahora fondos para algunos socios que todav\u00eda no tienen el total del ahorro exigido para postular al subsidio.<\/p>\n<p>\u201cEstar\u00edamos casi ya en la meta, pero tenemos que seguir trabajando, porque no todos cuentan con los 700 mil pesos que se deben tener en la libreta\u201d, se\u00f1al\u00f3 la dirigente del Comit\u00e9 Villa VIP.<\/p>\n<p>&nbsp;<\/p>\n","protected":false},"excerpt":{"rendered":"<p>Para este 29 de noviembre y hasta el 1 de diciembre, est\u00e1 contemplada la realizaci\u00f3n del campeonato de f\u00fatbol organizado por el Comit\u00e9 Habitacional Villa VIP, el mismo que en septiembre se&#8230;<\/p>\n","protected":false},"author":482,"featured_media":39951,"comment_status":"open","ping_status":"closed","sticky":false,"template":"","format":"standard","meta":{"advanced_seo_description":"","jetpack_seo_html_title":"","jetpack_seo_noindex":false,"_jetpack_memberships_contains_paid_content":false,"footnotes":""},"categories":[15],"tags":[],"class_list":["post-39950","post","type-post","status-publish","format-standard","has-post-thumbnail","hentry","category-comunidad"],"jetpack_featured_media_url":"https:\/\/i0.wp.com\/eltrabajo.cl\/portal\/wp-content\/uploads\/2013\/11\/lucia-castillo.jpg?fit=528%2C396&ssl=1","jetpack_sharing_enabled":true,"jetpack_likes_enabled":true,"jetpack-related-posts":[],"_links":{"self":[{"href":"https:\/\/eltrabajo.cl\/portal\/wp-json\/wp\/v2\/posts\/39950","targetHints":{"allow":["GET"]}}],"collection":[{"href":"https:\/\/eltrabajo.cl\/portal\/wp-json\/wp\/v2\/posts"}],"about":[{"href":"https:\/\/eltrabajo.cl\/portal\/wp-json\/wp\/v2\/types\/post"}],"author":[{"embeddable":true,"href":"https:\/\/eltrabajo.cl\/portal\/wp-json\/wp\/v2\/users\/482"}],"replies":[{"embeddable":true,"href":"https:\/\/eltrabajo.cl\/portal\/wp-json\/wp\/v2\/comments?post=39950"}],"version-history":[{"count":0,"href":"https:\/\/eltrabajo.cl\/portal\/wp-json\/wp\/v2\/posts\/39950\/revisions"}],"wp:featuredmedia":[{"embeddable":true,"href":"https:\/\/eltrabajo.cl\/portal\/wp-json\/wp\/v2\/media\/39951"}],"wp:attachment":[{"href":"https:\/\/eltrabajo.cl\/portal\/wp-json\/wp\/v2\/media?parent=39950"}],"wp:term":[{"taxonomy":"category","embeddable":true,"href":"https:\/\/eltrabajo.cl\/portal\/wp-json\/wp\/v2\/categories?post=39950"},{"taxonomy":"post_tag","embeddable":true,"href":"https:\/\/eltrabajo.cl\/portal\/wp-json\/wp\/v2\/tags?post=39950"}],"curies":[{"name":"wp","href":"https:\/\/api.w.org\/{rel}","templated":true}]}}