{"id":39956,"date":"2013-11-27T10:01:14","date_gmt":"2013-11-27T13:01:14","guid":{"rendered":"http:\/\/www.eltrabajo.cl\/portal\/?p=39956"},"modified":"2013-11-27T10:01:14","modified_gmt":"2013-11-27T13:01:14","slug":"baja-adhesion-de-servicios-publicos-a-paralizacion-convocada-por-la-anef","status":"publish","type":"post","link":"https:\/\/eltrabajo.cl\/portal\/baja-adhesion-de-servicios-publicos-a-paralizacion-convocada-por-la-anef\/","title":{"rendered":"Baja adhesi\u00f3n de servicios p\u00fablicos a paralizaci\u00f3n convocada por la Anef"},"content":{"rendered":"<figure id=\"attachment_39957\" aria-describedby=\"caption-attachment-39957\" style=\"width: 317px\" class=\"wp-caption alignleft\"><a href=\"https:\/\/i0.wp.com\/www.eltrabajo.cl\/portal\/wp-content\/uploads\/2013\/11\/boffa.jpg\"><img data-recalc-dims=\"1\" loading=\"lazy\" decoding=\"async\" class=\" wp-image-39957 \" title=\"La Gobernadora Patricia Boffa llam\u00f3 a la comunidad a esperar el resultado de las negociaciones.\" alt=\"La Gobernadora Patricia Boffa llam\u00f3 a la comunidad a esperar el resultado de las negociaciones.\" src=\"https:\/\/i0.wp.com\/www.eltrabajo.cl\/portal\/wp-content\/uploads\/2013\/11\/boffa.jpg?resize=317%2C238\" width=\"317\" height=\"238\" srcset=\"https:\/\/i0.wp.com\/eltrabajo.cl\/portal\/wp-content\/uploads\/2013\/11\/boffa.jpg?w=528&amp;ssl=1 528w, https:\/\/i0.wp.com\/eltrabajo.cl\/portal\/wp-content\/uploads\/2013\/11\/boffa.jpg?resize=200%2C150&amp;ssl=1 200w, https:\/\/i0.wp.com\/eltrabajo.cl\/portal\/wp-content\/uploads\/2013\/11\/boffa.jpg?resize=300%2C225&amp;ssl=1 300w, https:\/\/i0.wp.com\/eltrabajo.cl\/portal\/wp-content\/uploads\/2013\/11\/boffa.jpg?resize=150%2C112&amp;ssl=1 150w, https:\/\/i0.wp.com\/eltrabajo.cl\/portal\/wp-content\/uploads\/2013\/11\/boffa.jpg?resize=400%2C300&amp;ssl=1 400w\" sizes=\"auto, (max-width: 317px) 100vw, 317px\" \/><\/a><figcaption id=\"caption-attachment-39957\" class=\"wp-caption-text\">La Gobernadora Patricia Boffa llam\u00f3 a la comunidad a esperar el resultado de las negociaciones.<\/figcaption><\/figure>\n<p>Una baja adhesi\u00f3n de servicios p\u00fablicos se registr\u00f3 en el segundo d\u00eda de paralizaci\u00f3n convocada por la Asociaci\u00f3n Nacional de Empleados Fiscales (ANEF), en la provincia de San Felipe.<\/p>\n<p>De acuerdo a lo informado por la Gobernadora Patricia Boffa y tras un catastro efectuado, varios servicios se acogieron a una asamblea, retomando sus funciones de manera normal pasadas las 11:00 de la ma\u00f1ana.<\/p>\n<p>Est\u00e1n atendiendo p\u00fablico de manera normal Conaf, Fonasa (este servicio paraliz\u00f3 solo por tres horas), Fosis, Junji, Indap, Prodemu, Registro Civil, Servicio de Salud Aconcagua, Seremi Salud, Sercotec, Serviu, Tesorer\u00eda, Inspecci\u00f3n del Trabajo y Vialidad. En paralizaci\u00f3n de actividades se mantienen solo con atenci\u00f3n de turnos \u00e9ticos, IPS, Servicio de Impuestos Internos, Servicio M\u00e9dico Legal, Direcci\u00f3n Provincial Educaci\u00f3n, Servicio Agr\u00edcola y Ganadero.<\/p>\n<p>La Gobernadora Patricia Boffa reiter\u00f3 su llamado a la comunidad, a esperar el resultado de las negociaciones que se sostienen con la ANEF.<\/p>\n<p>Se trata del segundo d\u00eda de una paralizaci\u00f3n de 72 horas convocada por los funcionarios del sector p\u00fablico, en rechazo a la propuesta de reajuste salarial que realiz\u00f3 el gobierno de un 4,4%, que representa la mitad de lo solicitado por la Asociaci\u00f3n Nacional de Empleados Fiscales (Anef), que es de un 8,8%.<\/p>\n<p>En la reuni\u00f3n realizada el viernes se negoci\u00f3 la medida entre la Direcci\u00f3n de Presupuestos del Ministerio de Hacienda y la mesa de trabajadores, que indicaron, tras la falta de acuerdo, que las horas de paralizaci\u00f3n pod\u00edan ser prorrogables si es que no hay un punto de encuentro.<\/p>\n<p>&nbsp;<\/p>\n","protected":false},"excerpt":{"rendered":"<p>Una baja adhesi\u00f3n de servicios p\u00fablicos se registr\u00f3 en el segundo d\u00eda de paralizaci\u00f3n convocada por la Asociaci\u00f3n Nacional de Empleados Fiscales (ANEF), en la provincia de San Felipe. De acuerdo a&#8230;<\/p>\n","protected":false},"author":482,"featured_media":39957,"comment_status":"open","ping_status":"closed","sticky":false,"template":"","format":"standard","meta":{"advanced_seo_description":"","jetpack_seo_html_title":"","jetpack_seo_noindex":false,"_jetpack_memberships_contains_paid_content":false,"footnotes":""},"categories":[1],"tags":[],"class_list":["post-39956","post","type-post","status-publish","format-standard","has-post-thumbnail","hentry","category-cronica"],"jetpack_featured_media_url":"https:\/\/i0.wp.com\/eltrabajo.cl\/portal\/wp-content\/uploads\/2013\/11\/boffa.jpg?fit=528%2C396&ssl=1","jetpack_sharing_enabled":true,"jetpack_likes_enabled":true,"jetpack-related-posts":[],"_links":{"self":[{"href":"https:\/\/eltrabajo.cl\/portal\/wp-json\/wp\/v2\/posts\/39956","targetHints":{"allow":["GET"]}}],"collection":[{"href":"https:\/\/eltrabajo.cl\/portal\/wp-json\/wp\/v2\/posts"}],"about":[{"href":"https:\/\/eltrabajo.cl\/portal\/wp-json\/wp\/v2\/types\/post"}],"author":[{"embeddable":true,"href":"https:\/\/eltrabajo.cl\/portal\/wp-json\/wp\/v2\/users\/482"}],"replies":[{"embeddable":true,"href":"https:\/\/eltrabajo.cl\/portal\/wp-json\/wp\/v2\/comments?post=39956"}],"version-history":[{"count":0,"href":"https:\/\/eltrabajo.cl\/portal\/wp-json\/wp\/v2\/posts\/39956\/revisions"}],"wp:featuredmedia":[{"embeddable":true,"href":"https:\/\/eltrabajo.cl\/portal\/wp-json\/wp\/v2\/media\/39957"}],"wp:attachment":[{"href":"https:\/\/eltrabajo.cl\/portal\/wp-json\/wp\/v2\/media?parent=39956"}],"wp:term":[{"taxonomy":"category","embeddable":true,"href":"https:\/\/eltrabajo.cl\/portal\/wp-json\/wp\/v2\/categories?post=39956"},{"taxonomy":"post_tag","embeddable":true,"href":"https:\/\/eltrabajo.cl\/portal\/wp-json\/wp\/v2\/tags?post=39956"}],"curies":[{"name":"wp","href":"https:\/\/api.w.org\/{rel}","templated":true}]}}