{"id":39959,"date":"2013-11-27T10:03:20","date_gmt":"2013-11-27T13:03:20","guid":{"rendered":"http:\/\/www.eltrabajo.cl\/portal\/?p=39959"},"modified":"2013-11-27T10:03:20","modified_gmt":"2013-11-27T13:03:20","slug":"funcionarios-del-cesfam-segismundo-iturra-adhieren-a-paro-de-72-horas","status":"publish","type":"post","link":"https:\/\/eltrabajo.cl\/portal\/funcionarios-del-cesfam-segismundo-iturra-adhieren-a-paro-de-72-horas\/","title":{"rendered":"Funcionarios del Cesfam Segismundo Iturra adhieren a paro de 72 horas"},"content":{"rendered":"<figure id=\"attachment_39960\" aria-describedby=\"caption-attachment-39960\" style=\"width: 529px\" class=\"wp-caption alignnone\"><a href=\"https:\/\/i0.wp.com\/www.eltrabajo.cl\/portal\/wp-content\/uploads\/2013\/11\/paro-en-cesfam.jpg\"><img data-recalc-dims=\"1\" loading=\"lazy\" decoding=\"async\" class=\"size-full wp-image-39960\" title=\"Solo casos puntuales fueron los que se atendieron ayer, lo que gener\u00f3 molestias entre los usuarios.\" alt=\"Solo casos puntuales fueron los que se atendieron ayer, lo que gener\u00f3 molestias entre los usuarios.\" src=\"https:\/\/i0.wp.com\/www.eltrabajo.cl\/portal\/wp-content\/uploads\/2013\/11\/paro-en-cesfam.jpg?resize=529%2C397\" width=\"529\" height=\"397\" srcset=\"https:\/\/i0.wp.com\/eltrabajo.cl\/portal\/wp-content\/uploads\/2013\/11\/paro-en-cesfam.jpg?w=529&amp;ssl=1 529w, https:\/\/i0.wp.com\/eltrabajo.cl\/portal\/wp-content\/uploads\/2013\/11\/paro-en-cesfam.jpg?resize=200%2C150&amp;ssl=1 200w, https:\/\/i0.wp.com\/eltrabajo.cl\/portal\/wp-content\/uploads\/2013\/11\/paro-en-cesfam.jpg?resize=300%2C225&amp;ssl=1 300w, https:\/\/i0.wp.com\/eltrabajo.cl\/portal\/wp-content\/uploads\/2013\/11\/paro-en-cesfam.jpg?resize=150%2C112&amp;ssl=1 150w, https:\/\/i0.wp.com\/eltrabajo.cl\/portal\/wp-content\/uploads\/2013\/11\/paro-en-cesfam.jpg?resize=400%2C300&amp;ssl=1 400w\" sizes=\"auto, (max-width: 529px) 100vw, 529px\" \/><\/a><figcaption id=\"caption-attachment-39960\" class=\"wp-caption-text\">Solo casos puntuales fueron los que se atendieron ayer, lo que gener\u00f3 molestias entre los usuarios.<\/figcaption><\/figure>\n<p>Desde la ma\u00f1ana de ayer que los funcionarios del Cesfam Segismundo Iturra, se encuentran en paro, adhiriendo as\u00ed al llamado nacional realizado por Confusam, en el marco de las movilizaciones que se est\u00e1n llevando a cabo, producto de la discusi\u00f3n del reajuste salarial del sector p\u00fablico.<\/p>\n<figure id=\"attachment_39961\" aria-describedby=\"caption-attachment-39961\" style=\"width: 423px\" class=\"wp-caption alignright\"><a href=\"https:\/\/i0.wp.com\/www.eltrabajo.cl\/portal\/wp-content\/uploads\/2013\/11\/funcionarios.jpg\"><img data-recalc-dims=\"1\" loading=\"lazy\" decoding=\"async\" class=\" wp-image-39961 \" title=\"Algunos de los funcionarios del Cesfam Segismundo Iturra, quienes se encuentran paralizados desde ayer y hasta ma\u00f1ana.\" alt=\"Algunos de los funcionarios del Cesfam Segismundo Iturra, quienes se encuentran paralizados desde ayer y hasta ma\u00f1ana.\" src=\"https:\/\/i0.wp.com\/www.eltrabajo.cl\/portal\/wp-content\/uploads\/2013\/11\/funcionarios.jpg?resize=423%2C318\" width=\"423\" height=\"318\" srcset=\"https:\/\/i0.wp.com\/eltrabajo.cl\/portal\/wp-content\/uploads\/2013\/11\/funcionarios.jpg?w=529&amp;ssl=1 529w, https:\/\/i0.wp.com\/eltrabajo.cl\/portal\/wp-content\/uploads\/2013\/11\/funcionarios.jpg?resize=200%2C150&amp;ssl=1 200w, https:\/\/i0.wp.com\/eltrabajo.cl\/portal\/wp-content\/uploads\/2013\/11\/funcionarios.jpg?resize=300%2C225&amp;ssl=1 300w, https:\/\/i0.wp.com\/eltrabajo.cl\/portal\/wp-content\/uploads\/2013\/11\/funcionarios.jpg?resize=150%2C112&amp;ssl=1 150w, https:\/\/i0.wp.com\/eltrabajo.cl\/portal\/wp-content\/uploads\/2013\/11\/funcionarios.jpg?resize=400%2C300&amp;ssl=1 400w\" sizes=\"auto, (max-width: 423px) 100vw, 423px\" \/><\/a><figcaption id=\"caption-attachment-39961\" class=\"wp-caption-text\">Algunos de los funcionarios del Cesfam Segismundo Iturra, quienes se encuentran paralizados desde ayer y hasta ma\u00f1ana.<\/figcaption><\/figure>\n<p>Seg\u00fan se ha conocido, Confusam resolvi\u00f3 iniciar la paralizaci\u00f3n sin acuerdo con la CUT que es la que ha liderado el movimiento, precisamente porque se encuentran disconformes por la manera en que se ha manejado la negociaci\u00f3n del reajuste, lo que ha motivado tambi\u00e9n que otras asociaciones, como ANEF, tambi\u00e9n haya resuelto paralizar.<\/p>\n<p>En el caso de Confusam, los funcionarios que han paralizado son aquellos pertenecientes a los centros de salud municipal, lo que ha significado que en San Felipe por ejemplo, haya paralizado al menos el Segismundo Iturra.<\/p>\n<p>Pamela Gonz\u00e1lez es dirigente de los trabajadores del Cesfam sanfelipe\u00f1o y seg\u00fan indic\u00f3, la paralizaci\u00f3n se debe a la negativa respuesta que ha existido a las demandas del sector p\u00fablico por parte del gobierno. \u201cEn las mesas que se han realizado para discutir el tema, no hemos tenido presencia ni del Ministro del Trabajo, ni de Hacienda, lo cual nuestros dirigentes lo consideran una falta de respeto\u201d, manifest\u00f3.<\/p>\n<p>Explic\u00f3 que el pasado lunes recibieron un instructivo de Confusam, llamando a paralizar por 72 horas, sin descartar que esta movilizaci\u00f3n se prolongue por m\u00e1s d\u00edas.<\/p>\n<p>Al menos en este centro se implement\u00f3 un plan de contingencia, donde se est\u00e1n realizando algunas prestaciones, tales como atenci\u00f3n a adultos mayores fr\u00e1giles, ni\u00f1os menores de un a\u00f1o y pacientes descompensados. \u201cLos ex\u00e1menes se toman a adultos mayores fr\u00e1giles, ni\u00f1os y embarazadas, control de embarazos es normal, as\u00ed como la entrega de medicamentos del d\u00eda, as\u00ed como de pacientes diab\u00e9ticos y epil\u00e9pticos, que tienen prioridad\u201d, manifest\u00f3 la funcionaria.<\/p>\n<p>Consultada por la situaci\u00f3n de los restantes centros de atenci\u00f3n de salud municipales, se\u00f1al\u00f3 que \u201cest\u00e1n en su mayor\u00eda paralizados, porque estamos todos confederados y por lo tanto, acogemos las instrucciones de Confusam del nivel central\u201d.<\/p>\n<p>&nbsp;<\/p>\n","protected":false},"excerpt":{"rendered":"<p>Desde la ma\u00f1ana de ayer que los funcionarios del Cesfam Segismundo Iturra, se encuentran en paro, adhiriendo as\u00ed al llamado nacional realizado por Confusam, en el marco de las movilizaciones que se&#8230;<\/p>\n","protected":false},"author":482,"featured_media":39960,"comment_status":"open","ping_status":"closed","sticky":false,"template":"","format":"standard","meta":{"advanced_seo_description":"","jetpack_seo_html_title":"","jetpack_seo_noindex":false,"_jetpack_memberships_contains_paid_content":false,"footnotes":""},"categories":[1],"tags":[],"class_list":["post-39959","post","type-post","status-publish","format-standard","has-post-thumbnail","hentry","category-cronica"],"jetpack_featured_media_url":"https:\/\/i0.wp.com\/eltrabajo.cl\/portal\/wp-content\/uploads\/2013\/11\/paro-en-cesfam.jpg?fit=529%2C397&ssl=1","jetpack_sharing_enabled":true,"jetpack_likes_enabled":true,"jetpack-related-posts":[],"_links":{"self":[{"href":"https:\/\/eltrabajo.cl\/portal\/wp-json\/wp\/v2\/posts\/39959","targetHints":{"allow":["GET"]}}],"collection":[{"href":"https:\/\/eltrabajo.cl\/portal\/wp-json\/wp\/v2\/posts"}],"about":[{"href":"https:\/\/eltrabajo.cl\/portal\/wp-json\/wp\/v2\/types\/post"}],"author":[{"embeddable":true,"href":"https:\/\/eltrabajo.cl\/portal\/wp-json\/wp\/v2\/users\/482"}],"replies":[{"embeddable":true,"href":"https:\/\/eltrabajo.cl\/portal\/wp-json\/wp\/v2\/comments?post=39959"}],"version-history":[{"count":0,"href":"https:\/\/eltrabajo.cl\/portal\/wp-json\/wp\/v2\/posts\/39959\/revisions"}],"wp:featuredmedia":[{"embeddable":true,"href":"https:\/\/eltrabajo.cl\/portal\/wp-json\/wp\/v2\/media\/39960"}],"wp:attachment":[{"href":"https:\/\/eltrabajo.cl\/portal\/wp-json\/wp\/v2\/media?parent=39959"}],"wp:term":[{"taxonomy":"category","embeddable":true,"href":"https:\/\/eltrabajo.cl\/portal\/wp-json\/wp\/v2\/categories?post=39959"},{"taxonomy":"post_tag","embeddable":true,"href":"https:\/\/eltrabajo.cl\/portal\/wp-json\/wp\/v2\/tags?post=39959"}],"curies":[{"name":"wp","href":"https:\/\/api.w.org\/{rel}","templated":true}]}}