{"id":39972,"date":"2013-11-27T10:11:09","date_gmt":"2013-11-27T13:11:09","guid":{"rendered":"http:\/\/www.eltrabajo.cl\/portal\/?p=39972"},"modified":"2013-11-27T10:11:09","modified_gmt":"2013-11-27T13:11:09","slug":"liceos-comienzan-ceremonias-de-despedidas-de-sus-cuartos-medios","status":"publish","type":"post","link":"https:\/\/eltrabajo.cl\/portal\/liceos-comienzan-ceremonias-de-despedidas-de-sus-cuartos-medios\/","title":{"rendered":"Liceos comienzan ceremonias de despedidas de sus cuartos medios"},"content":{"rendered":"<figure id=\"attachment_39973\" aria-describedby=\"caption-attachment-39973\" style=\"width: 528px\" class=\"wp-caption alignnone\"><a href=\"https:\/\/i0.wp.com\/www.eltrabajo.cl\/portal\/wp-content\/uploads\/2013\/11\/despedida.jpg\"><img data-recalc-dims=\"1\" loading=\"lazy\" decoding=\"async\" class=\"size-full wp-image-39973\" title=\"Las graduaciones de los cuartos medios, significativo momento que queda grabado en la vida de cada uno de nosotros.\" alt=\"Las graduaciones de los cuartos medios, significativo momento que queda grabado en la vida de cada uno de nosotros.\" src=\"https:\/\/i0.wp.com\/www.eltrabajo.cl\/portal\/wp-content\/uploads\/2013\/11\/despedida.jpg?resize=528%2C310\" width=\"528\" height=\"310\" srcset=\"https:\/\/i0.wp.com\/eltrabajo.cl\/portal\/wp-content\/uploads\/2013\/11\/despedida.jpg?w=528&amp;ssl=1 528w, https:\/\/i0.wp.com\/eltrabajo.cl\/portal\/wp-content\/uploads\/2013\/11\/despedida.jpg?resize=200%2C117&amp;ssl=1 200w, https:\/\/i0.wp.com\/eltrabajo.cl\/portal\/wp-content\/uploads\/2013\/11\/despedida.jpg?resize=300%2C176&amp;ssl=1 300w, https:\/\/i0.wp.com\/eltrabajo.cl\/portal\/wp-content\/uploads\/2013\/11\/despedida.jpg?resize=150%2C88&amp;ssl=1 150w, https:\/\/i0.wp.com\/eltrabajo.cl\/portal\/wp-content\/uploads\/2013\/11\/despedida.jpg?resize=400%2C234&amp;ssl=1 400w\" sizes=\"auto, (max-width: 528px) 100vw, 528px\" \/><\/a><figcaption id=\"caption-attachment-39973\" class=\"wp-caption-text\">Las graduaciones de los cuartos medios, significativo momento que queda grabado en la vida de cada uno de nosotros.<\/figcaption><\/figure>\n<p>Sin lugar a dudas, una de las etapas m\u00e1s emocionantes de la educaci\u00f3n secundaria es la ceremonia de graduaci\u00f3n de las generaciones de alumnos y alumnas que egresan de cada uno de los diferentes establecimientos educacionales.<\/p>\n<p>En esta \u00e9poca ya comienzan los preparativos para despedir a una nueva generaci\u00f3n de j\u00f3venes, quienes con sentimientos encontrados, miran con nerviosismo y ansias el comienzo de una nueva etapa, pero tambi\u00e9n con nostalgia y tristeza, cierran uno de los cap\u00edtulos m\u00e1s hermosos de nuestra adolescencia.<\/p>\n<p>Es extra\u00f1o sentir como van aflorando las emociones en la medida que ese minuto se acerca, comienza el apego a esos momentos que lentamente van quedando atr\u00e1s, como tratando por un instante que el tiempo retrocediera y nos permitiera recrear y volver a vivir esos m\u00e1gicos momentos, en los que acompa\u00f1ados de sus amigos, deambulaban por los pasillos y las aulas, mudos testigos de m\u00e1s de una travesura, la que se suma a otras tantas de generaciones anteriores.<\/p>\n<p>Acompa\u00f1ados de sus padres y apoderados, los j\u00f3venes, que ya miran con inter\u00e9s las diversas posibilidades que les esperan en esta nueva etapa, ir\u00e1n pasando uno tras otro, rumbo al escenario donde recibir\u00e1n su licencia de ense\u00f1anza media, testimonio de la finalizaci\u00f3n del periodo escolar, ese que comenz\u00f3 hace varios a\u00f1os, con ni\u00f1os temerosos que buscaban afanosamente no despegarse de la seguridad y cari\u00f1o de los padres, quienes ve\u00edan con emoci\u00f3n, como sus hijos daban sus primeros pasos en la escolaridad, misma emoci\u00f3n que hoy se hace presente para decir no adi\u00f3s, sino un hasta siempre.<\/p>\n<p>Atr\u00e1s quedan Maestros, asistentes de la educaci\u00f3n, juegos y despreocupaciones, aulas vac\u00edas que con tristeza ven emerger a j\u00f3venes con ideas y convicciones, deseosas de ser abarrotadas por otra generaci\u00f3n, que busque repetir tan emocionante experiencia, la del conocimiento.<\/p>\n<p>Para todos ellos, alumnos del Liceo Dr. Roberto Humeres Oyaneder, Liceo Corina Urbina, Liceo San Felipe y Liceo Bicentenario Cordillera, les deseamos todo el \u00e9xito del mundo, en cada uno de los nuevos desaf\u00edos que planteen, que sus sue\u00f1os se realicen con creces, y que las ganas de ser cada d\u00eda m\u00e1s, sea el aliciente permanente que les motive a ser cada d\u00eda mejores.<\/p>\n<p>&nbsp;<\/p>\n","protected":false},"excerpt":{"rendered":"<p>Sin lugar a dudas, una de las etapas m\u00e1s emocionantes de la educaci\u00f3n secundaria es la ceremonia de graduaci\u00f3n de las generaciones de alumnos y alumnas que egresan de cada uno de&#8230;<\/p>\n","protected":false},"author":482,"featured_media":39973,"comment_status":"open","ping_status":"closed","sticky":false,"template":"","format":"standard","meta":{"advanced_seo_description":"","jetpack_seo_html_title":"","jetpack_seo_noindex":false,"_jetpack_memberships_contains_paid_content":false,"footnotes":""},"categories":[1],"tags":[],"class_list":["post-39972","post","type-post","status-publish","format-standard","has-post-thumbnail","hentry","category-cronica"],"jetpack_featured_media_url":"https:\/\/i0.wp.com\/eltrabajo.cl\/portal\/wp-content\/uploads\/2013\/11\/despedida.jpg?fit=528%2C310&ssl=1","jetpack_sharing_enabled":true,"jetpack_likes_enabled":true,"jetpack-related-posts":[],"_links":{"self":[{"href":"https:\/\/eltrabajo.cl\/portal\/wp-json\/wp\/v2\/posts\/39972","targetHints":{"allow":["GET"]}}],"collection":[{"href":"https:\/\/eltrabajo.cl\/portal\/wp-json\/wp\/v2\/posts"}],"about":[{"href":"https:\/\/eltrabajo.cl\/portal\/wp-json\/wp\/v2\/types\/post"}],"author":[{"embeddable":true,"href":"https:\/\/eltrabajo.cl\/portal\/wp-json\/wp\/v2\/users\/482"}],"replies":[{"embeddable":true,"href":"https:\/\/eltrabajo.cl\/portal\/wp-json\/wp\/v2\/comments?post=39972"}],"version-history":[{"count":0,"href":"https:\/\/eltrabajo.cl\/portal\/wp-json\/wp\/v2\/posts\/39972\/revisions"}],"wp:featuredmedia":[{"embeddable":true,"href":"https:\/\/eltrabajo.cl\/portal\/wp-json\/wp\/v2\/media\/39973"}],"wp:attachment":[{"href":"https:\/\/eltrabajo.cl\/portal\/wp-json\/wp\/v2\/media?parent=39972"}],"wp:term":[{"taxonomy":"category","embeddable":true,"href":"https:\/\/eltrabajo.cl\/portal\/wp-json\/wp\/v2\/categories?post=39972"},{"taxonomy":"post_tag","embeddable":true,"href":"https:\/\/eltrabajo.cl\/portal\/wp-json\/wp\/v2\/tags?post=39972"}],"curies":[{"name":"wp","href":"https:\/\/api.w.org\/{rel}","templated":true}]}}