{"id":39979,"date":"2013-11-27T10:17:24","date_gmt":"2013-11-27T13:17:24","guid":{"rendered":"http:\/\/www.eltrabajo.cl\/portal\/?p=39979"},"modified":"2013-11-27T10:17:24","modified_gmt":"2013-11-27T13:17:24","slug":"joven-asegura-que-lo-estafaron-con-curso-de-operador-de-maquinaria-pesada","status":"publish","type":"post","link":"https:\/\/eltrabajo.cl\/portal\/joven-asegura-que-lo-estafaron-con-curso-de-operador-de-maquinaria-pesada\/","title":{"rendered":"Joven asegura que lo estafaron con curso de Operador de maquinaria pesada"},"content":{"rendered":"<figure id=\"attachment_39980\" aria-describedby=\"caption-attachment-39980\" style=\"width: 317px\" class=\"wp-caption alignleft\"><a href=\"https:\/\/i0.wp.com\/www.eltrabajo.cl\/portal\/wp-content\/uploads\/2013\/11\/macdiel-osses.jpg\"><img data-recalc-dims=\"1\" loading=\"lazy\" decoding=\"async\" class=\" wp-image-39980 \" title=\"Macdiel Osses, asegura que se siente \u2018estafado\u2019 por quienes le cobraron $400.000 por un curso poco \u00fatil para trabajar.\" alt=\"Macdiel Osses, asegura que se siente \u2018estafado\u2019 por quienes le cobraron $400.000 por un curso poco \u00fatil para trabajar.\" src=\"https:\/\/i0.wp.com\/www.eltrabajo.cl\/portal\/wp-content\/uploads\/2013\/11\/macdiel-osses.jpg?resize=317%2C302\" width=\"317\" height=\"302\" srcset=\"https:\/\/i0.wp.com\/eltrabajo.cl\/portal\/wp-content\/uploads\/2013\/11\/macdiel-osses.jpg?w=529&amp;ssl=1 529w, https:\/\/i0.wp.com\/eltrabajo.cl\/portal\/wp-content\/uploads\/2013\/11\/macdiel-osses.jpg?resize=157%2C150&amp;ssl=1 157w, https:\/\/i0.wp.com\/eltrabajo.cl\/portal\/wp-content\/uploads\/2013\/11\/macdiel-osses.jpg?resize=300%2C285&amp;ssl=1 300w, https:\/\/i0.wp.com\/eltrabajo.cl\/portal\/wp-content\/uploads\/2013\/11\/macdiel-osses.jpg?resize=150%2C142&amp;ssl=1 150w, https:\/\/i0.wp.com\/eltrabajo.cl\/portal\/wp-content\/uploads\/2013\/11\/macdiel-osses.jpg?resize=400%2C380&amp;ssl=1 400w\" sizes=\"auto, (max-width: 317px) 100vw, 317px\" \/><\/a><figcaption id=\"caption-attachment-39980\" class=\"wp-caption-text\">Macdiel Osses, asegura que se siente \u2018estafado\u2019 por quienes le cobraron $400.000 por un curso poco \u00fatil para trabajar.<\/figcaption><\/figure>\n<ul>\n<li><strong>Del rechazo laboral que ha recibido en varias empresas a las que ha postulado un joven sanfelipe\u00f1o, es de lo que responsabiliza un sanfelipe\u00f1o a la escuela de manejo que le cobr\u00f3 $400.000 pesos por un curso de maquinaria pesada, recibiendo un diploma por m\u00e1quinas que dice nunca haber manipulado.<\/strong><\/li>\n<\/ul>\n<p>Un joven de 22 a\u00f1os, quien se desempe\u00f1a como agente de seguridad en una c\u00e9ntrica ferreter\u00eda sanfelipe\u00f1a y quien reuni\u00f3 peso por peso para poder pagar un curso de Operador de maquinaria pesada en la Escuela de Conductores San Crist\u00f3bal Ltda. y as\u00ed poder postular a mejores trabajos en lo referente a miner\u00eda, denunci\u00f3 en Diario El Trabajo que \u2018se siente estafado por esa escuela\u2019. Estas palabras fueron dichas por Macdiel Osses Olmos, quien asegura haber pagado $400.000 por un curso, mismo que no es reconocido en la pr\u00e1ctica por las empresas a donde \u00e9l ha presentado sus ofertas de trabajo.<\/p>\n<p>Nuestro medio habl\u00f3 con el denunciante a fin de conocer los argumentos de su denuncia.<\/p>\n<p>&nbsp;<\/p>\n<p><strong>\u00abME SIENTO ESTAFADO\u00bb<\/strong><\/p>\n<p><strong>&#8211; \u00bfCu\u00e1l es la situaci\u00f3n entre usted y el curso que pag\u00f3 en esa escuela?<\/strong><\/p>\n<p>&#8211; \u00abEn junio yo hice un curso con la Escuela de Manejo San Crist\u00f3bal, me cost\u00f3 $400.000 y dur\u00f3 un mes, hab\u00edan ocho personas m\u00e1s tambi\u00e9n haciendo ese curso, se supon\u00eda que aprender\u00edamos a manejar cuatro m\u00e1quinas, en mi caso por ejemplo, me dieron un diploma que dec\u00eda Operario de cargador frontal, m\u00e1quina que nunca manipulamos para practicar, pero igual me dieron el diploma\u00bb.<\/p>\n<figure id=\"attachment_39981\" aria-describedby=\"caption-attachment-39981\" style=\"width: 422px\" class=\"wp-caption alignright\"><a href=\"https:\/\/i0.wp.com\/www.eltrabajo.cl\/portal\/wp-content\/uploads\/2013\/11\/diploma1.jpg\"><img data-recalc-dims=\"1\" loading=\"lazy\" decoding=\"async\" class=\" wp-image-39981 \" title=\"Este es uno de los dos diplomas que certifican que Macdiel Osses Olmos hizo el curso, pero \u00e9l mismo asegura que nadie lo contrata cuando ven el diploma.\" alt=\"Este es uno de los dos diplomas que certifican que Macdiel Osses Olmos hizo el curso, pero \u00e9l mismo asegura que nadie lo contrata cuando ven el diploma.\" src=\"https:\/\/i0.wp.com\/www.eltrabajo.cl\/portal\/wp-content\/uploads\/2013\/11\/diploma1.jpg?resize=422%2C315\" width=\"422\" height=\"315\" srcset=\"https:\/\/i0.wp.com\/eltrabajo.cl\/portal\/wp-content\/uploads\/2013\/11\/diploma1.jpg?w=528&amp;ssl=1 528w, https:\/\/i0.wp.com\/eltrabajo.cl\/portal\/wp-content\/uploads\/2013\/11\/diploma1.jpg?resize=200%2C150&amp;ssl=1 200w, https:\/\/i0.wp.com\/eltrabajo.cl\/portal\/wp-content\/uploads\/2013\/11\/diploma1.jpg?resize=300%2C223&amp;ssl=1 300w, https:\/\/i0.wp.com\/eltrabajo.cl\/portal\/wp-content\/uploads\/2013\/11\/diploma1.jpg?resize=150%2C111&amp;ssl=1 150w, https:\/\/i0.wp.com\/eltrabajo.cl\/portal\/wp-content\/uploads\/2013\/11\/diploma1.jpg?resize=400%2C298&amp;ssl=1 400w\" sizes=\"auto, (max-width: 422px) 100vw, 422px\" \/><\/a><figcaption id=\"caption-attachment-39981\" class=\"wp-caption-text\">Este es uno de los dos diplomas que certifican que Macdiel Osses Olmos hizo el curso, pero \u00e9l mismo asegura que nadie lo contrata cuando ven el diploma.<\/figcaption><\/figure>\n<p><strong>&#8211; \u00bfAlguien le ofreci\u00f3 a usted ayudarlo a conseguir trabajo en esa escuela?<\/strong><\/p>\n<p>&#8211; \u00abSe hab\u00eda corrido el rumor en ese curso, que nos har\u00edan el favor de colocarnos laboralmente en alguna minera, yo me acerqu\u00e9 a la se\u00f1ora (Gloria Echeverr\u00eda) y le pregunt\u00e9 que si pod\u00eda conseguirme trabajo, me dijo que \u2018se iba a mover en eso\u2019, pero nada pas\u00f3 (\u2026) ellos se desentienden de usted\u00bb.<\/p>\n<p><strong>&#8211; \u00bfQu\u00e9 problemas ha enfrentado con estos diplomas del curso?<\/strong><\/p>\n<p>&#8211; \u00abEl mayor problema lo tengo cuando me acerco a buscar trabajo, cuando me preguntan si yo hice el curso con esta escuela, y cuando les digo que s\u00ed, inmediatamente se produce un rechazo para darme alguna oportunidad laboral, as\u00ed me ha pasado varias veces, no entiendo entonces para qu\u00e9 gast\u00e9 mi dinero en un curso que no me sirve para lo que me dijeron que serv\u00eda.<\/p>\n<p>\u00abMe siento estafado, y esto es en general, porque a pesar que hice este curso, me rechazan por haberlo hecho, los empresarios piensan que uno no est\u00e1 preparado para trabajar, no s\u00e9 por qu\u00e9 dan cursos as\u00ed\u00bb.<\/p>\n<figure id=\"attachment_39982\" aria-describedby=\"caption-attachment-39982\" style=\"width: 422px\" class=\"wp-caption alignleft\"><a href=\"https:\/\/i0.wp.com\/www.eltrabajo.cl\/portal\/wp-content\/uploads\/2013\/11\/diploma2.jpg\"><img data-recalc-dims=\"1\" loading=\"lazy\" decoding=\"async\" class=\" wp-image-39982 \" title=\"DUDOSO.- El denunciante asegura que recibi\u00f3  este diploma de un curso de Operador de cargador frontal, sin haber \u00e9l manipulado tal cargador en ninguna ocasi\u00f3n durante el curso.\" alt=\"DUDOSO.- El denunciante asegura que recibi\u00f3  este diploma de un curso de Operador de cargador frontal, sin haber \u00e9l manipulado tal cargador en ninguna ocasi\u00f3n durante el curso.\" src=\"https:\/\/i0.wp.com\/www.eltrabajo.cl\/portal\/wp-content\/uploads\/2013\/11\/diploma2.jpg?resize=422%2C323\" width=\"422\" height=\"323\" srcset=\"https:\/\/i0.wp.com\/eltrabajo.cl\/portal\/wp-content\/uploads\/2013\/11\/diploma2.jpg?w=528&amp;ssl=1 528w, https:\/\/i0.wp.com\/eltrabajo.cl\/portal\/wp-content\/uploads\/2013\/11\/diploma2.jpg?resize=196%2C150&amp;ssl=1 196w, https:\/\/i0.wp.com\/eltrabajo.cl\/portal\/wp-content\/uploads\/2013\/11\/diploma2.jpg?resize=300%2C229&amp;ssl=1 300w, https:\/\/i0.wp.com\/eltrabajo.cl\/portal\/wp-content\/uploads\/2013\/11\/diploma2.jpg?resize=150%2C114&amp;ssl=1 150w, https:\/\/i0.wp.com\/eltrabajo.cl\/portal\/wp-content\/uploads\/2013\/11\/diploma2.jpg?resize=400%2C306&amp;ssl=1 400w\" sizes=\"auto, (max-width: 422px) 100vw, 422px\" \/><\/a><figcaption id=\"caption-attachment-39982\" class=\"wp-caption-text\">DUDOSO.- El denunciante asegura que recibi\u00f3 este diploma de un curso de Operador de cargador frontal, sin haber \u00e9l manipulado tal cargador en ninguna ocasi\u00f3n durante el curso.<\/figcaption><\/figure>\n<p>&nbsp;<\/p>\n<p><strong>EMPRESA DE\u00a0LARGA DATA<\/strong><\/p>\n<p>Diario El Trabajo busc\u00f3 y solicit\u00f3 explicaciones a la respetada empresaria sanfelipe\u00f1a y Gerente de la Sociedad Escuela de Conductores Limitada, Gloria Echeverr\u00eda, quien explic\u00f3 a nuestro medio que \u00abefectivamente dicha persona realiz\u00f3 entre los d\u00edas 3 de mayo de 2013 y 8 de junio de 2013, el curso de Operador de maquinaria pesada, esta persona no ha presentado reclamo alguno en la empresa en relaci\u00f3n a dicho curso, que en los 15 a\u00f1os de funcionamiento de la sociedad, jam\u00e1s hemos tenido reclamo alguno por los cursos en Sence\u00bb, se\u00f1al\u00f3 la empresaria.<\/p>\n<p>Seg\u00fan lo indic\u00f3 Echeverr\u00eda a Diario El Trabajo, \u00abla sociedad que representa certifica que la persona ha realizado los cursos correspondientes, tanto en el aspecto pr\u00e1ctico como te\u00f3rico, en este caso el curso es espec\u00edficamente de \u2018Operador de maquinaria en movimiento de tierra\u2019, practicando el alumno en retroexcavadoras, excavadoras, bobcat, etc., adicionalmente para ayudar a los alumnos, se les ense\u00f1a a postular a los trabajos, como ejemplo se les abre el portal de Codelco, donde ingresan sus datos para postular, el ser seleccionado ya depende de las habilidades del postulante, no tenemos convenio para que ingresen a trabajar a una determinada empresa, ya que no es el rubro de nuestra empresa el de agencia de trabajo\u00bb, puntualiz\u00f3 la empresaria.<\/p>\n<p>Roberto Gonz\u00e1lez Short<\/p>\n<p>rgonzalez@eltrabajo.cl<\/p>\n<p>&nbsp;<\/p>\n","protected":false},"excerpt":{"rendered":"<p>Del rechazo laboral que ha recibido en varias empresas a las que ha postulado un joven sanfelipe\u00f1o, es de lo que responsabiliza un sanfelipe\u00f1o a la escuela de manejo que le cobr\u00f3&#8230;<\/p>\n","protected":false},"author":482,"featured_media":39980,"comment_status":"open","ping_status":"closed","sticky":false,"template":"","format":"standard","meta":{"advanced_seo_description":"","jetpack_seo_html_title":"","jetpack_seo_noindex":false,"_jetpack_memberships_contains_paid_content":false,"footnotes":""},"categories":[15],"tags":[],"class_list":["post-39979","post","type-post","status-publish","format-standard","has-post-thumbnail","hentry","category-comunidad"],"jetpack_featured_media_url":"https:\/\/i0.wp.com\/eltrabajo.cl\/portal\/wp-content\/uploads\/2013\/11\/macdiel-osses.jpg?fit=529%2C503&ssl=1","jetpack_sharing_enabled":true,"jetpack_likes_enabled":true,"jetpack-related-posts":[],"_links":{"self":[{"href":"https:\/\/eltrabajo.cl\/portal\/wp-json\/wp\/v2\/posts\/39979","targetHints":{"allow":["GET"]}}],"collection":[{"href":"https:\/\/eltrabajo.cl\/portal\/wp-json\/wp\/v2\/posts"}],"about":[{"href":"https:\/\/eltrabajo.cl\/portal\/wp-json\/wp\/v2\/types\/post"}],"author":[{"embeddable":true,"href":"https:\/\/eltrabajo.cl\/portal\/wp-json\/wp\/v2\/users\/482"}],"replies":[{"embeddable":true,"href":"https:\/\/eltrabajo.cl\/portal\/wp-json\/wp\/v2\/comments?post=39979"}],"version-history":[{"count":0,"href":"https:\/\/eltrabajo.cl\/portal\/wp-json\/wp\/v2\/posts\/39979\/revisions"}],"wp:featuredmedia":[{"embeddable":true,"href":"https:\/\/eltrabajo.cl\/portal\/wp-json\/wp\/v2\/media\/39980"}],"wp:attachment":[{"href":"https:\/\/eltrabajo.cl\/portal\/wp-json\/wp\/v2\/media?parent=39979"}],"wp:term":[{"taxonomy":"category","embeddable":true,"href":"https:\/\/eltrabajo.cl\/portal\/wp-json\/wp\/v2\/categories?post=39979"},{"taxonomy":"post_tag","embeddable":true,"href":"https:\/\/eltrabajo.cl\/portal\/wp-json\/wp\/v2\/tags?post=39979"}],"curies":[{"name":"wp","href":"https:\/\/api.w.org\/{rel}","templated":true}]}}