{"id":39985,"date":"2013-11-27T10:21:58","date_gmt":"2013-11-27T13:21:58","guid":{"rendered":"http:\/\/www.eltrabajo.cl\/portal\/?p=39985"},"modified":"2013-11-27T10:21:58","modified_gmt":"2013-11-27T13:21:58","slug":"vecina-asustada-porque-le-instalan-un-auto-gas-a-tres-metros-de-su-casa","status":"publish","type":"post","link":"https:\/\/eltrabajo.cl\/portal\/vecina-asustada-porque-le-instalan-un-auto-gas-a-tres-metros-de-su-casa\/","title":{"rendered":"Vecina asustada porque le instalan un auto-gas a tres metros de su casa"},"content":{"rendered":"<figure id=\"attachment_39986\" aria-describedby=\"caption-attachment-39986\" style=\"width: 190px\" class=\"wp-caption alignleft\"><a href=\"https:\/\/i0.wp.com\/www.eltrabajo.cl\/portal\/wp-content\/uploads\/2013\/11\/marcela-saavedra.jpg\"><img data-recalc-dims=\"1\" loading=\"lazy\" decoding=\"async\" class=\" wp-image-39986  \" title=\"Marcela Saavedra, vecina que asegura estar asustada por el auto-gas que est\u00e1n instalando al lado de su casa.\" alt=\"Marcela Saavedra, vecina que asegura estar asustada por el auto-gas que est\u00e1n instalando al lado de su casa.\" src=\"https:\/\/i0.wp.com\/www.eltrabajo.cl\/portal\/wp-content\/uploads\/2013\/11\/marcela-saavedra.jpg?resize=190%2C194\" width=\"190\" height=\"194\" srcset=\"https:\/\/i0.wp.com\/eltrabajo.cl\/portal\/wp-content\/uploads\/2013\/11\/marcela-saavedra.jpg?w=529&amp;ssl=1 529w, https:\/\/i0.wp.com\/eltrabajo.cl\/portal\/wp-content\/uploads\/2013\/11\/marcela-saavedra.jpg?resize=147%2C150&amp;ssl=1 147w, https:\/\/i0.wp.com\/eltrabajo.cl\/portal\/wp-content\/uploads\/2013\/11\/marcela-saavedra.jpg?resize=294%2C300&amp;ssl=1 294w, https:\/\/i0.wp.com\/eltrabajo.cl\/portal\/wp-content\/uploads\/2013\/11\/marcela-saavedra.jpg?resize=400%2C406&amp;ssl=1 400w\" sizes=\"auto, (max-width: 190px) 100vw, 190px\" \/><\/a><figcaption id=\"caption-attachment-39986\" class=\"wp-caption-text\">Marcela Saavedra, vecina que asegura estar asustada por el auto-gas que est\u00e1n instalando al lado de su casa.<\/figcaption><\/figure>\n<p>M\u00e1s que preocupada, muy asustada se manifest\u00f3 una vecina del sector Tocornal con Hermanos Carrera, propiamente colindante con las dependencias de Agrolub, al enterarse que a s\u00f3lo unos cinco metros de su propiedad est\u00e1n siendo instalados varios cilindros gigantes de gas de la empresa Gasco, pero que operar\u00edan por contrato para Agrolub.<\/p>\n<figure id=\"attachment_39987\" aria-describedby=\"caption-attachment-39987\" style=\"width: 423px\" class=\"wp-caption alignright\"><a href=\"https:\/\/i0.wp.com\/www.eltrabajo.cl\/portal\/wp-content\/uploads\/2013\/11\/gas11.jpg\"><img data-recalc-dims=\"1\" loading=\"lazy\" decoding=\"async\" class=\" wp-image-39987 \" title=\"EN CONSTRUCCI\u00d3N.- Las c\u00e1maras de nuestro medio registran tambi\u00e9n que s\u00ed existen muros de cemento alrededor de los cilindros de gas, sin embargo las m\u00e1quinas que lo expender\u00e1n est\u00e1n a s\u00f3lo cuatro metros de la pandereta.\" alt=\"EN CONSTRUCCI\u00d3N.- Las c\u00e1maras de nuestro medio registran tambi\u00e9n que s\u00ed existen muros de cemento alrededor de los cilindros de gas, sin embargo las m\u00e1quinas que lo expender\u00e1n est\u00e1n a s\u00f3lo cuatro metros de la pandereta.\" src=\"https:\/\/i0.wp.com\/www.eltrabajo.cl\/portal\/wp-content\/uploads\/2013\/11\/gas11.jpg?resize=423%2C296\" width=\"423\" height=\"296\" srcset=\"https:\/\/i0.wp.com\/eltrabajo.cl\/portal\/wp-content\/uploads\/2013\/11\/gas11.jpg?w=529&amp;ssl=1 529w, https:\/\/i0.wp.com\/eltrabajo.cl\/portal\/wp-content\/uploads\/2013\/11\/gas11.jpg?resize=200%2C139&amp;ssl=1 200w, https:\/\/i0.wp.com\/eltrabajo.cl\/portal\/wp-content\/uploads\/2013\/11\/gas11.jpg?resize=300%2C209&amp;ssl=1 300w, https:\/\/i0.wp.com\/eltrabajo.cl\/portal\/wp-content\/uploads\/2013\/11\/gas11.jpg?resize=150%2C104&amp;ssl=1 150w, https:\/\/i0.wp.com\/eltrabajo.cl\/portal\/wp-content\/uploads\/2013\/11\/gas11.jpg?resize=400%2C279&amp;ssl=1 400w\" sizes=\"auto, (max-width: 423px) 100vw, 423px\" \/><\/a><figcaption id=\"caption-attachment-39987\" class=\"wp-caption-text\">EN CONSTRUCCI\u00d3N.- Las c\u00e1maras de nuestro medio registran tambi\u00e9n que s\u00ed existen muros de cemento alrededor de los cilindros de gas, sin embargo las m\u00e1quinas que lo expender\u00e1n est\u00e1n a s\u00f3lo cuatro metros de la pandereta.<\/figcaption><\/figure>\n<p>\u00abSoy una persona con un gran problema, soy propietaria y vivo al lado del Agrolub, esquina Hermanos Carrera, lo que pasa es que en dicha empresa se est\u00e1 construyendo una bomba de combustible de gas, la cual colinda con mi terreno por todo el costado y s\u00f3lo nos separa mi pandereta, no son m\u00e1s de dos metros, los cuales nos separan del cargador de dicho combustible\u00bb, coment\u00f3 angustiada Marcela Saavedra, madre de tres ni\u00f1os y vecina del sector.<\/p>\n<figure id=\"attachment_39988\" aria-describedby=\"caption-attachment-39988\" style=\"width: 423px\" class=\"wp-caption alignleft\"><a href=\"https:\/\/i0.wp.com\/www.eltrabajo.cl\/portal\/wp-content\/uploads\/2013\/11\/pandereta1.jpg\"><img data-recalc-dims=\"1\" loading=\"lazy\" decoding=\"async\" class=\" wp-image-39988 \" title=\"PREOCUPADA.- Desde el patio de su casa y sobre la pandereta de la misma, Marcela Saavedra muestra a Diario El Trabajo lo cerca que quedar\u00e1 el autoservicio de auto-gas.\" alt=\"PREOCUPADA.- Desde el patio de su casa y sobre la pandereta de la misma, Marcela Saavedra muestra a Diario El Trabajo lo cerca que quedar\u00e1 el autoservicio de auto-gas.\" src=\"https:\/\/i0.wp.com\/www.eltrabajo.cl\/portal\/wp-content\/uploads\/2013\/11\/pandereta1.jpg?resize=423%2C320\" width=\"423\" height=\"320\" srcset=\"https:\/\/i0.wp.com\/eltrabajo.cl\/portal\/wp-content\/uploads\/2013\/11\/pandereta1.jpg?w=529&amp;ssl=1 529w, https:\/\/i0.wp.com\/eltrabajo.cl\/portal\/wp-content\/uploads\/2013\/11\/pandereta1.jpg?resize=198%2C150&amp;ssl=1 198w, https:\/\/i0.wp.com\/eltrabajo.cl\/portal\/wp-content\/uploads\/2013\/11\/pandereta1.jpg?resize=300%2C226&amp;ssl=1 300w, https:\/\/i0.wp.com\/eltrabajo.cl\/portal\/wp-content\/uploads\/2013\/11\/pandereta1.jpg?resize=150%2C113&amp;ssl=1 150w, https:\/\/i0.wp.com\/eltrabajo.cl\/portal\/wp-content\/uploads\/2013\/11\/pandereta1.jpg?resize=400%2C302&amp;ssl=1 400w\" sizes=\"auto, (max-width: 423px) 100vw, 423px\" \/><\/a><figcaption id=\"caption-attachment-39988\" class=\"wp-caption-text\">PREOCUPADA.- Desde el patio de su casa y sobre la pandereta de la misma, Marcela Saavedra muestra a Diario El Trabajo lo cerca que quedar\u00e1 el autoservicio de auto-gas.<\/figcaption><\/figure>\n<p>\u00abSoy madre de tres hijos, ellos juegan en el patio y tambi\u00e9n se hacen algunos asaditos, los cuales ya no ser\u00e1n posible realizar sin el peligro de una explosi\u00f3n, hasta el momento los due\u00f1os de este proyecto nunca han hablado con nosotros los vecinos, no se nos ha informado sobre si ellos tienen programado instalar alg\u00fan corta-fuegos o muro de contenci\u00f3n, lo que nos preocupa a\u00fan m\u00e1s\u00bb, agreg\u00f3 Saavedra a Diario El Trabajo.<\/p>\n<p>Nuestro medio habl\u00f3 con un funcionario autorizado de Agrolub, quien se\u00f1al\u00f3 que \u00abtodo lo que estamos haciendo en ese plantel est\u00e1 aprobado por el municipio, nada est\u00e1 fuera de regla, los tanques de gas cuentan con sus respectivos muros gruesos de cemento, lo cual es lo que nos pide la ley\u00bb, indic\u00f3 en funcionario, quien pidi\u00f3 no ser identificado.<\/p>\n<figure id=\"attachment_39989\" aria-describedby=\"caption-attachment-39989\" style=\"width: 317px\" class=\"wp-caption alignright\"><a href=\"https:\/\/i0.wp.com\/www.eltrabajo.cl\/portal\/wp-content\/uploads\/2013\/11\/peligro1.jpg\"><img data-recalc-dims=\"1\" loading=\"lazy\" decoding=\"async\" class=\" wp-image-39989 \" title=\"\u00bfQUI\u00c9N REGULA ESTO?- Tal como lo registran nuestras c\u00e1maras, en las cercan\u00edas a esta empresa (Agrolub), tambi\u00e9n existen otras anomal\u00edas y peligros para los peatones y vecinos del sector. \" alt=\"\u00bfQUI\u00c9N REGULA ESTO?- Tal como lo registran nuestras c\u00e1maras, en las cercan\u00edas a esta empresa (Agrolub), tambi\u00e9n existen otras anomal\u00edas y peligros para los peatones y vecinos del sector. \" src=\"https:\/\/i0.wp.com\/www.eltrabajo.cl\/portal\/wp-content\/uploads\/2013\/11\/peligro1.jpg?resize=317%2C238\" width=\"317\" height=\"238\" srcset=\"https:\/\/i0.wp.com\/eltrabajo.cl\/portal\/wp-content\/uploads\/2013\/11\/peligro1.jpg?w=528&amp;ssl=1 528w, https:\/\/i0.wp.com\/eltrabajo.cl\/portal\/wp-content\/uploads\/2013\/11\/peligro1.jpg?resize=200%2C150&amp;ssl=1 200w, https:\/\/i0.wp.com\/eltrabajo.cl\/portal\/wp-content\/uploads\/2013\/11\/peligro1.jpg?resize=300%2C225&amp;ssl=1 300w, https:\/\/i0.wp.com\/eltrabajo.cl\/portal\/wp-content\/uploads\/2013\/11\/peligro1.jpg?resize=150%2C112&amp;ssl=1 150w, https:\/\/i0.wp.com\/eltrabajo.cl\/portal\/wp-content\/uploads\/2013\/11\/peligro1.jpg?resize=400%2C300&amp;ssl=1 400w\" sizes=\"auto, (max-width: 317px) 100vw, 317px\" \/><\/a><figcaption id=\"caption-attachment-39989\" class=\"wp-caption-text\">\u00bfQUI\u00c9N REGULA ESTO?- Tal como lo registran nuestras c\u00e1maras, en las cercan\u00edas a esta empresa (Agrolub), tambi\u00e9n existen otras anomal\u00edas y peligros para los peatones y vecinos del sector.<\/figcaption><\/figure>\n<p>&nbsp;<\/p>\n<p><strong>M\u00c1S PELIGRO<\/strong><\/p>\n<p>Algunos vecinos, quienes tambi\u00e9n pidieron estar en el anonimato, indicaron a Diario El Trabajo estar tambi\u00e9n preocupado por otros grandes cilindros de gas, mismos que est\u00e1n a la intemperie y sin ninguna protecci\u00f3n, estos dispositivos ya habr\u00edan generado varias emergencias en el pasado y a simple vista nuestras c\u00e1maras registran que efectivamente est\u00e1n a s\u00f3lo tres metros de las aceras de uso peatonal sin alguna protecci\u00f3n. Informes extraoficiales que se manejan por nuestra parte, aseguran que la instalaci\u00f3n de esta empresa estar\u00eda ya contemplada en el Plan Regulador de este a\u00f1o, por lo que la situaci\u00f3n para esta vecina estar\u00eda\u2026 cuesta arriba.<\/p>\n<p>Roberto Gonz\u00e1lez Short<\/p>\n<p>rgonzalez@eltrabajo.cl<\/p>\n","protected":false},"excerpt":{"rendered":"<p>M\u00e1s que preocupada, muy asustada se manifest\u00f3 una vecina del sector Tocornal con Hermanos Carrera, propiamente colindante con las dependencias de Agrolub, al enterarse que a s\u00f3lo unos cinco metros de su&#8230;<\/p>\n","protected":false},"author":482,"featured_media":39986,"comment_status":"open","ping_status":"closed","sticky":false,"template":"","format":"standard","meta":{"advanced_seo_description":"","jetpack_seo_html_title":"","jetpack_seo_noindex":false,"_jetpack_memberships_contains_paid_content":false,"footnotes":""},"categories":[15],"tags":[],"class_list":["post-39985","post","type-post","status-publish","format-standard","has-post-thumbnail","hentry","category-comunidad"],"jetpack_featured_media_url":"https:\/\/i0.wp.com\/eltrabajo.cl\/portal\/wp-content\/uploads\/2013\/11\/marcela-saavedra.jpg?fit=529%2C538&ssl=1","jetpack_sharing_enabled":true,"jetpack_likes_enabled":true,"jetpack-related-posts":[],"_links":{"self":[{"href":"https:\/\/eltrabajo.cl\/portal\/wp-json\/wp\/v2\/posts\/39985","targetHints":{"allow":["GET"]}}],"collection":[{"href":"https:\/\/eltrabajo.cl\/portal\/wp-json\/wp\/v2\/posts"}],"about":[{"href":"https:\/\/eltrabajo.cl\/portal\/wp-json\/wp\/v2\/types\/post"}],"author":[{"embeddable":true,"href":"https:\/\/eltrabajo.cl\/portal\/wp-json\/wp\/v2\/users\/482"}],"replies":[{"embeddable":true,"href":"https:\/\/eltrabajo.cl\/portal\/wp-json\/wp\/v2\/comments?post=39985"}],"version-history":[{"count":0,"href":"https:\/\/eltrabajo.cl\/portal\/wp-json\/wp\/v2\/posts\/39985\/revisions"}],"wp:featuredmedia":[{"embeddable":true,"href":"https:\/\/eltrabajo.cl\/portal\/wp-json\/wp\/v2\/media\/39986"}],"wp:attachment":[{"href":"https:\/\/eltrabajo.cl\/portal\/wp-json\/wp\/v2\/media?parent=39985"}],"wp:term":[{"taxonomy":"category","embeddable":true,"href":"https:\/\/eltrabajo.cl\/portal\/wp-json\/wp\/v2\/categories?post=39985"},{"taxonomy":"post_tag","embeddable":true,"href":"https:\/\/eltrabajo.cl\/portal\/wp-json\/wp\/v2\/tags?post=39985"}],"curies":[{"name":"wp","href":"https:\/\/api.w.org\/{rel}","templated":true}]}}