{"id":40002,"date":"2013-11-28T09:08:55","date_gmt":"2013-11-28T12:08:55","guid":{"rendered":"http:\/\/www.eltrabajo.cl\/portal\/?p=40002"},"modified":"2013-11-28T09:08:55","modified_gmt":"2013-11-28T12:08:55","slug":"escuela-de-escorial-sera-anexo-tecnico-profesional-del-liceo-panquehue","status":"publish","type":"post","link":"https:\/\/eltrabajo.cl\/portal\/escuela-de-escorial-sera-anexo-tecnico-profesional-del-liceo-panquehue\/","title":{"rendered":"Escuela de Escorial ser\u00e1 anexo t\u00e9cnico profesional del Liceo Panquehue"},"content":{"rendered":"<figure id=\"attachment_40000\" aria-describedby=\"caption-attachment-40000\" style=\"width: 317px\" class=\"wp-caption alignleft\"><a href=\"https:\/\/i0.wp.com\/www.eltrabajo.cl\/portal\/wp-content\/uploads\/2013\/11\/luis-pradenas.jpg\"><img data-recalc-dims=\"1\" loading=\"lazy\" decoding=\"async\" class=\" wp-image-40000 \" title=\"Luis Pradenas, alcalde de Panquehue.\" alt=\"Luis Pradenas, alcalde de Panquehue.\" src=\"https:\/\/i0.wp.com\/www.eltrabajo.cl\/portal\/wp-content\/uploads\/2013\/11\/luis-pradenas.jpg?resize=317%2C239\" width=\"317\" height=\"239\" srcset=\"https:\/\/i0.wp.com\/eltrabajo.cl\/portal\/wp-content\/uploads\/2013\/11\/luis-pradenas.jpg?w=529&amp;ssl=1 529w, https:\/\/i0.wp.com\/eltrabajo.cl\/portal\/wp-content\/uploads\/2013\/11\/luis-pradenas.jpg?resize=200%2C150&amp;ssl=1 200w, https:\/\/i0.wp.com\/eltrabajo.cl\/portal\/wp-content\/uploads\/2013\/11\/luis-pradenas.jpg?resize=300%2C225&amp;ssl=1 300w, https:\/\/i0.wp.com\/eltrabajo.cl\/portal\/wp-content\/uploads\/2013\/11\/luis-pradenas.jpg?resize=150%2C112&amp;ssl=1 150w, https:\/\/i0.wp.com\/eltrabajo.cl\/portal\/wp-content\/uploads\/2013\/11\/luis-pradenas.jpg?resize=400%2C300&amp;ssl=1 400w\" sizes=\"auto, (max-width: 317px) 100vw, 317px\" \/><\/a><figcaption id=\"caption-attachment-40000\" class=\"wp-caption-text\">Luis Pradenas, alcalde de Panquehue.<\/figcaption><\/figure>\n<ul>\n<li><strong>Si bien la medida ha causado molestia entre algunos apoderados e incluso se esperaba que el descontento los llevara a realizar protestas, esto no sucedi\u00f3 y el alcalde Luis Pradenas entreg\u00f3 garant\u00edas de educaci\u00f3n de calidad para los ni\u00f1os que hasta este a\u00f1o estudian en El Escorial y que deber\u00e1n ser incorporados a otros establecimientos.<\/strong><\/li>\n<\/ul>\n<p>Un llamado a la tranquilidad formul\u00f3 el alcalde de Panquehue, Luis Pradenas, a prop\u00f3sito de la decisi\u00f3n, ya aprobada, de reconvertir el Liceo de la comuna, incorporando dos carreras t\u00e9cnico profesionales, las que ser\u00e1n dictadas en un anexo que se ubicar\u00e1 en lo que hasta ahora es la Escuela de El Escorial.<\/p>\n<p>La medida, si bien muy favorable para los alumnos que ahora podr\u00e1n acceder a un t\u00edtulo t\u00e9cnico, va de la mano de una decisi\u00f3n importante, la Escuela deja de funcionar como tal para convertirse en anexo del liceo, por lo que los alumnos tendr\u00e1n que ser reubicados en otro establecimiento educacional de la comuna, garantiz\u00e1ndoles eso s\u00ed el transporte gratuito.<\/p>\n<p>Seg\u00fan se\u00f1al\u00f3 el Alcalde Pradenas a Diario El Trabajo, desde que asumi\u00f3 en el municipio, su pilar fundamental ha sido la educaci\u00f3n y por lo tanto, esta medida no fue adoptada al azar, ya que previamente se encomend\u00f3 un estudio a la Universidad Cat\u00f3lica de Valpara\u00edso para determinar qu\u00e9 carreras t\u00e9cnicas se pod\u00edan impartir en Panquehue, tomando en cuenta factores tales como la actividad econ\u00f3mica de la zona y otras relativas a las necesidades que tienen las empresas.<\/p>\n<p>\u201cFue as\u00ed que se hizo un estudio acabado y muy serio, que arroj\u00f3 como resultado la recomendaci\u00f3n de dictar las carreras de administraci\u00f3n y electricidad domiciliaria. Esto lo empezamos a analizar hace dos a\u00f1os y una vez que tuvimos el estudio, nos dimos cuenta que el liceo nuestro no tiene la infraestructura para dictar carreras t\u00e9cnico profesionales\u201d, se\u00f1al\u00f3 el alcalde.<\/p>\n<p>Fue as\u00ed como en este proceso, donde se determin\u00f3 hacer del liceo un establecimiento polivalente, se inici\u00f3 un trabajo destinado a buscar el lugar para hacer un anexo al colegio, decidi\u00e9ndose por la Escuela El Escorial, medida que fue avalada por el Ministerio de Educaci\u00f3n.<\/p>\n<p>Luis Pradenas se\u00f1al\u00f3 que la determinaci\u00f3n de hacer de la escuela de este sector un anexo del liceo, tampoco fue tomada de manera azarosa. Esto, por cuanto se consideraron aspectos relativos a la baja matr\u00edcula que tiene y la necesidad de darle un valor agregado a este recinto, el que fue donado por una conocida familia de Panquehue a la comuna para el desarrollo de la educaci\u00f3n.<\/p>\n<p>\u201cLa Escuela de El Escorial re\u00fane las condiciones tanto de infraestructura como de espacio, y no la elegimos al azar, sino que tambi\u00e9n hicimos un estudio, que indica que la Escuela est\u00e1 muriendo por falta de matr\u00edcula. Por lo tanto, la incorporaci\u00f3n de educaci\u00f3n t\u00e9cnico profesional nos permitir\u00e1 dar un reimpulso a este recinto y a la localidad en general\u201d, explic\u00f3 el alcalde.<\/p>\n<p>Actualmente la Escuela de El Escorial tiene una matr\u00edcula de 54 alumnos, de los cuales nueve pertenecen la comuna de San Felipe. Registra desde el a\u00f1o 2009, una baja sostenida en cuanto a matr\u00edcula, logrando este a\u00f1o un leve repunte con la llegada de estos nueve ni\u00f1os que vienen de un hogar.<\/p>\n<p>La idea adem\u00e1s es emplazar el anexo del Liceo, en un sector que seg\u00fan el plan regulador, es un barrio industrial y por lo tanto tendr\u00edan la posibilidad de incorporarse al mundo laboral una vez que egresen.<\/p>\n<p>El Alcalde Pradenas se\u00f1al\u00f3 que cuando la propuesta fue presentada, con mayor\u00eda de votos tuvo la aceptaci\u00f3n del concejo municipal, en tanto que advirti\u00f3 que son muy pocos los apoderados que rechazan la iniciativa del municipio.<\/p>\n<p>De esta manera, cesar\u00eda la ense\u00f1anza b\u00e1sica en la Escuela El Escorial, que pasar\u00eda a convertirse en anexo del Liceo Panquehue, por lo que se est\u00e1 ofreciendo a los ni\u00f1os del establecimiento que sean reubicados en otras unidades educativas de la comuna, teniendo garantizado el transporte.<\/p>\n<p>Asimismo, se dispondr\u00e1 el ingreso de los alumnos en horarios diferidos, lo que facilitar\u00e1 el transporte de los ni\u00f1os de sectores apartados, as\u00ed como de los alumnos que estudiar\u00e1n en el anexo del Liceo Panquehue.<\/p>\n<p>Consultado Pradenas por los profesores y la directora, dijo que ser\u00e1n reubicados en otros colegios, por lo que no hay despidos en ning\u00fan caso.<\/p>\n<p>Respecto de los apoderados que han rechazado la medida, expres\u00f3 que \u201cson muy pocos los que se oponen\u201d, pero en general, \u201cnos han dado el apoyo irrestricto a este proyecto.<\/p>\n<p>\u201cYo llamo a quienes se oponen a esta iniciativa, para que vean el bien com\u00fan, que no vean un proyecto solamente particular. Hay que ver con altura de miras, porque estamos potenciando la educaci\u00f3n p\u00fablica\u201d, puntualiz\u00f3 el alcalde, quien afirm\u00f3 que el pr\u00f3ximo a\u00f1o se implementar\u00e1 esta medida.<\/p>\n<p>&nbsp;<\/p>\n","protected":false},"excerpt":{"rendered":"<p>Si bien la medida ha causado molestia entre algunos apoderados e incluso se esperaba que el descontento los llevara a realizar protestas, esto no sucedi\u00f3 y el alcalde Luis Pradenas entreg\u00f3 garant\u00edas&#8230;<\/p>\n","protected":false},"author":482,"featured_media":40000,"comment_status":"open","ping_status":"closed","sticky":false,"template":"","format":"standard","meta":{"advanced_seo_description":"","jetpack_seo_html_title":"","jetpack_seo_noindex":false,"_jetpack_memberships_contains_paid_content":false,"footnotes":""},"categories":[1],"tags":[],"class_list":["post-40002","post","type-post","status-publish","format-standard","has-post-thumbnail","hentry","category-cronica"],"jetpack_featured_media_url":"https:\/\/i0.wp.com\/eltrabajo.cl\/portal\/wp-content\/uploads\/2013\/11\/luis-pradenas.jpg?fit=529%2C398&ssl=1","jetpack_sharing_enabled":true,"jetpack_likes_enabled":true,"jetpack-related-posts":[],"_links":{"self":[{"href":"https:\/\/eltrabajo.cl\/portal\/wp-json\/wp\/v2\/posts\/40002","targetHints":{"allow":["GET"]}}],"collection":[{"href":"https:\/\/eltrabajo.cl\/portal\/wp-json\/wp\/v2\/posts"}],"about":[{"href":"https:\/\/eltrabajo.cl\/portal\/wp-json\/wp\/v2\/types\/post"}],"author":[{"embeddable":true,"href":"https:\/\/eltrabajo.cl\/portal\/wp-json\/wp\/v2\/users\/482"}],"replies":[{"embeddable":true,"href":"https:\/\/eltrabajo.cl\/portal\/wp-json\/wp\/v2\/comments?post=40002"}],"version-history":[{"count":0,"href":"https:\/\/eltrabajo.cl\/portal\/wp-json\/wp\/v2\/posts\/40002\/revisions"}],"wp:featuredmedia":[{"embeddable":true,"href":"https:\/\/eltrabajo.cl\/portal\/wp-json\/wp\/v2\/media\/40000"}],"wp:attachment":[{"href":"https:\/\/eltrabajo.cl\/portal\/wp-json\/wp\/v2\/media?parent=40002"}],"wp:term":[{"taxonomy":"category","embeddable":true,"href":"https:\/\/eltrabajo.cl\/portal\/wp-json\/wp\/v2\/categories?post=40002"},{"taxonomy":"post_tag","embeddable":true,"href":"https:\/\/eltrabajo.cl\/portal\/wp-json\/wp\/v2\/tags?post=40002"}],"curies":[{"name":"wp","href":"https:\/\/api.w.org\/{rel}","templated":true}]}}