{"id":40004,"date":"2013-11-28T09:10:02","date_gmt":"2013-11-28T12:10:02","guid":{"rendered":"http:\/\/www.eltrabajo.cl\/portal\/?p=40004"},"modified":"2013-11-28T09:10:02","modified_gmt":"2013-11-28T12:10:02","slug":"partieron-los-trabajos-para-dotar-de-agua-potable-a-sector-tres-esquinas","status":"publish","type":"post","link":"https:\/\/eltrabajo.cl\/portal\/partieron-los-trabajos-para-dotar-de-agua-potable-a-sector-tres-esquinas\/","title":{"rendered":"Partieron los trabajos para dotar de agua potable a sector Tres Esquinas"},"content":{"rendered":"<figure id=\"attachment_40005\" aria-describedby=\"caption-attachment-40005\" style=\"width: 529px\" class=\"wp-caption alignnone\"><a href=\"https:\/\/i0.wp.com\/www.eltrabajo.cl\/portal\/wp-content\/uploads\/2013\/11\/trabajos-tres-esquinas-2.jpg\"><img data-recalc-dims=\"1\" loading=\"lazy\" decoding=\"async\" class=\"size-full wp-image-40005\" title=\"Este martes por fin partieron los trabajos que dotar\u00e1n de agua potable la los vecinos del sector de Tres Esquinas que han esperado por d\u00e9cadas la habilitaci\u00f3n de una necesidad b\u00e1sica en la modernidad.\" alt=\"Este martes por fin partieron los trabajos que dotar\u00e1n de agua potable la los vecinos del sector de Tres Esquinas que han esperado por d\u00e9cadas la habilitaci\u00f3n de una necesidad b\u00e1sica en la modernidad.\" src=\"https:\/\/i0.wp.com\/www.eltrabajo.cl\/portal\/wp-content\/uploads\/2013\/11\/trabajos-tres-esquinas-2.jpg?resize=529%2C355\" width=\"529\" height=\"355\" srcset=\"https:\/\/i0.wp.com\/eltrabajo.cl\/portal\/wp-content\/uploads\/2013\/11\/trabajos-tres-esquinas-2.jpg?w=529&amp;ssl=1 529w, https:\/\/i0.wp.com\/eltrabajo.cl\/portal\/wp-content\/uploads\/2013\/11\/trabajos-tres-esquinas-2.jpg?resize=200%2C134&amp;ssl=1 200w, https:\/\/i0.wp.com\/eltrabajo.cl\/portal\/wp-content\/uploads\/2013\/11\/trabajos-tres-esquinas-2.jpg?resize=300%2C201&amp;ssl=1 300w, https:\/\/i0.wp.com\/eltrabajo.cl\/portal\/wp-content\/uploads\/2013\/11\/trabajos-tres-esquinas-2.jpg?resize=150%2C100&amp;ssl=1 150w, https:\/\/i0.wp.com\/eltrabajo.cl\/portal\/wp-content\/uploads\/2013\/11\/trabajos-tres-esquinas-2.jpg?resize=400%2C268&amp;ssl=1 400w\" sizes=\"auto, (max-width: 529px) 100vw, 529px\" \/><\/a><figcaption id=\"caption-attachment-40005\" class=\"wp-caption-text\">Este martes por fin partieron los trabajos que dotar\u00e1n de agua potable la los vecinos del sector de Tres Esquinas que han esperado por d\u00e9cadas la habilitaci\u00f3n de una necesidad b\u00e1sica en la modernidad.<\/figcaption><\/figure>\n<ul>\n<li><strong>Alcalde Freire visit\u00f3 el sector y convers\u00f3 con parte de las m\u00e1s de 20 familias que viven en el lugar y que finalmente ver\u00e1n su sue\u00f1o hecho realidad.<\/strong><\/li>\n<\/ul>\n<p>Despu\u00e9s de a\u00f1os de espera, finalmente los vecinos del sector de Tres Esquinas podr\u00e1n contar con agua potable en sus casas, ya que este martes comenzaron los trabajos que permitir\u00e1n contar con el vital elemento.<\/p>\n<p>Fueron a\u00f1os los que tuvieron que esperar los vecinos de ese sector para contar con un proyecto que les permitiera tener agua potable en sus casas, una realidad que viven m\u00e1s de 20 familias en pleno siglo XXI.<\/p>\n<p>Sin embargo esa realidad comenz\u00f3 a cambiar esta semana, ya que la empresa a cargo de las obras recibi\u00f3 el terreno de parte de la Direcci\u00f3n de Obras del municipio y este martes comenzaron los trabajos.<\/p>\n<p>Por ello el Alcalde Patricio Freire se traslad\u00f3 al lugar, para conocer en terreno los trabajos que se est\u00e1n realizando, donde se reuni\u00f3 con los trabajadores de la empresa a cargo de las obras y con vecinos del sector.<\/p>\n<p>\u201cLos vecinos esperaron muchos a\u00f1os, este proyecto es emblem\u00e1tico en este sector y ya comenz\u00f3 a contar del lunes, se entregaron los terrenos y se ven los sue\u00f1os de los vecinos comenzar a hacerse realidad. Nos llena de alegr\u00eda que los vecinos tengan agua potable, en este siglo es una necesidad b\u00e1sica y es una urgencia, ning\u00fan sector de la ciudad deber\u00eda estar en estas condiciones\u201d, dijo el jefe comunal.<\/p>\n<p>Con la ejecuci\u00f3n del proyecto se ver\u00e1n favorecidos alrededor de 28 familias, quienes se mostraron muy felices con la llegada del agua potable a sus casas.<\/p>\n<p>\u201cFeliz, porque nosotros est\u00e1bamos sin agua y a veces el cami\u00f3n se echaba a perder y bomberos nos ten\u00eda que venir a dejar agua, yo vivo con cinco personas en mi casa y hemos vivido esto por muchos a\u00f1os, por eso estamos felices, todos los vecinos. Yo vivo ac\u00e1 m\u00e1s de 30 a\u00f1os, todo este tiempo esperando la soluci\u00f3n y por fin llega y estamos muy agradecidos\u201d, dijo Ana Tello, vecina del sector.<\/p>\n<p>El proyecto que se comienza a ejecutar en Tres Esquinas contempla la extensi\u00f3n de la red de agua potable, donde se construir\u00e1n alrededor de 1500 metros lineales de esta red, un proyecto muy esperado y que sobrepasa los 127 millones de pesos.<\/p>\n<p>Las obras tienen fecha de entrega de cuatro meses, es decir 120 d\u00edas y deber\u00edan estar terminadas en el mes de marzo, ya que los trabajos partieron y est\u00e1 avanzando de acuerdo a los plazos establecidos.<\/p>\n<p>Seg\u00fan explic\u00f3 Claudio Paredes, jefe de la Secretar\u00eda de Planificaci\u00f3n del municipio, el proyecto contempla dotar de agua potable a los vecinos, lo que constituye el principio de los proyectos de saneamiento sanitario, es decir primero es necesario contar con agua para ejecutar otras iniciativas.<\/p>\n<p>Al tener agua potable, desde la Secretar\u00eda de Planificaci\u00f3n se confeccionar\u00e1 un proyecto que permita dotar a los vecinos de alcantarillado.<\/p>\n<p>\u201cEs lo que don Patricio Freire nos ha solicitado, que es el saneamiento b\u00e1sico en el sector rural de nuestra comuna\u201d, dijo Paredes.<\/p>\n<p>&nbsp;<\/p>\n","protected":false},"excerpt":{"rendered":"<p>Alcalde Freire visit\u00f3 el sector y convers\u00f3 con parte de las m\u00e1s de 20 familias que viven en el lugar y que finalmente ver\u00e1n su sue\u00f1o hecho realidad. Despu\u00e9s de a\u00f1os de&#8230;<\/p>\n","protected":false},"author":482,"featured_media":40005,"comment_status":"open","ping_status":"closed","sticky":false,"template":"","format":"standard","meta":{"advanced_seo_description":"","jetpack_seo_html_title":"","jetpack_seo_noindex":false,"_jetpack_memberships_contains_paid_content":false,"footnotes":""},"categories":[1],"tags":[],"class_list":["post-40004","post","type-post","status-publish","format-standard","has-post-thumbnail","hentry","category-cronica"],"jetpack_featured_media_url":"https:\/\/i0.wp.com\/eltrabajo.cl\/portal\/wp-content\/uploads\/2013\/11\/trabajos-tres-esquinas-2.jpg?fit=529%2C355&ssl=1","jetpack_sharing_enabled":true,"jetpack_likes_enabled":true,"jetpack-related-posts":[],"_links":{"self":[{"href":"https:\/\/eltrabajo.cl\/portal\/wp-json\/wp\/v2\/posts\/40004","targetHints":{"allow":["GET"]}}],"collection":[{"href":"https:\/\/eltrabajo.cl\/portal\/wp-json\/wp\/v2\/posts"}],"about":[{"href":"https:\/\/eltrabajo.cl\/portal\/wp-json\/wp\/v2\/types\/post"}],"author":[{"embeddable":true,"href":"https:\/\/eltrabajo.cl\/portal\/wp-json\/wp\/v2\/users\/482"}],"replies":[{"embeddable":true,"href":"https:\/\/eltrabajo.cl\/portal\/wp-json\/wp\/v2\/comments?post=40004"}],"version-history":[{"count":0,"href":"https:\/\/eltrabajo.cl\/portal\/wp-json\/wp\/v2\/posts\/40004\/revisions"}],"wp:featuredmedia":[{"embeddable":true,"href":"https:\/\/eltrabajo.cl\/portal\/wp-json\/wp\/v2\/media\/40005"}],"wp:attachment":[{"href":"https:\/\/eltrabajo.cl\/portal\/wp-json\/wp\/v2\/media?parent=40004"}],"wp:term":[{"taxonomy":"category","embeddable":true,"href":"https:\/\/eltrabajo.cl\/portal\/wp-json\/wp\/v2\/categories?post=40004"},{"taxonomy":"post_tag","embeddable":true,"href":"https:\/\/eltrabajo.cl\/portal\/wp-json\/wp\/v2\/tags?post=40004"}],"curies":[{"name":"wp","href":"https:\/\/api.w.org\/{rel}","templated":true}]}}