{"id":40007,"date":"2013-11-28T09:18:00","date_gmt":"2013-11-28T12:18:00","guid":{"rendered":"http:\/\/www.eltrabajo.cl\/portal\/?p=40007"},"modified":"2013-11-28T09:18:00","modified_gmt":"2013-11-28T12:18:00","slug":"este-sabado-inauguran-travesia-2013-en-el-ciem-aconcagua","status":"publish","type":"post","link":"https:\/\/eltrabajo.cl\/portal\/este-sabado-inauguran-travesia-2013-en-el-ciem-aconcagua\/","title":{"rendered":"Este s\u00e1bado inauguran Traves\u00eda 2013 en el Ciem Aconcagua"},"content":{"rendered":"<figure id=\"attachment_40008\" aria-describedby=\"caption-attachment-40008\" style=\"width: 529px\" class=\"wp-caption alignnone\"><a href=\"https:\/\/i0.wp.com\/www.eltrabajo.cl\/portal\/wp-content\/uploads\/2013\/11\/telares1.jpg\"><img data-recalc-dims=\"1\" loading=\"lazy\" decoding=\"async\" class=\"size-full wp-image-40008\" title=\"LOS ARTISTAS.- Ellos son s\u00f3lo siete de los 42 artistas involucrados en Traves\u00eda, la exposici\u00f3n de los 60 telares que hasta el 15 de enero podr\u00e1n ser encontrados en el Ciem Aconcagua de Almendral.\" alt=\"LOS ARTISTAS.- Ellos son s\u00f3lo siete de los 42 artistas involucrados en Traves\u00eda, la exposici\u00f3n de los 60 telares que hasta el 15 de enero podr\u00e1n ser encontrados en el Ciem Aconcagua de Almendral.\" src=\"https:\/\/i0.wp.com\/www.eltrabajo.cl\/portal\/wp-content\/uploads\/2013\/11\/telares1.jpg?resize=529%2C377\" width=\"529\" height=\"377\" srcset=\"https:\/\/i0.wp.com\/eltrabajo.cl\/portal\/wp-content\/uploads\/2013\/11\/telares1.jpg?w=529&amp;ssl=1 529w, https:\/\/i0.wp.com\/eltrabajo.cl\/portal\/wp-content\/uploads\/2013\/11\/telares1.jpg?resize=200%2C142&amp;ssl=1 200w, https:\/\/i0.wp.com\/eltrabajo.cl\/portal\/wp-content\/uploads\/2013\/11\/telares1.jpg?resize=300%2C213&amp;ssl=1 300w, https:\/\/i0.wp.com\/eltrabajo.cl\/portal\/wp-content\/uploads\/2013\/11\/telares1.jpg?resize=150%2C106&amp;ssl=1 150w, https:\/\/i0.wp.com\/eltrabajo.cl\/portal\/wp-content\/uploads\/2013\/11\/telares1.jpg?resize=400%2C285&amp;ssl=1 400w\" sizes=\"auto, (max-width: 529px) 100vw, 529px\" \/><\/a><figcaption id=\"caption-attachment-40008\" class=\"wp-caption-text\">LOS ARTISTAS.- Ellos son s\u00f3lo siete de los 42 artistas involucrados en Traves\u00eda, la exposici\u00f3n de los 60 telares que hasta el 15 de enero podr\u00e1n ser encontrados en el Ciem Aconcagua de Almendral.<\/figcaption><\/figure>\n<p>Los amantes del arte y los telares tendr\u00e1n la oportunidad de disfrutar de la maciza exposici\u00f3n de telar art\u00edstico Traves\u00eda. Esta actividad ser\u00e1 inaugurada este s\u00e1bado 30 de noviembre a las 12:00 horas y finalizar\u00e1 el 15 de enero de 2014. Se trata de unas 60 obras de gran calidad en telar, cobre y t\u00e9cnicas mixtas, de la experimentada artista textil, Marcela Polloni, quien es la profesora a cargo del taller que ha dado vida a esta exposici\u00f3n.<\/p>\n<figure id=\"attachment_40009\" aria-describedby=\"caption-attachment-40009\" style=\"width: 422px\" class=\"wp-caption alignright\"><a href=\"https:\/\/i0.wp.com\/www.eltrabajo.cl\/portal\/wp-content\/uploads\/2013\/11\/artistas1.jpg\"><img data-recalc-dims=\"1\" loading=\"lazy\" decoding=\"async\" class=\" wp-image-40009 \" title=\"LOS GENIOS.- Mientras preparaban el montaje de Traves\u00eda, la tarde de este mi\u00e9rcoles, los artistas posaron para las c\u00e1maras de Diario El Trabajo.\" alt=\"LOS GENIOS.- Mientras preparaban el montaje de Traves\u00eda, la tarde de este mi\u00e9rcoles, los artistas posaron para las c\u00e1maras de Diario El Trabajo.\" src=\"https:\/\/i0.wp.com\/www.eltrabajo.cl\/portal\/wp-content\/uploads\/2013\/11\/artistas1.jpg?resize=422%2C172\" width=\"422\" height=\"172\" srcset=\"https:\/\/i0.wp.com\/eltrabajo.cl\/portal\/wp-content\/uploads\/2013\/11\/artistas1.jpg?w=527&amp;ssl=1 527w, https:\/\/i0.wp.com\/eltrabajo.cl\/portal\/wp-content\/uploads\/2013\/11\/artistas1.jpg?resize=200%2C81&amp;ssl=1 200w, https:\/\/i0.wp.com\/eltrabajo.cl\/portal\/wp-content\/uploads\/2013\/11\/artistas1.jpg?resize=300%2C122&amp;ssl=1 300w, https:\/\/i0.wp.com\/eltrabajo.cl\/portal\/wp-content\/uploads\/2013\/11\/artistas1.jpg?resize=150%2C61&amp;ssl=1 150w, https:\/\/i0.wp.com\/eltrabajo.cl\/portal\/wp-content\/uploads\/2013\/11\/artistas1.jpg?resize=400%2C163&amp;ssl=1 400w\" sizes=\"auto, (max-width: 422px) 100vw, 422px\" \/><\/a><figcaption id=\"caption-attachment-40009\" class=\"wp-caption-text\">LOS GENIOS.- Mientras preparaban el montaje de Traves\u00eda, la tarde de este mi\u00e9rcoles, los artistas posaron para las c\u00e1maras de Diario El Trabajo.<\/figcaption><\/figure>\n<p>&nbsp;<\/p>\n<p><strong>A SOLAS\u00a0CON POLLONI<\/strong><\/p>\n<p>Diario El Trabajo habl\u00f3 con esta artista nacional, quien explic\u00f3 algunos detalles sobre la propuesta pr\u00f3xima a ser presentada en el Ciem Aconcagua, ubicado en El Almendral.<\/p>\n<p>&#8211; \u00bfCu\u00e1les son las caracter\u00edsticas de este taller y exposici\u00f3n?<\/p>\n<p>&#8211; \u00abNuestro taller se ha desarrollado a lo largo de todo el a\u00f1o, han sido varias t\u00e9cnicas especiales para lograr lo que presentaremos durante nuestra exposici\u00f3n, las alumnas, y tambi\u00e9n artistas, est\u00e1n muy pero muy motivadas, la mayor\u00eda somos de Santiago y quisimos compartir con los sanfelipe\u00f1os esta muestra de nuestro trabajo\u00bb.<\/p>\n<figure id=\"attachment_40010\" aria-describedby=\"caption-attachment-40010\" style=\"width: 190px\" class=\"wp-caption alignleft\"><a href=\"https:\/\/i0.wp.com\/www.eltrabajo.cl\/portal\/wp-content\/uploads\/2013\/11\/pepe-escobar.jpg\"><img data-recalc-dims=\"1\" loading=\"lazy\" decoding=\"async\" class=\" wp-image-40010  \" title=\"Pepe Escobar, \u00e9l es el genio detr\u00e1s de cada trabajo en Traves\u00eda, pues es el encargado de los marcos.\" alt=\"Pepe Escobar, \u00e9l es el genio detr\u00e1s de cada trabajo en Traves\u00eda, pues es el encargado de los marcos.\" src=\"https:\/\/i0.wp.com\/www.eltrabajo.cl\/portal\/wp-content\/uploads\/2013\/11\/pepe-escobar.jpg?resize=190%2C193\" width=\"190\" height=\"193\" srcset=\"https:\/\/i0.wp.com\/eltrabajo.cl\/portal\/wp-content\/uploads\/2013\/11\/pepe-escobar.jpg?w=529&amp;ssl=1 529w, https:\/\/i0.wp.com\/eltrabajo.cl\/portal\/wp-content\/uploads\/2013\/11\/pepe-escobar.jpg?resize=148%2C150&amp;ssl=1 148w, https:\/\/i0.wp.com\/eltrabajo.cl\/portal\/wp-content\/uploads\/2013\/11\/pepe-escobar.jpg?resize=296%2C300&amp;ssl=1 296w, https:\/\/i0.wp.com\/eltrabajo.cl\/portal\/wp-content\/uploads\/2013\/11\/pepe-escobar.jpg?resize=400%2C404&amp;ssl=1 400w\" sizes=\"auto, (max-width: 190px) 100vw, 190px\" \/><\/a><figcaption id=\"caption-attachment-40010\" class=\"wp-caption-text\">Pepe Escobar, \u00e9l es el genio detr\u00e1s de cada trabajo en Traves\u00eda, pues es el encargado de los marcos.<\/figcaption><\/figure>\n<p><strong>&#8211; \u00bfQu\u00e9 t\u00e9cnicas son las que ustedes han usado en estos telares?<\/strong><\/p>\n<p>&#8211; \u00abLas t\u00e9cnicas son ejecutadas en alpaca, yute, cordel, cobre, metales y vegetales, as\u00ed como lana de oveja, si bien es cierto que soy la profesora en este taller, las 42 alumnas han elegido la clase de trabajo que ahora est\u00e1n presentando\u00bb.<\/p>\n<p><strong>&#8211; \u00bfC\u00f3mo puedes describir la exposici\u00f3n Traves\u00eda?<\/strong><\/p>\n<p>&#8211; \u00abTraves\u00eda, es un viaje del taller en el aprendizaje y experimentaci\u00f3n, un camino en el que han surgido nuevos desaf\u00edos t\u00e9cnicos y visuales, seg\u00fan el nivel de conocimiento y experiencia de cada persona. Muchas se aventuraron por el dif\u00edcil camino de representar la cordillera. Su gran cantidad de matices y texturas deb\u00eda ser traducida con lanas de distintos grosores y colores. Esto las llev\u00f3 a un trabajo de mayor alcance po\u00e9tico\u00a0y a una investigaci\u00f3n de mayor profundidad, por un complejo territorio en el que se entrelazan la mirada, el espacio, la memoria y la t\u00e9cnica tradicional del tapiz\u00bb.<\/p>\n<p><strong>&#8211; \u00bfHay otras propuestas en Traves\u00eda?<\/strong><\/p>\n<figure id=\"attachment_40011\" aria-describedby=\"caption-attachment-40011\" style=\"width: 190px\" class=\"wp-caption alignright\"><a href=\"https:\/\/i0.wp.com\/www.eltrabajo.cl\/portal\/wp-content\/uploads\/2013\/11\/lidice-caceres.jpg\"><img data-recalc-dims=\"1\" loading=\"lazy\" decoding=\"async\" class=\" wp-image-40011  \" title=\"L\u00eddice C\u00e1ceres, artista textil y alumna del taller que ha dado vida a esta exposici\u00f3n.\" alt=\"L\u00eddice C\u00e1ceres, artista textil y alumna del taller que ha dado vida a esta exposici\u00f3n.\" src=\"https:\/\/i0.wp.com\/www.eltrabajo.cl\/portal\/wp-content\/uploads\/2013\/11\/lidice-caceres.jpg?resize=190%2C186\" width=\"190\" height=\"186\" srcset=\"https:\/\/i0.wp.com\/eltrabajo.cl\/portal\/wp-content\/uploads\/2013\/11\/lidice-caceres.jpg?w=529&amp;ssl=1 529w, https:\/\/i0.wp.com\/eltrabajo.cl\/portal\/wp-content\/uploads\/2013\/11\/lidice-caceres.jpg?resize=153%2C150&amp;ssl=1 153w, https:\/\/i0.wp.com\/eltrabajo.cl\/portal\/wp-content\/uploads\/2013\/11\/lidice-caceres.jpg?resize=300%2C292&amp;ssl=1 300w, https:\/\/i0.wp.com\/eltrabajo.cl\/portal\/wp-content\/uploads\/2013\/11\/lidice-caceres.jpg?resize=150%2C146&amp;ssl=1 150w, https:\/\/i0.wp.com\/eltrabajo.cl\/portal\/wp-content\/uploads\/2013\/11\/lidice-caceres.jpg?resize=400%2C390&amp;ssl=1 400w\" sizes=\"auto, (max-width: 190px) 100vw, 190px\" \/><\/a><figcaption id=\"caption-attachment-40011\" class=\"wp-caption-text\">L\u00eddice C\u00e1ceres, artista textil y alumna del taller que ha dado vida a esta exposici\u00f3n.<\/figcaption><\/figure>\n<p>&#8211; \u00abS\u00ed las hay. Otros trabajos son el resultado de la b\u00fasqueda de nuevos materiales y procedimientos de integraci\u00f3n en el tapiz. As\u00ed fue como se decidi\u00f3 experimentar con el cobre. De esta manera, fue necesario hacer un trabajo previo de tratamiento del material, buscando distintas formas y someti\u00e9ndolo en algunos casos a un proceso de oxidaci\u00f3n. Esto exigi\u00f3 combinarlo con otros materiales que armonizaran crom\u00e1ticamente: lino, yute, seda, lana, algod\u00f3n. En estos tapices hay una gran libertad de formato y composici\u00f3n\u00bb.<\/p>\n<p>&nbsp;<\/p>\n<p><strong>MUCHO ENTUSIASMO<\/strong><\/p>\n<p>Diario El Trabajo habl\u00f3 con varios de los artistas involucrados en esta Traves\u00eda, ellos se mostraron muy entusiastas y pr\u00e1cticamente ese entusiasmo es el que se puede sentir en cada uno de los telares.<\/p>\n<figure id=\"attachment_40012\" aria-describedby=\"caption-attachment-40012\" style=\"width: 190px\" class=\"wp-caption alignleft\"><a href=\"https:\/\/i0.wp.com\/www.eltrabajo.cl\/portal\/wp-content\/uploads\/2013\/11\/marcela-polloni.jpg\"><img data-recalc-dims=\"1\" loading=\"lazy\" decoding=\"async\" class=\" wp-image-40012  \" title=\"Marcela Polloni, artista textil y creadora de Traves\u00eda 2013.\" alt=\"Marcela Polloni, artista textil y creadora de Traves\u00eda 2013.\" src=\"https:\/\/i0.wp.com\/www.eltrabajo.cl\/portal\/wp-content\/uploads\/2013\/11\/marcela-polloni.jpg?resize=190%2C181\" width=\"190\" height=\"181\" srcset=\"https:\/\/i0.wp.com\/eltrabajo.cl\/portal\/wp-content\/uploads\/2013\/11\/marcela-polloni.jpg?w=529&amp;ssl=1 529w, https:\/\/i0.wp.com\/eltrabajo.cl\/portal\/wp-content\/uploads\/2013\/11\/marcela-polloni.jpg?resize=158%2C150&amp;ssl=1 158w, https:\/\/i0.wp.com\/eltrabajo.cl\/portal\/wp-content\/uploads\/2013\/11\/marcela-polloni.jpg?resize=300%2C284&amp;ssl=1 300w, https:\/\/i0.wp.com\/eltrabajo.cl\/portal\/wp-content\/uploads\/2013\/11\/marcela-polloni.jpg?resize=150%2C142&amp;ssl=1 150w, https:\/\/i0.wp.com\/eltrabajo.cl\/portal\/wp-content\/uploads\/2013\/11\/marcela-polloni.jpg?resize=400%2C378&amp;ssl=1 400w\" sizes=\"auto, (max-width: 190px) 100vw, 190px\" \/><\/a><figcaption id=\"caption-attachment-40012\" class=\"wp-caption-text\">Marcela Polloni, artista textil y creadora de Traves\u00eda 2013.<\/figcaption><\/figure>\n<p>Pepe Escobar, enmarcador y artista: \u00abEstoy muy ansiosos, como todos, de presentar los telares, de ver la reacci\u00f3n del p\u00fablico y de sentirme uno con Traves\u00eda\u00bb.<\/p>\n<p>L\u00eddice C\u00e1ceres, artista en telar: \u00abMe siento llena con estar participando en Traves\u00eda, ha sido una experiencia muy enriquecedora en todos los sentidos\u00bb.<\/p>\n<p>Silvana Gajardo, dise\u00f1adora textil sanfelipe\u00f1a: \u00abYo expongo dos trabajos en Traves\u00eda, un cuadro y un tr\u00edptico sobre el tema de nuestra Cordillera, espero que muchos sanfelipe\u00f1os vengan y disfruten de este gran evento\u00bb.<\/p>\n<figure id=\"attachment_40013\" aria-describedby=\"caption-attachment-40013\" style=\"width: 190px\" class=\"wp-caption alignright\"><a href=\"https:\/\/i0.wp.com\/www.eltrabajo.cl\/portal\/wp-content\/uploads\/2013\/11\/silvana-gajardo.jpg\"><img data-recalc-dims=\"1\" loading=\"lazy\" decoding=\"async\" class=\" wp-image-40013  \" title=\"Silvana Gajardo, dise\u00f1adora textil sanfelipe\u00f1a que tambi\u00e9n expone en Traves\u00eda.\" alt=\"Silvana Gajardo, dise\u00f1adora textil sanfelipe\u00f1a que tambi\u00e9n expone en Traves\u00eda.\" src=\"https:\/\/i0.wp.com\/www.eltrabajo.cl\/portal\/wp-content\/uploads\/2013\/11\/silvana-gajardo.jpg?resize=190%2C196\" width=\"190\" height=\"196\" srcset=\"https:\/\/i0.wp.com\/eltrabajo.cl\/portal\/wp-content\/uploads\/2013\/11\/silvana-gajardo.jpg?w=529&amp;ssl=1 529w, https:\/\/i0.wp.com\/eltrabajo.cl\/portal\/wp-content\/uploads\/2013\/11\/silvana-gajardo.jpg?resize=146%2C150&amp;ssl=1 146w, https:\/\/i0.wp.com\/eltrabajo.cl\/portal\/wp-content\/uploads\/2013\/11\/silvana-gajardo.jpg?resize=292%2C300&amp;ssl=1 292w, https:\/\/i0.wp.com\/eltrabajo.cl\/portal\/wp-content\/uploads\/2013\/11\/silvana-gajardo.jpg?resize=400%2C410&amp;ssl=1 400w\" sizes=\"auto, (max-width: 190px) 100vw, 190px\" \/><\/a><figcaption id=\"caption-attachment-40013\" class=\"wp-caption-text\">Silvana Gajardo, dise\u00f1adora textil sanfelipe\u00f1a que tambi\u00e9n expone en Traves\u00eda.<\/figcaption><\/figure>\n<p>Traves\u00eda es organizado por el Centro de Artes y Oficios Almendral de la Corporaci\u00f3n CIEM Aconcagua y Marcela Polloni.<\/p>\n<p>Roberto Gonz\u00e1lez Short<\/p>\n<p>rgonzalez@eltrabajo.cl<\/p>\n<p>&nbsp;<\/p>\n","protected":false},"excerpt":{"rendered":"<p>Los amantes del arte y los telares tendr\u00e1n la oportunidad de disfrutar de la maciza exposici\u00f3n de telar art\u00edstico Traves\u00eda. Esta actividad ser\u00e1 inaugurada este s\u00e1bado 30 de noviembre a las 12:00&#8230;<\/p>\n","protected":false},"author":482,"featured_media":40008,"comment_status":"open","ping_status":"closed","sticky":false,"template":"","format":"standard","meta":{"advanced_seo_description":"","jetpack_seo_html_title":"","jetpack_seo_noindex":false,"_jetpack_memberships_contains_paid_content":false,"footnotes":""},"categories":[15],"tags":[],"class_list":["post-40007","post","type-post","status-publish","format-standard","has-post-thumbnail","hentry","category-comunidad"],"jetpack_featured_media_url":"https:\/\/i0.wp.com\/eltrabajo.cl\/portal\/wp-content\/uploads\/2013\/11\/telares1.jpg?fit=529%2C377&ssl=1","jetpack_sharing_enabled":true,"jetpack_likes_enabled":true,"jetpack-related-posts":[],"_links":{"self":[{"href":"https:\/\/eltrabajo.cl\/portal\/wp-json\/wp\/v2\/posts\/40007","targetHints":{"allow":["GET"]}}],"collection":[{"href":"https:\/\/eltrabajo.cl\/portal\/wp-json\/wp\/v2\/posts"}],"about":[{"href":"https:\/\/eltrabajo.cl\/portal\/wp-json\/wp\/v2\/types\/post"}],"author":[{"embeddable":true,"href":"https:\/\/eltrabajo.cl\/portal\/wp-json\/wp\/v2\/users\/482"}],"replies":[{"embeddable":true,"href":"https:\/\/eltrabajo.cl\/portal\/wp-json\/wp\/v2\/comments?post=40007"}],"version-history":[{"count":0,"href":"https:\/\/eltrabajo.cl\/portal\/wp-json\/wp\/v2\/posts\/40007\/revisions"}],"wp:featuredmedia":[{"embeddable":true,"href":"https:\/\/eltrabajo.cl\/portal\/wp-json\/wp\/v2\/media\/40008"}],"wp:attachment":[{"href":"https:\/\/eltrabajo.cl\/portal\/wp-json\/wp\/v2\/media?parent=40007"}],"wp:term":[{"taxonomy":"category","embeddable":true,"href":"https:\/\/eltrabajo.cl\/portal\/wp-json\/wp\/v2\/categories?post=40007"},{"taxonomy":"post_tag","embeddable":true,"href":"https:\/\/eltrabajo.cl\/portal\/wp-json\/wp\/v2\/tags?post=40007"}],"curies":[{"name":"wp","href":"https:\/\/api.w.org\/{rel}","templated":true}]}}