{"id":40018,"date":"2013-11-28T09:31:19","date_gmt":"2013-11-28T12:31:19","guid":{"rendered":"http:\/\/www.eltrabajo.cl\/portal\/?p=40018"},"modified":"2013-11-28T09:31:19","modified_gmt":"2013-11-28T12:31:19","slug":"nadie-falto-a-la-ceremonia-de-aniversario-de-gendarmeria-de-chile","status":"publish","type":"post","link":"https:\/\/eltrabajo.cl\/portal\/nadie-falto-a-la-ceremonia-de-aniversario-de-gendarmeria-de-chile\/","title":{"rendered":"Nadie falt\u00f3 a la ceremonia de aniversario de Gendarmer\u00eda de Chile"},"content":{"rendered":"<figure id=\"attachment_40019\" aria-describedby=\"caption-attachment-40019\" style=\"width: 527px\" class=\"wp-caption alignnone\"><a href=\"https:\/\/i0.wp.com\/www.eltrabajo.cl\/portal\/wp-content\/uploads\/2013\/11\/panoramica1.jpg\"><img data-recalc-dims=\"1\" loading=\"lazy\" decoding=\"async\" class=\"size-full wp-image-40019\" title=\"DE ANIVERSARIO.- Ellos son parte de los oficiales de Gendarmer\u00eda del CCP San Felipe que laboran en esta provincia, este mi\u00e9rcoles celebraron en el Teatro Municipal de San Felipe los 83 a\u00f1os de la instituci\u00f3n.\" alt=\"DE ANIVERSARIO.- Ellos son parte de los oficiales de Gendarmer\u00eda del CCP San Felipe que laboran en esta provincia, este mi\u00e9rcoles celebraron en el Teatro Municipal de San Felipe los 83 a\u00f1os de la instituci\u00f3n.\" src=\"https:\/\/i0.wp.com\/www.eltrabajo.cl\/portal\/wp-content\/uploads\/2013\/11\/panoramica1.jpg?resize=527%2C156\" width=\"527\" height=\"156\" srcset=\"https:\/\/i0.wp.com\/eltrabajo.cl\/portal\/wp-content\/uploads\/2013\/11\/panoramica1.jpg?w=527&amp;ssl=1 527w, https:\/\/i0.wp.com\/eltrabajo.cl\/portal\/wp-content\/uploads\/2013\/11\/panoramica1.jpg?resize=200%2C59&amp;ssl=1 200w, https:\/\/i0.wp.com\/eltrabajo.cl\/portal\/wp-content\/uploads\/2013\/11\/panoramica1.jpg?resize=300%2C88&amp;ssl=1 300w, https:\/\/i0.wp.com\/eltrabajo.cl\/portal\/wp-content\/uploads\/2013\/11\/panoramica1.jpg?resize=150%2C44&amp;ssl=1 150w, https:\/\/i0.wp.com\/eltrabajo.cl\/portal\/wp-content\/uploads\/2013\/11\/panoramica1.jpg?resize=400%2C118&amp;ssl=1 400w\" sizes=\"auto, (max-width: 527px) 100vw, 527px\" \/><\/a><figcaption id=\"caption-attachment-40019\" class=\"wp-caption-text\">DE ANIVERSARIO.- Ellos son parte de los oficiales de Gendarmer\u00eda del CCP San Felipe que laboran en esta provincia, este mi\u00e9rcoles celebraron en el Teatro Municipal de San Felipe los 83 a\u00f1os de la instituci\u00f3n.<\/figcaption><\/figure>\n<p>Este mi\u00e9rcoles se celebraron los 83 a\u00f1os de existencia de Gendarmer\u00eda de Chile por parte de dichos uniformados, correspondiente al CCP San Felipe. Fue una ceremonia que cont\u00f3 con la presencia de las principales autoridades de nuestra provincia, entre quienes se encontraban los alcaldes Claudio Zurita de Santa Mar\u00eda y Patricio Freire de San Felipe, asimismo la Gobernadora Patricia Boffa hizo acto de presencia, al lado de concejales y altos mandos regionales de Gendarmer\u00eda.<\/p>\n<figure id=\"attachment_40026\" aria-describedby=\"caption-attachment-40026\" style=\"width: 190px\" class=\"wp-caption alignleft\"><a href=\"https:\/\/i0.wp.com\/www.eltrabajo.cl\/portal\/wp-content\/uploads\/2013\/11\/andres-romero.jpg\"><img data-recalc-dims=\"1\" loading=\"lazy\" decoding=\"async\" class=\" wp-image-40026  \" title=\"Mayor Andr\u00e9s Romero, Alcaide del CCP San Felipe.\" alt=\"Mayor Andr\u00e9s Romero, Alcaide del CCP San Felipe.\" src=\"https:\/\/i0.wp.com\/www.eltrabajo.cl\/portal\/wp-content\/uploads\/2013\/11\/andres-romero.jpg?resize=190%2C179\" width=\"190\" height=\"179\" srcset=\"https:\/\/i0.wp.com\/eltrabajo.cl\/portal\/wp-content\/uploads\/2013\/11\/andres-romero.jpg?w=529&amp;ssl=1 529w, https:\/\/i0.wp.com\/eltrabajo.cl\/portal\/wp-content\/uploads\/2013\/11\/andres-romero.jpg?resize=159%2C150&amp;ssl=1 159w, https:\/\/i0.wp.com\/eltrabajo.cl\/portal\/wp-content\/uploads\/2013\/11\/andres-romero.jpg?resize=300%2C281&amp;ssl=1 300w, https:\/\/i0.wp.com\/eltrabajo.cl\/portal\/wp-content\/uploads\/2013\/11\/andres-romero.jpg?resize=150%2C140&amp;ssl=1 150w, https:\/\/i0.wp.com\/eltrabajo.cl\/portal\/wp-content\/uploads\/2013\/11\/andres-romero.jpg?resize=400%2C375&amp;ssl=1 400w\" sizes=\"auto, (max-width: 190px) 100vw, 190px\" \/><\/a><figcaption id=\"caption-attachment-40026\" class=\"wp-caption-text\">Mayor Andr\u00e9s Romero, Alcaide del CCP San Felipe.<\/figcaption><\/figure>\n<figure id=\"attachment_40020\" aria-describedby=\"caption-attachment-40020\" style=\"width: 370px\" class=\"wp-caption alignright\"><a href=\"https:\/\/i0.wp.com\/www.eltrabajo.cl\/portal\/wp-content\/uploads\/2013\/11\/damas1.jpg\"><img data-recalc-dims=\"1\" loading=\"lazy\" decoding=\"async\" class=\" wp-image-40020 \" title=\"TAMBI\u00c9N ELLAS.- Ellas son las uniformadas que se encargan de todo el accionar de vigilancia y seguridad, especialmente para atender a las mujeres que visitan a sus familiares detenidos en el CCP San Felipe.\" alt=\"TAMBI\u00c9N ELLAS.- Ellas son las uniformadas que se encargan de todo el accionar de vigilancia y seguridad, especialmente para atender a las mujeres que visitan a sus familiares detenidos en el CCP San Felipe.\" src=\"https:\/\/i0.wp.com\/www.eltrabajo.cl\/portal\/wp-content\/uploads\/2013\/11\/damas1.jpg?resize=370%2C254\" width=\"370\" height=\"254\" srcset=\"https:\/\/i0.wp.com\/eltrabajo.cl\/portal\/wp-content\/uploads\/2013\/11\/damas1.jpg?w=529&amp;ssl=1 529w, https:\/\/i0.wp.com\/eltrabajo.cl\/portal\/wp-content\/uploads\/2013\/11\/damas1.jpg?resize=200%2C137&amp;ssl=1 200w, https:\/\/i0.wp.com\/eltrabajo.cl\/portal\/wp-content\/uploads\/2013\/11\/damas1.jpg?resize=300%2C205&amp;ssl=1 300w, https:\/\/i0.wp.com\/eltrabajo.cl\/portal\/wp-content\/uploads\/2013\/11\/damas1.jpg?resize=150%2C102&amp;ssl=1 150w, https:\/\/i0.wp.com\/eltrabajo.cl\/portal\/wp-content\/uploads\/2013\/11\/damas1.jpg?resize=400%2C274&amp;ssl=1 400w\" sizes=\"auto, (max-width: 370px) 100vw, 370px\" \/><\/a><figcaption id=\"caption-attachment-40020\" class=\"wp-caption-text\">TAMBI\u00c9N ELLAS.- Ellas son las uniformadas que se encargan de todo el accionar de vigilancia y seguridad, especialmente para atender a las mujeres que visitan a sus familiares detenidos en el CCP San Felipe.<\/figcaption><\/figure>\n<p>\u00abEn este aniversario lo estamos celebrando con el compromiso para seguir adelante en programas de contenci\u00f3n carcelaria en beneficio de la sociedad, a lo interno del CCP San Felipe puedo decir que seguimos desarrollando los programas de educaci\u00f3n b\u00e1sica y media, programa del que se benefician 124 alumnos privados de libertad; tambi\u00e9n contamos con talleres de costura y origami, madera y metalurgia, entre otros\u00bb, asegur\u00f3 a Diario El Trabajo el Mayor Andr\u00e9s Romero, Alcaide del CCP San Felipe.<\/p>\n<p>Gendarmer\u00eda de Chile es la instituci\u00f3n penitenciaria encargada del orden, seguridad; reinserci\u00f3n social; cumplimiento de condenas en las prisiones y el resguardo de los Tribunales de Justicia. Creada el 30 de noviembre de 1930, su lema es \u2018Deus Patria Lex\u2019, del lat\u00edn \u2018Dios, Patria, Ley\u2019. Su s\u00edmbolo es un castillo y su actual nombre deriva del nombre franc\u00e9s \u2018Gend\u2019 \u2018armes\u2019; que significa gente de armas.<\/p>\n<figure id=\"attachment_40027\" aria-describedby=\"caption-attachment-40027\" style=\"width: 190px\" class=\"wp-caption alignright\"><a href=\"https:\/\/i0.wp.com\/www.eltrabajo.cl\/portal\/wp-content\/uploads\/2013\/11\/luis-canales.jpg\"><img data-recalc-dims=\"1\" loading=\"lazy\" decoding=\"async\" class=\" wp-image-40027  \" title=\"Suboficial Mayor en Retiro, Luis Canales.\" alt=\"Suboficial Mayor en Retiro, Luis Canales.\" src=\"https:\/\/i0.wp.com\/www.eltrabajo.cl\/portal\/wp-content\/uploads\/2013\/11\/luis-canales.jpg?resize=190%2C192\" width=\"190\" height=\"192\" srcset=\"https:\/\/i0.wp.com\/eltrabajo.cl\/portal\/wp-content\/uploads\/2013\/11\/luis-canales.jpg?w=529&amp;ssl=1 529w, https:\/\/i0.wp.com\/eltrabajo.cl\/portal\/wp-content\/uploads\/2013\/11\/luis-canales.jpg?resize=148%2C150&amp;ssl=1 148w, https:\/\/i0.wp.com\/eltrabajo.cl\/portal\/wp-content\/uploads\/2013\/11\/luis-canales.jpg?resize=297%2C300&amp;ssl=1 297w, https:\/\/i0.wp.com\/eltrabajo.cl\/portal\/wp-content\/uploads\/2013\/11\/luis-canales.jpg?resize=400%2C403&amp;ssl=1 400w\" sizes=\"auto, (max-width: 190px) 100vw, 190px\" \/><\/a><figcaption id=\"caption-attachment-40027\" class=\"wp-caption-text\">Suboficial Mayor en Retiro, Luis Canales.<\/figcaption><\/figure>\n<figure id=\"attachment_40021\" aria-describedby=\"caption-attachment-40021\" style=\"width: 370px\" class=\"wp-caption alignleft\"><a href=\"https:\/\/i0.wp.com\/www.eltrabajo.cl\/portal\/wp-content\/uploads\/2013\/11\/administrativos1.jpg\"><img data-recalc-dims=\"1\" loading=\"lazy\" decoding=\"async\" class=\" wp-image-40021 \" title=\"ADMINISTRATIVOS.- Este es parte del personal administrativo y educativo del CCP San Felipe, quienes orgullosos por este aniversario posaron para las c\u00e1maras de Diario El Trabajo.\" alt=\"ADMINISTRATIVOS.- Este es parte del personal administrativo y educativo del CCP San Felipe, quienes orgullosos por este aniversario posaron para las c\u00e1maras de Diario El Trabajo.\" src=\"https:\/\/i0.wp.com\/www.eltrabajo.cl\/portal\/wp-content\/uploads\/2013\/11\/administrativos1.jpg?resize=370%2C257\" width=\"370\" height=\"257\" srcset=\"https:\/\/i0.wp.com\/eltrabajo.cl\/portal\/wp-content\/uploads\/2013\/11\/administrativos1.jpg?w=529&amp;ssl=1 529w, https:\/\/i0.wp.com\/eltrabajo.cl\/portal\/wp-content\/uploads\/2013\/11\/administrativos1.jpg?resize=200%2C138&amp;ssl=1 200w, https:\/\/i0.wp.com\/eltrabajo.cl\/portal\/wp-content\/uploads\/2013\/11\/administrativos1.jpg?resize=300%2C208&amp;ssl=1 300w, https:\/\/i0.wp.com\/eltrabajo.cl\/portal\/wp-content\/uploads\/2013\/11\/administrativos1.jpg?resize=150%2C104&amp;ssl=1 150w, https:\/\/i0.wp.com\/eltrabajo.cl\/portal\/wp-content\/uploads\/2013\/11\/administrativos1.jpg?resize=400%2C277&amp;ssl=1 400w\" sizes=\"auto, (max-width: 370px) 100vw, 370px\" \/><\/a><figcaption id=\"caption-attachment-40021\" class=\"wp-caption-text\">ADMINISTRATIVOS.- Este es parte del personal administrativo y educativo del CCP San Felipe, quienes orgullosos por este aniversario posaron para las c\u00e1maras de Diario El Trabajo.<\/figcaption><\/figure>\n<p>&nbsp;<\/p>\n<p><strong>VETERANOS\u00a0Y ACTIVOS<\/strong><\/p>\n<p>En San Felipe, Gendarmer\u00eda cuenta con 72 uniformados activos y seis administrativos al mando del Mayor Romero. Diario El Trabajo habl\u00f3 tambi\u00e9n con el Suboficial Mayor en Retiro, Luis Canales, de 80 a\u00f1os, quien asisti\u00f3 a la ceremonia en compa\u00f1\u00eda de otros veteranos.<\/p>\n<p>\u00abIngres\u00e9 a mis 20 a\u00f1os de edad a Gendarmer\u00eda, en esta carrera recorr\u00ed penitenciar\u00edas en Santiago, Los Andes, Limache y San Felipe, ciudades en las que siempre ocup\u00e9 cargos, fueron 33 a\u00f1os de muchas buenas experiencias y siento que serv\u00ed dignamente a mi pa\u00eds\u00bb, indic\u00f3 Canales.<\/p>\n<figure id=\"attachment_40023\" aria-describedby=\"caption-attachment-40023\" style=\"width: 370px\" class=\"wp-caption alignright\"><a href=\"https:\/\/i0.wp.com\/www.eltrabajo.cl\/portal\/wp-content\/uploads\/2013\/11\/autoridades1.jpg\"><img data-recalc-dims=\"1\" loading=\"lazy\" decoding=\"async\" class=\" wp-image-40023 \" title=\"AUTORIDADES.- Al acto de aniversario asistieron las autoridades de la provincia y del Valle de Aconcagua. Todos felicitaron a los gendarmes que con orgullo vest\u00edan sus uniformes.\" alt=\"AUTORIDADES.- Al acto de aniversario asistieron las autoridades de la provincia y del Valle de Aconcagua. Todos felicitaron a los gendarmes que con orgullo vest\u00edan sus uniformes.\" src=\"https:\/\/i0.wp.com\/www.eltrabajo.cl\/portal\/wp-content\/uploads\/2013\/11\/autoridades1.jpg?resize=370%2C234\" width=\"370\" height=\"234\" srcset=\"https:\/\/i0.wp.com\/eltrabajo.cl\/portal\/wp-content\/uploads\/2013\/11\/autoridades1.jpg?w=529&amp;ssl=1 529w, https:\/\/i0.wp.com\/eltrabajo.cl\/portal\/wp-content\/uploads\/2013\/11\/autoridades1.jpg?resize=200%2C126&amp;ssl=1 200w, https:\/\/i0.wp.com\/eltrabajo.cl\/portal\/wp-content\/uploads\/2013\/11\/autoridades1.jpg?resize=300%2C189&amp;ssl=1 300w, https:\/\/i0.wp.com\/eltrabajo.cl\/portal\/wp-content\/uploads\/2013\/11\/autoridades1.jpg?resize=150%2C94&amp;ssl=1 150w, https:\/\/i0.wp.com\/eltrabajo.cl\/portal\/wp-content\/uploads\/2013\/11\/autoridades1.jpg?resize=400%2C252&amp;ssl=1 400w\" sizes=\"auto, (max-width: 370px) 100vw, 370px\" \/><\/a><figcaption id=\"caption-attachment-40023\" class=\"wp-caption-text\">AUTORIDADES.- Al acto de aniversario asistieron las autoridades de la provincia y del Valle de Aconcagua. Todos felicitaron a los gendarmes que con orgullo vest\u00edan sus uniformes.<\/figcaption><\/figure>\n<figure id=\"attachment_40024\" aria-describedby=\"caption-attachment-40024\" style=\"width: 190px\" class=\"wp-caption alignleft\"><a href=\"https:\/\/i0.wp.com\/www.eltrabajo.cl\/portal\/wp-content\/uploads\/2013\/11\/pastores1.jpg\"><img data-recalc-dims=\"1\" loading=\"lazy\" decoding=\"async\" class=\" wp-image-40024  \" title=\"PASTORES.- Ellos son los pastores evang\u00e9licos H\u00e9ctor Vera y Aroldo Salinas, quienes tambi\u00e9n hacen su obra misionera al interior de los pabellones de la prisi\u00f3n. \" alt=\"PASTORES.- Ellos son los pastores evang\u00e9licos H\u00e9ctor Vera y Aroldo Salinas, quienes tambi\u00e9n hacen su obra misionera al interior de los pabellones de la prisi\u00f3n. \" src=\"https:\/\/i0.wp.com\/www.eltrabajo.cl\/portal\/wp-content\/uploads\/2013\/11\/pastores1.jpg?resize=190%2C147\" width=\"190\" height=\"147\" srcset=\"https:\/\/i0.wp.com\/eltrabajo.cl\/portal\/wp-content\/uploads\/2013\/11\/pastores1.jpg?w=529&amp;ssl=1 529w, https:\/\/i0.wp.com\/eltrabajo.cl\/portal\/wp-content\/uploads\/2013\/11\/pastores1.jpg?resize=194%2C150&amp;ssl=1 194w, https:\/\/i0.wp.com\/eltrabajo.cl\/portal\/wp-content\/uploads\/2013\/11\/pastores1.jpg?resize=300%2C231&amp;ssl=1 300w, https:\/\/i0.wp.com\/eltrabajo.cl\/portal\/wp-content\/uploads\/2013\/11\/pastores1.jpg?resize=150%2C115&amp;ssl=1 150w, https:\/\/i0.wp.com\/eltrabajo.cl\/portal\/wp-content\/uploads\/2013\/11\/pastores1.jpg?resize=400%2C309&amp;ssl=1 400w\" sizes=\"auto, (max-width: 190px) 100vw, 190px\" \/><\/a><figcaption id=\"caption-attachment-40024\" class=\"wp-caption-text\">PASTORES.- Ellos son los pastores evang\u00e9licos H\u00e9ctor Vera y Aroldo Salinas, quienes tambi\u00e9n hacen su obra misionera al interior de los pabellones de la prisi\u00f3n.<\/figcaption><\/figure>\n<p>Tambi\u00e9n en la parte religiosa, Gendarmer\u00eda es una instituci\u00f3n abierta a las propuestas y credos que regularmente hacen su aporte para con los m\u00e1s de 330 presos que hay en el CCP San Felipe, el Obispado de San Felipe hace sus aportes y su interacci\u00f3n con la instituci\u00f3n se reflej\u00f3 adem\u00e1s con la presencia del Obispo Cristian Contreras en la ceremonia, los pastores evang\u00e9licos H\u00e9ctor Vera y Aroldo Salinas, tambi\u00e9n fueron invitados a disfrutar de la ceremonia.<\/p>\n<p>Roberto Gonz\u00e1lez Short<\/p>\n<p>rgonzalez@eltrabajo.cl<\/p>\n<p>&nbsp;<\/p>\n","protected":false},"excerpt":{"rendered":"<p>Este mi\u00e9rcoles se celebraron los 83 a\u00f1os de existencia de Gendarmer\u00eda de Chile por parte de dichos uniformados, correspondiente al CCP San Felipe. Fue una ceremonia que cont\u00f3 con la presencia de&#8230;<\/p>\n","protected":false},"author":482,"featured_media":40019,"comment_status":"open","ping_status":"closed","sticky":false,"template":"","format":"standard","meta":{"advanced_seo_description":"","jetpack_seo_html_title":"","jetpack_seo_noindex":false,"_jetpack_memberships_contains_paid_content":false,"footnotes":""},"categories":[15],"tags":[],"class_list":["post-40018","post","type-post","status-publish","format-standard","has-post-thumbnail","hentry","category-comunidad"],"jetpack_featured_media_url":"https:\/\/i0.wp.com\/eltrabajo.cl\/portal\/wp-content\/uploads\/2013\/11\/panoramica1.jpg?fit=527%2C156&ssl=1","jetpack_sharing_enabled":true,"jetpack_likes_enabled":true,"jetpack-related-posts":[],"_links":{"self":[{"href":"https:\/\/eltrabajo.cl\/portal\/wp-json\/wp\/v2\/posts\/40018","targetHints":{"allow":["GET"]}}],"collection":[{"href":"https:\/\/eltrabajo.cl\/portal\/wp-json\/wp\/v2\/posts"}],"about":[{"href":"https:\/\/eltrabajo.cl\/portal\/wp-json\/wp\/v2\/types\/post"}],"author":[{"embeddable":true,"href":"https:\/\/eltrabajo.cl\/portal\/wp-json\/wp\/v2\/users\/482"}],"replies":[{"embeddable":true,"href":"https:\/\/eltrabajo.cl\/portal\/wp-json\/wp\/v2\/comments?post=40018"}],"version-history":[{"count":0,"href":"https:\/\/eltrabajo.cl\/portal\/wp-json\/wp\/v2\/posts\/40018\/revisions"}],"wp:featuredmedia":[{"embeddable":true,"href":"https:\/\/eltrabajo.cl\/portal\/wp-json\/wp\/v2\/media\/40019"}],"wp:attachment":[{"href":"https:\/\/eltrabajo.cl\/portal\/wp-json\/wp\/v2\/media?parent=40018"}],"wp:term":[{"taxonomy":"category","embeddable":true,"href":"https:\/\/eltrabajo.cl\/portal\/wp-json\/wp\/v2\/categories?post=40018"},{"taxonomy":"post_tag","embeddable":true,"href":"https:\/\/eltrabajo.cl\/portal\/wp-json\/wp\/v2\/tags?post=40018"}],"curies":[{"name":"wp","href":"https:\/\/api.w.org\/{rel}","templated":true}]}}