{"id":40033,"date":"2013-11-28T09:41:01","date_gmt":"2013-11-28T12:41:01","guid":{"rendered":"http:\/\/www.eltrabajo.cl\/portal\/?p=40033"},"modified":"2013-11-28T09:41:01","modified_gmt":"2013-11-28T12:41:01","slug":"familia-rinconadina-se-ganan-la-vida-con-artesania-en-madera-de-cactus","status":"publish","type":"post","link":"https:\/\/eltrabajo.cl\/portal\/familia-rinconadina-se-ganan-la-vida-con-artesania-en-madera-de-cactus\/","title":{"rendered":"Familia rinconadina se ganan la vida con artesan\u00eda en madera de cactus"},"content":{"rendered":"<figure id=\"attachment_40036\" aria-describedby=\"caption-attachment-40036\" style=\"width: 529px\" class=\"wp-caption alignnone\"><a href=\"https:\/\/i0.wp.com\/www.eltrabajo.cl\/portal\/wp-content\/uploads\/2013\/11\/claudio-tello.jpg\"><img data-recalc-dims=\"1\" loading=\"lazy\" decoding=\"async\" class=\"size-full wp-image-40036\" title=\"EL TALLERCITO.- Este es el taller en el que Claudio Tello fabrica sus artesan\u00edas, mismas con las que se ayuda para sostener a su familia.\" alt=\"EL TALLERCITO.- Este es el taller en el que Claudio Tello fabrica sus artesan\u00edas, mismas con las que se ayuda para sostener a su familia.\" src=\"https:\/\/i0.wp.com\/www.eltrabajo.cl\/portal\/wp-content\/uploads\/2013\/11\/claudio-tello.jpg?resize=529%2C397\" width=\"529\" height=\"397\" srcset=\"https:\/\/i0.wp.com\/eltrabajo.cl\/portal\/wp-content\/uploads\/2013\/11\/claudio-tello.jpg?w=529&amp;ssl=1 529w, https:\/\/i0.wp.com\/eltrabajo.cl\/portal\/wp-content\/uploads\/2013\/11\/claudio-tello.jpg?resize=200%2C150&amp;ssl=1 200w, https:\/\/i0.wp.com\/eltrabajo.cl\/portal\/wp-content\/uploads\/2013\/11\/claudio-tello.jpg?resize=300%2C225&amp;ssl=1 300w, https:\/\/i0.wp.com\/eltrabajo.cl\/portal\/wp-content\/uploads\/2013\/11\/claudio-tello.jpg?resize=150%2C112&amp;ssl=1 150w, https:\/\/i0.wp.com\/eltrabajo.cl\/portal\/wp-content\/uploads\/2013\/11\/claudio-tello.jpg?resize=400%2C300&amp;ssl=1 400w\" sizes=\"auto, (max-width: 529px) 100vw, 529px\" \/><\/a><figcaption id=\"caption-attachment-40036\" class=\"wp-caption-text\">EL TALLERCITO.- Este es el taller en el que Claudio Tello fabrica sus artesan\u00edas, mismas con las que se ayuda para sostener a su familia.<\/figcaption><\/figure>\n<p><strong>PUTAENDO<\/strong>.- Crear artesan\u00eda en cactus, lo que inici\u00f3 como un pasatiempo luego de ver algunas artesan\u00edas de madera de cactus en una feria, hoy se ha transformado en una actividad productiva que le ayuda regularmente al sost\u00e9n de su familia. Hablamos del mec\u00e1nico en torno, Claudio Tello Cort\u00e9s, de 38 a\u00f1os, el hombre que dedica sus ratos libres a crear, con ayuda de su esposa Evelyn Donoso, las m\u00e1s bellas y detalladas artesan\u00edas en ese material.<\/p>\n<figure id=\"attachment_40034\" aria-describedby=\"caption-attachment-40034\" style=\"width: 317px\" class=\"wp-caption alignright\"><a href=\"https:\/\/i0.wp.com\/www.eltrabajo.cl\/portal\/wp-content\/uploads\/2013\/11\/cactus1.jpg\"><img data-recalc-dims=\"1\" loading=\"lazy\" decoding=\"async\" class=\" wp-image-40034 \" title=\"CALIDAD Y BELLEZA.- Claudio Tello y su esposa Evelyn Donoso, muestran a Diario El Trabajo las artesan\u00edas que mostrar\u00e1n pr\u00f3ximamente en Manos Maestras de Vi\u00f1a del Mar, feria de gran prestigio en nuestro pa\u00eds.\" alt=\"CALIDAD Y BELLEZA.- Claudio Tello y su esposa Evelyn Donoso, muestran a Diario El Trabajo las artesan\u00edas que mostrar\u00e1n pr\u00f3ximamente en Manos Maestras de Vi\u00f1a del Mar, feria de gran prestigio en nuestro pa\u00eds.\" src=\"https:\/\/i0.wp.com\/www.eltrabajo.cl\/portal\/wp-content\/uploads\/2013\/11\/cactus1.jpg?resize=317%2C344\" width=\"317\" height=\"344\" srcset=\"https:\/\/i0.wp.com\/eltrabajo.cl\/portal\/wp-content\/uploads\/2013\/11\/cactus1.jpg?w=529&amp;ssl=1 529w, https:\/\/i0.wp.com\/eltrabajo.cl\/portal\/wp-content\/uploads\/2013\/11\/cactus1.jpg?resize=138%2C150&amp;ssl=1 138w, https:\/\/i0.wp.com\/eltrabajo.cl\/portal\/wp-content\/uploads\/2013\/11\/cactus1.jpg?resize=276%2C300&amp;ssl=1 276w, https:\/\/i0.wp.com\/eltrabajo.cl\/portal\/wp-content\/uploads\/2013\/11\/cactus1.jpg?resize=400%2C434&amp;ssl=1 400w\" sizes=\"auto, (max-width: 317px) 100vw, 317px\" \/><\/a><figcaption id=\"caption-attachment-40034\" class=\"wp-caption-text\">CALIDAD Y BELLEZA.- Claudio Tello y su esposa Evelyn Donoso, muestran a Diario El Trabajo las artesan\u00edas que mostrar\u00e1n pr\u00f3ximamente en Manos Maestras de Vi\u00f1a del Mar, feria de gran prestigio en nuestro pa\u00eds.<\/figcaption><\/figure>\n<p>Diario El Trabajo visit\u00f3 el tallercito que tiene Claudio y en donde fabrica avioncitos de madera; l\u00e1mparas de cactus y toda clase de art\u00edculos que \u00e9l y su familia tratan de vender los fines de semana junto a los pies del Cristo de Rinconada.<\/p>\n<figure id=\"attachment_40038\" aria-describedby=\"caption-attachment-40038\" style=\"width: 317px\" class=\"wp-caption alignleft\"><a href=\"https:\/\/i0.wp.com\/www.eltrabajo.cl\/portal\/wp-content\/uploads\/2013\/11\/cactus3.jpg\"><img data-recalc-dims=\"1\" loading=\"lazy\" decoding=\"async\" class=\" wp-image-40038 \" title=\"CALIDAD Y BELLEZA.- Claudio Tello y su esposa Evelyn Donoso, muestran a Diario El Trabajo las artesan\u00edas que mostrar\u00e1n pr\u00f3ximamente en Manos Maestras de Vi\u00f1a del Mar, feria de gran prestigio en nuestro pa\u00eds.\" alt=\"CALIDAD Y BELLEZA.- Claudio Tello y su esposa Evelyn Donoso, muestran a Diario El Trabajo las artesan\u00edas que mostrar\u00e1n pr\u00f3ximamente en Manos Maestras de Vi\u00f1a del Mar, feria de gran prestigio en nuestro pa\u00eds.\" src=\"https:\/\/i0.wp.com\/www.eltrabajo.cl\/portal\/wp-content\/uploads\/2013\/11\/cactus3.jpg?resize=317%2C406\" width=\"317\" height=\"406\" srcset=\"https:\/\/i0.wp.com\/eltrabajo.cl\/portal\/wp-content\/uploads\/2013\/11\/cactus3.jpg?w=529&amp;ssl=1 529w, https:\/\/i0.wp.com\/eltrabajo.cl\/portal\/wp-content\/uploads\/2013\/11\/cactus3.jpg?resize=117%2C150&amp;ssl=1 117w, https:\/\/i0.wp.com\/eltrabajo.cl\/portal\/wp-content\/uploads\/2013\/11\/cactus3.jpg?resize=234%2C300&amp;ssl=1 234w, https:\/\/i0.wp.com\/eltrabajo.cl\/portal\/wp-content\/uploads\/2013\/11\/cactus3.jpg?resize=400%2C511&amp;ssl=1 400w\" sizes=\"auto, (max-width: 317px) 100vw, 317px\" \/><\/a><figcaption id=\"caption-attachment-40038\" class=\"wp-caption-text\">CALIDAD Y BELLEZA.- Claudio Tello y su esposa Evelyn Donoso, muestran a Diario El Trabajo las artesan\u00edas que mostrar\u00e1n pr\u00f3ximamente en Manos Maestras de Vi\u00f1a del Mar, feria de gran prestigio en nuestro pa\u00eds.<\/figcaption><\/figure>\n<p>\u00abYo empec\u00e9 esto con mi esposa hace pocos a\u00f1os, se nos ocurri\u00f3 porque vimos unas artesan\u00edas en cactus, pero quisimos mejorarlas a nuestra pinta, as\u00ed fuimos mejorando cada vez m\u00e1s, al punto que hoy nuestros trabajos son bastante buscados en la zona\u00bb, se\u00f1al\u00f3 a nuestro medio Claudio Tello.<\/p>\n<p>Tambi\u00e9n la hija de ambos, Massiel Tello, de 12 a\u00f1os, ayuda en la elaboraci\u00f3n y dise\u00f1o de las artesan\u00edas de sus padres.<\/p>\n<p>\u00abCuando vengo de la escuela dedico una horas a las artesan\u00edas, primero la tarea de la escuela y luego al tallercito, me gusta y tambi\u00e9n porque algo de dinero ganamos entre todos\u00bb, coment\u00f3 la ni\u00f1a. Esta familia de artesanos pertenece a la agrupaci\u00f3n Artesan\u00edas y productos del Santo Cristo.<\/p>\n<p>Roberto Gonz\u00e1lez Short<\/p>\n<p>rgonzalez@eltrabajo.cl<\/p>\n<p>&nbsp;<\/p>\n","protected":false},"excerpt":{"rendered":"<p>PUTAENDO.- Crear artesan\u00eda en cactus, lo que inici\u00f3 como un pasatiempo luego de ver algunas artesan\u00edas de madera de cactus en una feria, hoy se ha transformado en una actividad productiva que&#8230;<\/p>\n","protected":false},"author":482,"featured_media":40036,"comment_status":"open","ping_status":"closed","sticky":false,"template":"","format":"standard","meta":{"advanced_seo_description":"","jetpack_seo_html_title":"","jetpack_seo_noindex":false,"_jetpack_memberships_contains_paid_content":false,"footnotes":""},"categories":[15],"tags":[],"class_list":["post-40033","post","type-post","status-publish","format-standard","has-post-thumbnail","hentry","category-comunidad"],"jetpack_featured_media_url":"https:\/\/i0.wp.com\/eltrabajo.cl\/portal\/wp-content\/uploads\/2013\/11\/claudio-tello.jpg?fit=529%2C397&ssl=1","jetpack_sharing_enabled":true,"jetpack_likes_enabled":true,"jetpack-related-posts":[],"_links":{"self":[{"href":"https:\/\/eltrabajo.cl\/portal\/wp-json\/wp\/v2\/posts\/40033","targetHints":{"allow":["GET"]}}],"collection":[{"href":"https:\/\/eltrabajo.cl\/portal\/wp-json\/wp\/v2\/posts"}],"about":[{"href":"https:\/\/eltrabajo.cl\/portal\/wp-json\/wp\/v2\/types\/post"}],"author":[{"embeddable":true,"href":"https:\/\/eltrabajo.cl\/portal\/wp-json\/wp\/v2\/users\/482"}],"replies":[{"embeddable":true,"href":"https:\/\/eltrabajo.cl\/portal\/wp-json\/wp\/v2\/comments?post=40033"}],"version-history":[{"count":0,"href":"https:\/\/eltrabajo.cl\/portal\/wp-json\/wp\/v2\/posts\/40033\/revisions"}],"wp:featuredmedia":[{"embeddable":true,"href":"https:\/\/eltrabajo.cl\/portal\/wp-json\/wp\/v2\/media\/40036"}],"wp:attachment":[{"href":"https:\/\/eltrabajo.cl\/portal\/wp-json\/wp\/v2\/media?parent=40033"}],"wp:term":[{"taxonomy":"category","embeddable":true,"href":"https:\/\/eltrabajo.cl\/portal\/wp-json\/wp\/v2\/categories?post=40033"},{"taxonomy":"post_tag","embeddable":true,"href":"https:\/\/eltrabajo.cl\/portal\/wp-json\/wp\/v2\/tags?post=40033"}],"curies":[{"name":"wp","href":"https:\/\/api.w.org\/{rel}","templated":true}]}}