{"id":40047,"date":"2013-11-28T09:43:06","date_gmt":"2013-11-28T12:43:06","guid":{"rendered":"http:\/\/www.eltrabajo.cl\/portal\/?p=40047"},"modified":"2013-11-28T09:43:06","modified_gmt":"2013-11-28T12:43:06","slug":"municipio-compra-propiedad-en-abraham-ahumada-para-abrir-calle-chile","status":"publish","type":"post","link":"https:\/\/eltrabajo.cl\/portal\/municipio-compra-propiedad-en-abraham-ahumada-para-abrir-calle-chile\/","title":{"rendered":"Municipio compra propiedad en Abraham Ahumada para abrir Calle Chile"},"content":{"rendered":"<figure id=\"attachment_40048\" aria-describedby=\"caption-attachment-40048\" style=\"width: 529px\" class=\"wp-caption alignnone\"><a href=\"https:\/\/i0.wp.com\/www.eltrabajo.cl\/portal\/wp-content\/uploads\/2013\/11\/pago-cheque.jpg\"><img data-recalc-dims=\"1\" loading=\"lazy\" decoding=\"async\" class=\"size-full wp-image-40048\" title=\"El Alcalde Patricio Freire hizo entrega del primer cheque por la compra de la casa ubicada en Avda. Abraham Ahumada y que permitir\u00e1 abrir la Avenida Chile.\" alt=\"El Alcalde Patricio Freire hizo entrega del primer cheque por la compra de la casa ubicada en Avda. Abraham Ahumada y que permitir\u00e1 abrir la Avenida Chile.\" src=\"https:\/\/i0.wp.com\/www.eltrabajo.cl\/portal\/wp-content\/uploads\/2013\/11\/pago-cheque.jpg?resize=529%2C355\" width=\"529\" height=\"355\" srcset=\"https:\/\/i0.wp.com\/eltrabajo.cl\/portal\/wp-content\/uploads\/2013\/11\/pago-cheque.jpg?w=529&amp;ssl=1 529w, https:\/\/i0.wp.com\/eltrabajo.cl\/portal\/wp-content\/uploads\/2013\/11\/pago-cheque.jpg?resize=200%2C134&amp;ssl=1 200w, https:\/\/i0.wp.com\/eltrabajo.cl\/portal\/wp-content\/uploads\/2013\/11\/pago-cheque.jpg?resize=300%2C201&amp;ssl=1 300w, https:\/\/i0.wp.com\/eltrabajo.cl\/portal\/wp-content\/uploads\/2013\/11\/pago-cheque.jpg?resize=150%2C100&amp;ssl=1 150w, https:\/\/i0.wp.com\/eltrabajo.cl\/portal\/wp-content\/uploads\/2013\/11\/pago-cheque.jpg?resize=400%2C268&amp;ssl=1 400w\" sizes=\"auto, (max-width: 529px) 100vw, 529px\" \/><\/a><figcaption id=\"caption-attachment-40048\" class=\"wp-caption-text\">El Alcalde Patricio Freire hizo entrega del primer cheque por la compra de la casa ubicada en Avda. Abraham Ahumada y que permitir\u00e1 abrir la Avenida Chile.<\/figcaption><\/figure>\n<p>Alcalde Patricio Freire entreg\u00f3 primer cheque a familiares due\u00f1os de la propiedad, compra que fue aprobada en forma un\u00e1nime por el Concejo Municipal y que permite avanzar en la circunvalaci\u00f3n de San Felipe.<\/p>\n<p>En horas de la ma\u00f1ana de este mi\u00e9rcoles, el Alcalde Patricio Freire hizo entrega del primer cheque a la familia due\u00f1a de la casa que se ubica en Avenida Abraham Ahumada N\u00b0 15, la que fue comprada para ejecutar el proyecto de Circunvalaci\u00f3n que se tiene planeado para la comuna.<\/p>\n<p>El Alcalde Freire se reuni\u00f3 en una notar\u00eda de la comuna con los familiares que componen la sucesi\u00f3n para entregarles a cada uno, el cheque producto de la compra de la casa, una idea que se plante\u00f3 hace algunos meses y que durante este tiempo avanz\u00f3 en los tr\u00e1mites judiciales y administrativos.<\/p>\n<p>Finalmente en una de las \u00faltimas sesiones de Concejo Municipal se aprob\u00f3, de manera un\u00e1nime, la compra de la casa, por un monto de 47 millones de pesos, recursos que ser\u00e1n entregados en dos pagos, uno este mi\u00e9rcoles y el otro en el mes de marzo del 2014, cuando se har\u00e1 entrega de la vivienda a la Municipalidad.<\/p>\n<p>\u201cEste es un gran paso que se da hoy d\u00eda, para llegar a esta gran conectividad, que tambi\u00e9n significa un gran adelanto para la ciudad de San Felipe. En el mes de marzo se entrega la casa y el segundo pago y final de esta transacci\u00f3n comercial que se hace con estos vecinos de San Felipe, quienes tuvieron la paciencia de esperarnos\u201d, dijo el jefe comunal.<\/p>\n<p>Esto da cuenta del trabajo de la administraci\u00f3n del Alcalde Freire, ya que en el mes de julio esta iniciativa fue encargada al departamento jur\u00eddico del municipio, profesionales que gestionaron la compra, de acuerdo a la normativa y en menos de un a\u00f1o se dio soluci\u00f3n a una situaci\u00f3n que se ven\u00eda arrastrando hace mucho tiempo.<\/p>\n<p>\u201cEstamos ac\u00e1 para esto, haciendo que San Felipe tenga un despegue hacia el futuro\u201d, sostuvo el Alcalde Freire.<\/p>\n<p>Adem\u00e1s en forma paralela, los profesionales de la Secretar\u00eda de Planificaci\u00f3n Municipal han continuado trabajando en el dise\u00f1o de la calle, como una forma de ir avanzando en forma integral en el proyecto de Circunvalaci\u00f3n.<\/p>\n<p>Seg\u00fan la historia de la propiedad, esta casa fue comprada hace a\u00f1os por dos hermanos, quienes formaron posteriormente sus familias, que son los que recibieron este mi\u00e9rcoles los cheques de la compra.<\/p>\n<p>\u201cEsperamos 15 a\u00f1os poder venderla, pensando en este proyecto y estamos felices porque la pudimos vender. La casa estuvo muchos a\u00f1os desocupada y ahora \u00faltimamente estaba una persona cuid\u00e1ndola, pero ahora va a quedar lista para ser entregada el 30 de marzo a la Municipalidad\u201d, dijo Viviana N\u00fa\u00f1ez, una de las integrantes de la familia.<\/p>\n<p>&nbsp;<\/p>\n","protected":false},"excerpt":{"rendered":"<p>Alcalde Patricio Freire entreg\u00f3 primer cheque a familiares due\u00f1os de la propiedad, compra que fue aprobada en forma un\u00e1nime por el Concejo Municipal y que permite avanzar en la circunvalaci\u00f3n de San&#8230;<\/p>\n","protected":false},"author":482,"featured_media":40048,"comment_status":"open","ping_status":"closed","sticky":false,"template":"","format":"standard","meta":{"advanced_seo_description":"","jetpack_seo_html_title":"","jetpack_seo_noindex":false,"_jetpack_memberships_contains_paid_content":false,"footnotes":""},"categories":[1],"tags":[],"class_list":["post-40047","post","type-post","status-publish","format-standard","has-post-thumbnail","hentry","category-cronica"],"jetpack_featured_media_url":"https:\/\/i0.wp.com\/eltrabajo.cl\/portal\/wp-content\/uploads\/2013\/11\/pago-cheque.jpg?fit=529%2C355&ssl=1","jetpack_sharing_enabled":true,"jetpack_likes_enabled":true,"jetpack-related-posts":[],"_links":{"self":[{"href":"https:\/\/eltrabajo.cl\/portal\/wp-json\/wp\/v2\/posts\/40047","targetHints":{"allow":["GET"]}}],"collection":[{"href":"https:\/\/eltrabajo.cl\/portal\/wp-json\/wp\/v2\/posts"}],"about":[{"href":"https:\/\/eltrabajo.cl\/portal\/wp-json\/wp\/v2\/types\/post"}],"author":[{"embeddable":true,"href":"https:\/\/eltrabajo.cl\/portal\/wp-json\/wp\/v2\/users\/482"}],"replies":[{"embeddable":true,"href":"https:\/\/eltrabajo.cl\/portal\/wp-json\/wp\/v2\/comments?post=40047"}],"version-history":[{"count":0,"href":"https:\/\/eltrabajo.cl\/portal\/wp-json\/wp\/v2\/posts\/40047\/revisions"}],"wp:featuredmedia":[{"embeddable":true,"href":"https:\/\/eltrabajo.cl\/portal\/wp-json\/wp\/v2\/media\/40048"}],"wp:attachment":[{"href":"https:\/\/eltrabajo.cl\/portal\/wp-json\/wp\/v2\/media?parent=40047"}],"wp:term":[{"taxonomy":"category","embeddable":true,"href":"https:\/\/eltrabajo.cl\/portal\/wp-json\/wp\/v2\/categories?post=40047"},{"taxonomy":"post_tag","embeddable":true,"href":"https:\/\/eltrabajo.cl\/portal\/wp-json\/wp\/v2\/tags?post=40047"}],"curies":[{"name":"wp","href":"https:\/\/api.w.org\/{rel}","templated":true}]}}