{"id":40061,"date":"2013-11-28T09:51:22","date_gmt":"2013-11-28T12:51:22","guid":{"rendered":"http:\/\/www.eltrabajo.cl\/portal\/?p=40061"},"modified":"2013-11-28T09:51:22","modified_gmt":"2013-11-28T12:51:22","slug":"rodrigo-infante-renuncio-a-la-direccion-del-servicio-de-salud-aconcagua","status":"publish","type":"post","link":"https:\/\/eltrabajo.cl\/portal\/rodrigo-infante-renuncio-a-la-direccion-del-servicio-de-salud-aconcagua\/","title":{"rendered":"Rodrigo Infante renunci\u00f3 a la direcci\u00f3n del Servicio de Salud Aconcagua"},"content":{"rendered":"<figure id=\"attachment_40062\" aria-describedby=\"caption-attachment-40062\" style=\"width: 317px\" class=\"wp-caption alignleft\"><a href=\"https:\/\/i0.wp.com\/www.eltrabajo.cl\/portal\/wp-content\/uploads\/2013\/11\/rodrigo-infante.jpg\"><img data-recalc-dims=\"1\" loading=\"lazy\" decoding=\"async\" class=\" wp-image-40062 \" title=\"Rodrigo Infante deja el pr\u00f3ximo martes 3 de diciembre, la jefatura del Servicio de Salud Aconcagua.\" alt=\"Rodrigo Infante deja el pr\u00f3ximo martes 3 de diciembre, la jefatura del Servicio de Salud Aconcagua.\" src=\"https:\/\/i0.wp.com\/www.eltrabajo.cl\/portal\/wp-content\/uploads\/2013\/11\/rodrigo-infante.jpg?resize=317%2C238\" width=\"317\" height=\"238\" srcset=\"https:\/\/i0.wp.com\/eltrabajo.cl\/portal\/wp-content\/uploads\/2013\/11\/rodrigo-infante.jpg?w=528&amp;ssl=1 528w, https:\/\/i0.wp.com\/eltrabajo.cl\/portal\/wp-content\/uploads\/2013\/11\/rodrigo-infante.jpg?resize=200%2C150&amp;ssl=1 200w, https:\/\/i0.wp.com\/eltrabajo.cl\/portal\/wp-content\/uploads\/2013\/11\/rodrigo-infante.jpg?resize=300%2C225&amp;ssl=1 300w, https:\/\/i0.wp.com\/eltrabajo.cl\/portal\/wp-content\/uploads\/2013\/11\/rodrigo-infante.jpg?resize=150%2C112&amp;ssl=1 150w, https:\/\/i0.wp.com\/eltrabajo.cl\/portal\/wp-content\/uploads\/2013\/11\/rodrigo-infante.jpg?resize=400%2C300&amp;ssl=1 400w\" sizes=\"auto, (max-width: 317px) 100vw, 317px\" \/><\/a><figcaption id=\"caption-attachment-40062\" class=\"wp-caption-text\">Rodrigo Infante deja el pr\u00f3ximo martes 3 de diciembre, la jefatura del Servicio de Salud Aconcagua.<\/figcaption><\/figure>\n<ul>\n<li><strong>El pr\u00f3ximo martes se har\u00e1 el traspaso del cargo, que ser\u00e1 asumido de manera subrogante por la Doctora Iris Boisier, en tanto Infante asumir\u00e1 labores en Direcci\u00f3n de Previsi\u00f3n de Carabineros.<\/strong><\/li>\n<\/ul>\n<p>La ma\u00f1ana de ayer mi\u00e9rcoles se hizo p\u00fablica la renuncia del ingeniero Rodrigo Infante Cotroneo, a la direcci\u00f3n del Servicio de Salud Aconcagua, cargo que ostent\u00f3 por casi tres a\u00f1os, primero de forma interina y luego ratificado mediante concurso de la Alta Direcci\u00f3n P\u00fablica.<\/p>\n<p>La decisi\u00f3n la corrobor\u00f3 el propio Infante en conferencia de prensa, donde se\u00f1al\u00f3 que si bien el cargo que estaba ocupando ten\u00eda como fecha de vencimiento el mes de enero de 2014, \u00e9l decidi\u00f3 irse antes, por cuanto asumir\u00e1 un puesto en la Direcci\u00f3n de Previsi\u00f3n de Carabineros.<\/p>\n<p>De esta manera, el pr\u00f3ximo martes 3 de diciembre Rodrigo Infante har\u00e1 el traspaso de la direcci\u00f3n a la doctora Iris Boisier, quien asumir\u00e1 de manera subrogante el cargo de directora del Servicio de Salud.<\/p>\n<p>Consultado sobre esta decisi\u00f3n, dijo que \u201cmi periodo de alta direcci\u00f3n p\u00fablica se cumple en enero y se me present\u00f3 una oportunidad para seguir trabajando en el servicio p\u00fablico y pagar una deuda que tengo como persona, de volver a la Direcci\u00f3n de Carabineros para aportar con mi trabajo\u201d.<\/p>\n<p>El a\u00fan director del servicio, dijo que al dejar el cargo se va con la satisfacci\u00f3n del deber cumplido, ya que su gesti\u00f3n fue exitosa en la medida que se pudo avanzar bastante en materia de infraestructura de salud, as\u00ed como en cuanto a la situaci\u00f3n financiera del sistema en Aconcagua.<\/p>\n<p>En ese sentido, dijo que justo al irse de la direcci\u00f3n de salud, se dan a conocer los resultados de la encuesta de satisfacci\u00f3n usuaria de la Universidad de Chile, que indica en primer lugar al Hospital San Antonio de Putaendo, lo cual \u00e9l considera un logro de gesti\u00f3n, as\u00ed como del esfuerzo de la direcci\u00f3n y de los funcionarios del establecimiento.<\/p>\n<p>\u201cHemos avanzado con la red, ahora estoy saliendo de una reuni\u00f3n con el Consejo de Integraci\u00f3n de la Red Asistencial, hemos revisado las metas que se han cumplido al cien por ciento, dejando en ejecuci\u00f3n el proyecto del Hospital Philippe Pinel, as\u00ed que contento, se ha repuesto claramente la infraestructura, el \u00e1nimo y las finanzas, que es tremendamente importante\u201d, se\u00f1al\u00f3 Rodrigo Infante.<\/p>\n<p>Consultado si le hubiese gustado mantenerse en el cargo hasta el t\u00e9rmino del per\u00edodo presidencial de Sebasti\u00e1n Pi\u00f1era, expres\u00f3 que \u201cefectivamente a uno le gustar\u00eda estar, pero las oportunidades se presentan cuando menos se lo espera, y uno las toma o las deja.<\/p>\n<p>\u201cMe siento con el deber cumplido, porque todas las metas que me trac\u00e9 al principio con esta gesti\u00f3n se cumplieron, en cuanto a lograr un equilibrio financiero, terminar los proyectos en curso, iniciar nuevos proyectos y desarrollar un nuevo modelo de gesti\u00f3n, del cual me siento muy orgulloso\u201d, manifest\u00f3 Infante.<\/p>\n<p>Finalmente, el profesional agradeci\u00f3 el apoyo y compromiso de los 2 mil 200 funcionarios de la red asistencial, quienes seg\u00fan dijo, \u201chan hecho un gran trabajo durante este per\u00edodo y han permitido que esta gesti\u00f3n haya sido exitosa\u201d.<\/p>\n<p>&nbsp;<\/p>\n","protected":false},"excerpt":{"rendered":"<p>El pr\u00f3ximo martes se har\u00e1 el traspaso del cargo, que ser\u00e1 asumido de manera subrogante por la Doctora Iris Boisier, en tanto Infante asumir\u00e1 labores en Direcci\u00f3n de Previsi\u00f3n de Carabineros. La&#8230;<\/p>\n","protected":false},"author":482,"featured_media":40062,"comment_status":"open","ping_status":"closed","sticky":false,"template":"","format":"standard","meta":{"advanced_seo_description":"","jetpack_seo_html_title":"","jetpack_seo_noindex":false,"_jetpack_memberships_contains_paid_content":false,"footnotes":""},"categories":[1],"tags":[],"class_list":["post-40061","post","type-post","status-publish","format-standard","has-post-thumbnail","hentry","category-cronica"],"jetpack_featured_media_url":"https:\/\/i0.wp.com\/eltrabajo.cl\/portal\/wp-content\/uploads\/2013\/11\/rodrigo-infante.jpg?fit=528%2C396&ssl=1","jetpack_sharing_enabled":true,"jetpack_likes_enabled":true,"jetpack-related-posts":[],"_links":{"self":[{"href":"https:\/\/eltrabajo.cl\/portal\/wp-json\/wp\/v2\/posts\/40061","targetHints":{"allow":["GET"]}}],"collection":[{"href":"https:\/\/eltrabajo.cl\/portal\/wp-json\/wp\/v2\/posts"}],"about":[{"href":"https:\/\/eltrabajo.cl\/portal\/wp-json\/wp\/v2\/types\/post"}],"author":[{"embeddable":true,"href":"https:\/\/eltrabajo.cl\/portal\/wp-json\/wp\/v2\/users\/482"}],"replies":[{"embeddable":true,"href":"https:\/\/eltrabajo.cl\/portal\/wp-json\/wp\/v2\/comments?post=40061"}],"version-history":[{"count":0,"href":"https:\/\/eltrabajo.cl\/portal\/wp-json\/wp\/v2\/posts\/40061\/revisions"}],"wp:featuredmedia":[{"embeddable":true,"href":"https:\/\/eltrabajo.cl\/portal\/wp-json\/wp\/v2\/media\/40062"}],"wp:attachment":[{"href":"https:\/\/eltrabajo.cl\/portal\/wp-json\/wp\/v2\/media?parent=40061"}],"wp:term":[{"taxonomy":"category","embeddable":true,"href":"https:\/\/eltrabajo.cl\/portal\/wp-json\/wp\/v2\/categories?post=40061"},{"taxonomy":"post_tag","embeddable":true,"href":"https:\/\/eltrabajo.cl\/portal\/wp-json\/wp\/v2\/tags?post=40061"}],"curies":[{"name":"wp","href":"https:\/\/api.w.org\/{rel}","templated":true}]}}