{"id":40073,"date":"2013-11-29T09:41:14","date_gmt":"2013-11-29T12:41:14","guid":{"rendered":"http:\/\/www.eltrabajo.cl\/portal\/?p=40073"},"modified":"2013-11-29T09:41:14","modified_gmt":"2013-11-29T12:41:14","slug":"vecinos-protestan-y-exigen-instalacion-de-semaforo-en-arturo-prat-con-chacay","status":"publish","type":"post","link":"https:\/\/eltrabajo.cl\/portal\/vecinos-protestan-y-exigen-instalacion-de-semaforo-en-arturo-prat-con-chacay\/","title":{"rendered":"Vecinos protestan y exigen instalaci\u00f3n de sem\u00e1foro en Arturo Prat con Chacay"},"content":{"rendered":"<figure id=\"attachment_40074\" aria-describedby=\"caption-attachment-40074\" style=\"width: 528px\" class=\"wp-caption alignnone\"><a href=\"https:\/\/i0.wp.com\/www.eltrabajo.cl\/portal\/wp-content\/uploads\/2013\/11\/degania9.jpg\"><img data-recalc-dims=\"1\" loading=\"lazy\" decoding=\"async\" class=\"size-full wp-image-40074\" title=\"Indignados por la muerte de un jubilado atropellado hace algunos d\u00edas, los vecinos optaron por protestar y bloquear el tr\u00e1nsito vehicular.\" alt=\"Indignados por la muerte de un jubilado atropellado hace algunos d\u00edas, los vecinos optaron por protestar y bloquear el tr\u00e1nsito vehicular.\" src=\"https:\/\/i0.wp.com\/www.eltrabajo.cl\/portal\/wp-content\/uploads\/2013\/11\/degania9.jpg?resize=528%2C334\" width=\"528\" height=\"334\" srcset=\"https:\/\/i0.wp.com\/eltrabajo.cl\/portal\/wp-content\/uploads\/2013\/11\/degania9.jpg?w=528&amp;ssl=1 528w, https:\/\/i0.wp.com\/eltrabajo.cl\/portal\/wp-content\/uploads\/2013\/11\/degania9.jpg?resize=200%2C126&amp;ssl=1 200w, https:\/\/i0.wp.com\/eltrabajo.cl\/portal\/wp-content\/uploads\/2013\/11\/degania9.jpg?resize=300%2C189&amp;ssl=1 300w, https:\/\/i0.wp.com\/eltrabajo.cl\/portal\/wp-content\/uploads\/2013\/11\/degania9.jpg?resize=150%2C94&amp;ssl=1 150w, https:\/\/i0.wp.com\/eltrabajo.cl\/portal\/wp-content\/uploads\/2013\/11\/degania9.jpg?resize=400%2C253&amp;ssl=1 400w\" sizes=\"auto, (max-width: 528px) 100vw, 528px\" \/><\/a><figcaption id=\"caption-attachment-40074\" class=\"wp-caption-text\">Indignados por la muerte de un jubilado atropellado hace algunos d\u00edas, los vecinos optaron por protestar y bloquear el tr\u00e1nsito vehicular.<\/figcaption><\/figure>\n<p><strong>LOS ANDES<\/strong>.- Una cincuentena de vecinos y residentes de la poblaci\u00f3n Degania y Virgen del Valle de Los Andes, protestaron con pancartas y lienzos, adem\u00e1s de bloquear la circulaci\u00f3n de veh\u00edculos, exigiendo la instalaci\u00f3n de un sem\u00e1foro en la intersecci\u00f3n de calles Arturo Prat y Chacay.<\/p>\n<p>Los vecinos decidieron llevar adelante esta acci\u00f3n de fuerza impidiendo el tr\u00e1nsito de veh\u00edculos para expresar su molestia debido a que los conductores no respetan el disco Pare existente en esa esquina.<\/p>\n<p>Producto de esta situaci\u00f3n, el pasado 8 de noviembre fue atropellado el vecino Alfredo del Carmen Espinoza Campos (69), quien circulaba por Chacay cuando fue impactado por un autom\u00f3vil que precisamente se pas\u00f3 el disco Pare.<\/p>\n<p>A ra\u00edz del golpe que lo lanz\u00f3 a varios metros, el jubilado sufri\u00f3 graves lesiones que lo mantuvieron en estado ag\u00f3nico hasta el viernes de la semana pasada cuando se produjo su deceso.<\/p>\n<p>Los vecinos indignados por su muerte decidieron llevar adelante acciones m\u00e1s radicales para expresar su molestia con las autoridades debido a que no se han pronunciado respecto a instalar en esa esquina un sem\u00e1foro.<\/p>\n<p>Dirigentes vecinales manifestaron que en reiteradas oportunidades han hecho llegar cartas a la municipalidad pidiendo que se coloque un sem\u00e1foro, sin embargo esta solicitud no ha sido acogida.<\/p>\n<p>Por esta raz\u00f3n continuar\u00e1n ejerciendo estas medidas de presi\u00f3n hasta que sean escuchados y no tengan que lamentar la muerte de otro vecino.<\/p>\n<p>&nbsp;<\/p>\n<p><strong>Formalizaci\u00f3n del responsable<\/strong><\/p>\n<p>Tras el accidente que cost\u00f3 la vida a Alfredo Espinoza, el conductor del veh\u00edculo que lo impact\u00f3, Juan Carlos Uribe Canales, fue formalizado por cuasi delito de lesiones graves, pero podr\u00eda ser reformalizado por cuasi delito de homicidio.<\/p>\n<p>&nbsp;<\/p>\n","protected":false},"excerpt":{"rendered":"<p>LOS ANDES.- Una cincuentena de vecinos y residentes de la poblaci\u00f3n Degania y Virgen del Valle de Los Andes, protestaron con pancartas y lienzos, adem\u00e1s de bloquear la circulaci\u00f3n de veh\u00edculos, exigiendo&#8230;<\/p>\n","protected":false},"author":482,"featured_media":40074,"comment_status":"open","ping_status":"closed","sticky":false,"template":"","format":"standard","meta":{"advanced_seo_description":"","jetpack_seo_html_title":"","jetpack_seo_noindex":false,"_jetpack_memberships_contains_paid_content":false,"footnotes":""},"categories":[15],"tags":[],"class_list":["post-40073","post","type-post","status-publish","format-standard","has-post-thumbnail","hentry","category-comunidad"],"jetpack_featured_media_url":"https:\/\/i0.wp.com\/eltrabajo.cl\/portal\/wp-content\/uploads\/2013\/11\/degania9.jpg?fit=528%2C334&ssl=1","jetpack_sharing_enabled":true,"jetpack_likes_enabled":true,"jetpack-related-posts":[],"_links":{"self":[{"href":"https:\/\/eltrabajo.cl\/portal\/wp-json\/wp\/v2\/posts\/40073","targetHints":{"allow":["GET"]}}],"collection":[{"href":"https:\/\/eltrabajo.cl\/portal\/wp-json\/wp\/v2\/posts"}],"about":[{"href":"https:\/\/eltrabajo.cl\/portal\/wp-json\/wp\/v2\/types\/post"}],"author":[{"embeddable":true,"href":"https:\/\/eltrabajo.cl\/portal\/wp-json\/wp\/v2\/users\/482"}],"replies":[{"embeddable":true,"href":"https:\/\/eltrabajo.cl\/portal\/wp-json\/wp\/v2\/comments?post=40073"}],"version-history":[{"count":0,"href":"https:\/\/eltrabajo.cl\/portal\/wp-json\/wp\/v2\/posts\/40073\/revisions"}],"wp:featuredmedia":[{"embeddable":true,"href":"https:\/\/eltrabajo.cl\/portal\/wp-json\/wp\/v2\/media\/40074"}],"wp:attachment":[{"href":"https:\/\/eltrabajo.cl\/portal\/wp-json\/wp\/v2\/media?parent=40073"}],"wp:term":[{"taxonomy":"category","embeddable":true,"href":"https:\/\/eltrabajo.cl\/portal\/wp-json\/wp\/v2\/categories?post=40073"},{"taxonomy":"post_tag","embeddable":true,"href":"https:\/\/eltrabajo.cl\/portal\/wp-json\/wp\/v2\/tags?post=40073"}],"curies":[{"name":"wp","href":"https:\/\/api.w.org\/{rel}","templated":true}]}}