{"id":40076,"date":"2013-11-29T09:42:14","date_gmt":"2013-11-29T12:42:14","guid":{"rendered":"http:\/\/www.eltrabajo.cl\/portal\/?p=40076"},"modified":"2013-11-29T09:42:14","modified_gmt":"2013-11-29T12:42:14","slug":"piden-talar-media-hectarea-de-bosque-nativo-para-faenas-mineras-en-jahuel","status":"publish","type":"post","link":"https:\/\/eltrabajo.cl\/portal\/piden-talar-media-hectarea-de-bosque-nativo-para-faenas-mineras-en-jahuel\/","title":{"rendered":"Piden talar media hect\u00e1rea de bosque nativo para faenas mineras en Jahuel"},"content":{"rendered":"<figure id=\"attachment_40077\" aria-describedby=\"caption-attachment-40077\" style=\"width: 317px\" class=\"wp-caption alignleft\"><a href=\"https:\/\/i0.wp.com\/www.eltrabajo.cl\/portal\/wp-content\/uploads\/2013\/11\/sandro-bruzzone-3.jpg\"><img data-recalc-dims=\"1\" loading=\"lazy\" decoding=\"async\" class=\" wp-image-40077 \" title=\"Sandro Bruzzone, director bi provincial de Conaf, manifest\u00f3 que la solicitud para talar bosque no ha sido evaluada todav\u00eda por el organismo que \u00e9l lidera.\" alt=\"Sandro Bruzzone, director bi provincial de Conaf, manifest\u00f3 que la solicitud para talar bosque no ha sido evaluada todav\u00eda por el organismo que \u00e9l lidera.\" src=\"https:\/\/i0.wp.com\/www.eltrabajo.cl\/portal\/wp-content\/uploads\/2013\/11\/sandro-bruzzone-3.jpg?resize=317%2C238\" width=\"317\" height=\"238\" srcset=\"https:\/\/i0.wp.com\/eltrabajo.cl\/portal\/wp-content\/uploads\/2013\/11\/sandro-bruzzone-3.jpg?w=528&amp;ssl=1 528w, https:\/\/i0.wp.com\/eltrabajo.cl\/portal\/wp-content\/uploads\/2013\/11\/sandro-bruzzone-3.jpg?resize=200%2C150&amp;ssl=1 200w, https:\/\/i0.wp.com\/eltrabajo.cl\/portal\/wp-content\/uploads\/2013\/11\/sandro-bruzzone-3.jpg?resize=300%2C225&amp;ssl=1 300w, https:\/\/i0.wp.com\/eltrabajo.cl\/portal\/wp-content\/uploads\/2013\/11\/sandro-bruzzone-3.jpg?resize=150%2C112&amp;ssl=1 150w, https:\/\/i0.wp.com\/eltrabajo.cl\/portal\/wp-content\/uploads\/2013\/11\/sandro-bruzzone-3.jpg?resize=400%2C300&amp;ssl=1 400w\" sizes=\"auto, (max-width: 317px) 100vw, 317px\" \/><\/a><figcaption id=\"caption-attachment-40077\" class=\"wp-caption-text\">Sandro Bruzzone, director bi provincial de Conaf, manifest\u00f3 que la solicitud para talar bosque no ha sido evaluada todav\u00eda por el organismo que \u00e9l lidera.<\/figcaption><\/figure>\n<p>Director Provincial de Conaf afirm\u00f3 que minera formul\u00f3 solicitud para llevar adelante esta acci\u00f3n y aunque no ha sido evaluada, al menos en el papel cumple los requisitos para ser aprobada.<\/p>\n<p>Fue a prop\u00f3sito de una informaci\u00f3n aparecida en Facebook, que indicaba sobre la tala de 48 hect\u00e1reas de bosque nativo en el sector correspondiente a Jahuel, donde se han instalado mineras, que encendi\u00f3 las luces de alarma de la Comunidad de Campo, as\u00ed como de toda la gente de la comuna de Santa Mar\u00eda.<\/p>\n<p>Si bien posteriormente se aclar\u00f3 que era solo 0,48 hect\u00e1reas las que pretend\u00edan ser taladas, la preocupaci\u00f3n permanece latente, ya que se trata de una solicitud de una de las empresas mineras que est\u00e1 apostada en el sector m\u00e1s alto de Jahuel, las que no pueden realizar otra cosa que exploraci\u00f3n minera y faenas mineras, ya que la extracci\u00f3n no ha sido autorizada.<\/p>\n<p>Seg\u00fan explic\u00f3 el asesor comunicacional de la Comunidad de Campo Jahuel, Roberto Mercado, tras conversar con el director provincial de Conaf, Sandro Bruzzone, se le explic\u00f3 que la tala de bosque no ha sido autorizada, por cuanto se debe revisar el sector y verificar las condiciones, recordando de paso que esta zona est\u00e1 a punto de ser declarada santuario de la naturaleza.<\/p>\n<p>\u201cAhora, si se comprueba que esto es bosque nativo, no se podr\u00eda hacer esta tala y no habr\u00eda manera que ellos siguieran trabajando. Pero lo que m\u00e1s molesta ahora, es que justamente la Familia Ortega, que es propietaria de la minera, que insiste en realizar faenas de este tipo, encontr\u00e1ndose muy cerca de las vertientes que surten de agua potable a las familias de Jahuel\u201d, se\u00f1al\u00f3 Roberto Mercado.<\/p>\n<p>Consultado si actualmente existen faenas mineras en Jahuel, dijo que no, a excepci\u00f3n de aquella llamada Farellones, que est\u00e1 en el l\u00edmite con Campos de Ahumada y que fue denunciada precisamente en ediciones pasadas de Diario El Trabajo.<\/p>\n<p>Respecto de la solicitud para talar bosque, que asegura Mercado es bosque nativo, manifest\u00f3 el director provincial de Conaf, Sandro Bruzzone, que este organismo le corresponde la revisi\u00f3n y evaluaci\u00f3n de los planes que se presentan, de acuerdo a la legislaci\u00f3n actual vigente. Esta evaluaci\u00f3n consiste en contrastar los antecedentes presentados en el documento t\u00e9cnico de la solicitud del titular de la concesi\u00f3n minera, con la realidad en terreno.<\/p>\n<p>\u201cSi los datos son reales, ver\u00eddicos y no contemplan riesgos ambientales, el plan de manejo puede ser aprobado. Adem\u00e1s debe comprobarse la legalidad de los antecedentes, vale decir, que el concesionario tenga la concesi\u00f3n establecida, que sean los representantes legales se\u00f1alados y que adem\u00e1s se encuentren en orden otros aspectos en caso que hubiera reforestaci\u00f3n, que trat\u00e1ndose del plan que se ha ingresado hoy d\u00eda, un plan de trabajo, no tiene obligaciones de reforestaci\u00f3n de acuerdo a la ley\u201d, explic\u00f3 el profesional.<\/p>\n<p>A\u00f1adi\u00f3 que \u201cse trata de una superficie de 0.48 hect\u00e1reas, y nos han indicado los estudios que habr\u00eda una aparente factibilidad de tener una aprobaci\u00f3n, aun cuando nosotros no hemos hecho a\u00fan la fiscalizaci\u00f3n ni la evaluaci\u00f3n, nuestro t\u00e9cnico a cargo no ha hecho la inspecci\u00f3n en terreno, y agradecemos a la comunidad de campo que facilite el acceso del funcionario de Conaf, para que realice esta labor\u201d.<\/p>\n<p>Conaf tiene que comprobar la presencia de una formaci\u00f3n xerof\u00edtica, que es lo que asegura el ingeniero forestal de la minera que est\u00e1 pidiendo la tala de esta media hect\u00e1rea de bosque.<\/p>\n<p>La Comunidad de Campo Jahuel en tanto, asegura que se trata de un bosque nativo.<\/p>\n<p>&nbsp;<\/p>\n","protected":false},"excerpt":{"rendered":"<p>Director Provincial de Conaf afirm\u00f3 que minera formul\u00f3 solicitud para llevar adelante esta acci\u00f3n y aunque no ha sido evaluada, al menos en el papel cumple los requisitos para ser aprobada. Fue&#8230;<\/p>\n","protected":false},"author":482,"featured_media":40077,"comment_status":"open","ping_status":"closed","sticky":false,"template":"","format":"standard","meta":{"advanced_seo_description":"","jetpack_seo_html_title":"","jetpack_seo_noindex":false,"_jetpack_memberships_contains_paid_content":false,"footnotes":""},"categories":[15],"tags":[],"class_list":["post-40076","post","type-post","status-publish","format-standard","has-post-thumbnail","hentry","category-comunidad"],"jetpack_featured_media_url":"https:\/\/i0.wp.com\/eltrabajo.cl\/portal\/wp-content\/uploads\/2013\/11\/sandro-bruzzone-3.jpg?fit=528%2C396&ssl=1","jetpack_sharing_enabled":true,"jetpack_likes_enabled":true,"jetpack-related-posts":[],"_links":{"self":[{"href":"https:\/\/eltrabajo.cl\/portal\/wp-json\/wp\/v2\/posts\/40076","targetHints":{"allow":["GET"]}}],"collection":[{"href":"https:\/\/eltrabajo.cl\/portal\/wp-json\/wp\/v2\/posts"}],"about":[{"href":"https:\/\/eltrabajo.cl\/portal\/wp-json\/wp\/v2\/types\/post"}],"author":[{"embeddable":true,"href":"https:\/\/eltrabajo.cl\/portal\/wp-json\/wp\/v2\/users\/482"}],"replies":[{"embeddable":true,"href":"https:\/\/eltrabajo.cl\/portal\/wp-json\/wp\/v2\/comments?post=40076"}],"version-history":[{"count":0,"href":"https:\/\/eltrabajo.cl\/portal\/wp-json\/wp\/v2\/posts\/40076\/revisions"}],"wp:featuredmedia":[{"embeddable":true,"href":"https:\/\/eltrabajo.cl\/portal\/wp-json\/wp\/v2\/media\/40077"}],"wp:attachment":[{"href":"https:\/\/eltrabajo.cl\/portal\/wp-json\/wp\/v2\/media?parent=40076"}],"wp:term":[{"taxonomy":"category","embeddable":true,"href":"https:\/\/eltrabajo.cl\/portal\/wp-json\/wp\/v2\/categories?post=40076"},{"taxonomy":"post_tag","embeddable":true,"href":"https:\/\/eltrabajo.cl\/portal\/wp-json\/wp\/v2\/tags?post=40076"}],"curies":[{"name":"wp","href":"https:\/\/api.w.org\/{rel}","templated":true}]}}