{"id":40079,"date":"2013-11-29T09:49:39","date_gmt":"2013-11-29T12:49:39","guid":{"rendered":"http:\/\/www.eltrabajo.cl\/portal\/?p=40079"},"modified":"2013-11-29T09:49:39","modified_gmt":"2013-11-29T12:49:39","slug":"pequenos-futbolistas-de-sector-el-asiento-brillaran-en-mejillones","status":"publish","type":"post","link":"https:\/\/eltrabajo.cl\/portal\/pequenos-futbolistas-de-sector-el-asiento-brillaran-en-mejillones\/","title":{"rendered":"Peque\u00f1os futbolistas de sector El Asiento brillar\u00e1n en Mejillones"},"content":{"rendered":"<figure id=\"attachment_40080\" aria-describedby=\"caption-attachment-40080\" style=\"width: 529px\" class=\"wp-caption alignnone\"><a href=\"https:\/\/i0.wp.com\/www.eltrabajo.cl\/portal\/wp-content\/uploads\/2013\/11\/asiento1.jpg\"><img data-recalc-dims=\"1\" loading=\"lazy\" decoding=\"async\" class=\"size-full wp-image-40080\" title=\"A VOLAR.- Esta es la Selecci\u00f3n Infantil del Club Deportivo El Asiento, quienes pronto volar\u00e1n muy lejos en busca de oportunidades deportivas para su futuro.\" alt=\"A VOLAR.- Esta es la Selecci\u00f3n Infantil del Club Deportivo El Asiento, quienes pronto volar\u00e1n muy lejos en busca de oportunidades deportivas para su futuro.\" src=\"https:\/\/i0.wp.com\/www.eltrabajo.cl\/portal\/wp-content\/uploads\/2013\/11\/asiento1.jpg?resize=529%2C316\" width=\"529\" height=\"316\" srcset=\"https:\/\/i0.wp.com\/eltrabajo.cl\/portal\/wp-content\/uploads\/2013\/11\/asiento1.jpg?w=529&amp;ssl=1 529w, https:\/\/i0.wp.com\/eltrabajo.cl\/portal\/wp-content\/uploads\/2013\/11\/asiento1.jpg?resize=200%2C119&amp;ssl=1 200w, https:\/\/i0.wp.com\/eltrabajo.cl\/portal\/wp-content\/uploads\/2013\/11\/asiento1.jpg?resize=300%2C179&amp;ssl=1 300w, https:\/\/i0.wp.com\/eltrabajo.cl\/portal\/wp-content\/uploads\/2013\/11\/asiento1.jpg?resize=150%2C89&amp;ssl=1 150w, https:\/\/i0.wp.com\/eltrabajo.cl\/portal\/wp-content\/uploads\/2013\/11\/asiento1.jpg?resize=400%2C238&amp;ssl=1 400w\" sizes=\"auto, (max-width: 529px) 100vw, 529px\" \/><\/a><figcaption id=\"caption-attachment-40080\" class=\"wp-caption-text\">A VOLAR.- Esta es la Selecci\u00f3n Infantil del Club Deportivo El Asiento, quienes pronto volar\u00e1n muy lejos en busca de oportunidades deportivas para su futuro.<\/figcaption><\/figure>\n<p>Nuevos aires de esperanza y alegr\u00eda juvenil se respiran en las filas del Club Juvenil Deportivo El Asiento, luego que 22 peque\u00f1itos fueran elegidos para realizar un viaje a la Regi\u00f3n de Antofagasta, propiamente a la ciudad de Mejillones, en donde disputar\u00e1n varios partidos con otros equipos de esa regi\u00f3n de Chile.<\/p>\n<figure id=\"attachment_40081\" aria-describedby=\"caption-attachment-40081\" style=\"width: 423px\" class=\"wp-caption alignright\"><a href=\"https:\/\/i0.wp.com\/www.eltrabajo.cl\/portal\/wp-content\/uploads\/2013\/11\/asiento3.jpg\"><img data-recalc-dims=\"1\" loading=\"lazy\" decoding=\"async\" class=\" wp-image-40081 \" title=\"COMO LOCOS.- Aqu\u00ed los vemos cuando ganaron un cuadrangular en Santiago hace unas semanas, ellos estaban como locos con este triunfo y quiz\u00e1 lo est\u00e9n m\u00e1s en unos meses con los que puedan conquistar.\" alt=\"COMO LOCOS.- Aqu\u00ed los vemos cuando ganaron un cuadrangular en Santiago hace unas semanas, ellos estaban como locos con este triunfo y quiz\u00e1 lo est\u00e9n m\u00e1s en unos meses con los que puedan conquistar.\" src=\"https:\/\/i0.wp.com\/www.eltrabajo.cl\/portal\/wp-content\/uploads\/2013\/11\/asiento3.jpg?resize=423%2C246\" width=\"423\" height=\"246\" srcset=\"https:\/\/i0.wp.com\/eltrabajo.cl\/portal\/wp-content\/uploads\/2013\/11\/asiento3.jpg?w=529&amp;ssl=1 529w, https:\/\/i0.wp.com\/eltrabajo.cl\/portal\/wp-content\/uploads\/2013\/11\/asiento3.jpg?resize=200%2C116&amp;ssl=1 200w, https:\/\/i0.wp.com\/eltrabajo.cl\/portal\/wp-content\/uploads\/2013\/11\/asiento3.jpg?resize=300%2C174&amp;ssl=1 300w, https:\/\/i0.wp.com\/eltrabajo.cl\/portal\/wp-content\/uploads\/2013\/11\/asiento3.jpg?resize=150%2C87&amp;ssl=1 150w, https:\/\/i0.wp.com\/eltrabajo.cl\/portal\/wp-content\/uploads\/2013\/11\/asiento3.jpg?resize=400%2C232&amp;ssl=1 400w\" sizes=\"auto, (max-width: 423px) 100vw, 423px\" \/><\/a><figcaption id=\"caption-attachment-40081\" class=\"wp-caption-text\">COMO LOCOS.- Aqu\u00ed los vemos cuando ganaron un cuadrangular en Santiago hace unas semanas, ellos estaban como locos con este triunfo y quiz\u00e1 lo est\u00e9n m\u00e1s en unos meses con los que puedan conquistar.<\/figcaption><\/figure>\n<p>Los recursos y la log\u00edstica para lograr esta traves\u00eda no llegaron al club sin la ayuda de los \u2018Padrinos\u2019 Jos\u00e9 Carvajal y Karen Olmedo, vecinos de El Asiento que desde hace unos siete meses decidieron asumir el reto de crear y sostener activo este grupo deportivo. Diario El Trabajo habl\u00f3 con Jos\u00e9 Carvajal para conocer detalles del viaje programado.<\/p>\n<figure id=\"attachment_40082\" aria-describedby=\"caption-attachment-40082\" style=\"width: 370px\" class=\"wp-caption alignleft\"><a href=\"https:\/\/i0.wp.com\/www.eltrabajo.cl\/portal\/wp-content\/uploads\/2013\/11\/padrinos1.jpg\"><img data-recalc-dims=\"1\" loading=\"lazy\" decoding=\"async\" class=\" wp-image-40082 \" title=\"PADRINOS.- Ellos Son parte del grupo de vecinos que est\u00e1n al frente de este proyecto deportivo en El Asiento. Jonathan Carvajal, Karen Olmedo y Jos\u00e9 Carvajal, muchos vecinos tambi\u00e9n apoyan, aunque no aparezcan en nuestra gr\u00e1fica.\" alt=\"PADRINOS.- Ellos Son parte del grupo de vecinos que est\u00e1n al frente de este proyecto deportivo en El Asiento. Jonathan Carvajal, Karen Olmedo y Jos\u00e9 Carvajal, muchos vecinos tambi\u00e9n apoyan, aunque no aparezcan en nuestra gr\u00e1fica.\" src=\"https:\/\/i0.wp.com\/www.eltrabajo.cl\/portal\/wp-content\/uploads\/2013\/11\/padrinos1.jpg?resize=370%2C260\" width=\"370\" height=\"260\" srcset=\"https:\/\/i0.wp.com\/eltrabajo.cl\/portal\/wp-content\/uploads\/2013\/11\/padrinos1.jpg?w=528&amp;ssl=1 528w, https:\/\/i0.wp.com\/eltrabajo.cl\/portal\/wp-content\/uploads\/2013\/11\/padrinos1.jpg?resize=200%2C140&amp;ssl=1 200w, https:\/\/i0.wp.com\/eltrabajo.cl\/portal\/wp-content\/uploads\/2013\/11\/padrinos1.jpg?resize=300%2C211&amp;ssl=1 300w, https:\/\/i0.wp.com\/eltrabajo.cl\/portal\/wp-content\/uploads\/2013\/11\/padrinos1.jpg?resize=150%2C105&amp;ssl=1 150w, https:\/\/i0.wp.com\/eltrabajo.cl\/portal\/wp-content\/uploads\/2013\/11\/padrinos1.jpg?resize=400%2C281&amp;ssl=1 400w\" sizes=\"auto, (max-width: 370px) 100vw, 370px\" \/><\/a><figcaption id=\"caption-attachment-40082\" class=\"wp-caption-text\">PADRINOS.- Ellos Son parte del grupo de vecinos que est\u00e1n al frente de este proyecto deportivo en El Asiento. Jonathan Carvajal, Karen Olmedo y Jos\u00e9 Carvajal, muchos vecinos tambi\u00e9n apoyan, aunque no aparezcan en nuestra gr\u00e1fica.<\/figcaption><\/figure>\n<p>\u00abEstaremos saliendo hacia Santiago el 19 de diciembre, el Alcalde Freire nos facilitar\u00e1 el debido transporte de ida y vuelta a la capital, mientras que nuestros boletos de avi\u00f3n son pagados por nosotros mismos, los apoderados y el dinero que le podamos aportar, ya que hicimos varios Bingos y rifas para reunir fondos\u00bb, coment\u00f3 Carvajal.<\/p>\n<p>Seg\u00fan indic\u00f3 este directivo, son dos profesionales los que est\u00e1n al frente de los entrenamientos de los peque\u00f1os, Joaqu\u00edn Salinas y Jonathan Carvajal, quienes gracias a que se logr\u00f3 tener iluminaci\u00f3n en la multicancha de la poblaci\u00f3n, pueden entrenar a los chicos los d\u00edas lunes y mi\u00e9rcoles de las 20:00 a las 22:00 horas, y los viernes de las 14:00 a las 19:00 horas. En estos entrenamientos tambi\u00e9n participan los m\u00e1s peque\u00f1itos, pues tambi\u00e9n se conform\u00f3 la Liga Infantil de El Asiento.<\/p>\n<figure id=\"attachment_40083\" aria-describedby=\"caption-attachment-40083\" style=\"width: 190px\" class=\"wp-caption alignleft\"><a href=\"https:\/\/i0.wp.com\/www.eltrabajo.cl\/portal\/wp-content\/uploads\/2013\/11\/javier-rojas.jpg\"><img data-recalc-dims=\"1\" loading=\"lazy\" decoding=\"async\" class=\" wp-image-40083  \" title=\"Javier Rojas, delantero de la Juvenil del Asiento.\" alt=\"Javier Rojas, delantero de la Juvenil del Asiento.\" src=\"https:\/\/i0.wp.com\/www.eltrabajo.cl\/portal\/wp-content\/uploads\/2013\/11\/javier-rojas.jpg?resize=190%2C188\" width=\"190\" height=\"188\" srcset=\"https:\/\/i0.wp.com\/eltrabajo.cl\/portal\/wp-content\/uploads\/2013\/11\/javier-rojas.jpg?w=529&amp;ssl=1 529w, https:\/\/i0.wp.com\/eltrabajo.cl\/portal\/wp-content\/uploads\/2013\/11\/javier-rojas.jpg?resize=152%2C150&amp;ssl=1 152w, https:\/\/i0.wp.com\/eltrabajo.cl\/portal\/wp-content\/uploads\/2013\/11\/javier-rojas.jpg?resize=300%2C296&amp;ssl=1 300w, https:\/\/i0.wp.com\/eltrabajo.cl\/portal\/wp-content\/uploads\/2013\/11\/javier-rojas.jpg?resize=150%2C148&amp;ssl=1 150w, https:\/\/i0.wp.com\/eltrabajo.cl\/portal\/wp-content\/uploads\/2013\/11\/javier-rojas.jpg?resize=400%2C394&amp;ssl=1 400w\" sizes=\"auto, (max-width: 190px) 100vw, 190px\" \/><\/a><figcaption id=\"caption-attachment-40083\" class=\"wp-caption-text\">Javier Rojas, delantero de la Juvenil del Asiento.<\/figcaption><\/figure>\n<p><strong>ROCE DEPORTIVO<\/strong><\/p>\n<p>\u00abEl Municipio de Mejillones nos recibir\u00e1 y facilitar\u00e1n transporte y hospedaje para todos, tambi\u00e9n habr\u00e1 alimentaci\u00f3n para nuestros ni\u00f1os, la idea es que ellos tengan desde ahora roce con otras ligas infantiles y juveniles, ya que ac\u00e1 en San Felipe el Un\u00ed pr\u00e1cticamente es una empresa privada, y poco inter\u00e9s vemos en cultivar a nuestras ligas menores\u00bb, agreg\u00f3 este \u2018Padrino\u2019.<\/p>\n<p>Los juveniles regresar\u00e1n a San Felipe el 15 de enero de 2014, cuentan con su propio uniforme y est\u00e1n como locos por montar en el avi\u00f3n que los llevar\u00e1n a la Segunda Regi\u00f3n de Chile.<\/p>\n<figure id=\"attachment_40084\" aria-describedby=\"caption-attachment-40084\" style=\"width: 190px\" class=\"wp-caption alignright\"><a href=\"https:\/\/i0.wp.com\/www.eltrabajo.cl\/portal\/wp-content\/uploads\/2013\/11\/jose-carvajal.jpg\"><img data-recalc-dims=\"1\" loading=\"lazy\" decoding=\"async\" class=\" wp-image-40084  \" title=\"Jos\u00e9 Carvajal, Padrino e impulsor del deporte infanto-juvenil de El Asiento.\" alt=\"Jos\u00e9 Carvajal, Padrino e impulsor del deporte infanto-juvenil de El Asiento.\" src=\"https:\/\/i0.wp.com\/www.eltrabajo.cl\/portal\/wp-content\/uploads\/2013\/11\/jose-carvajal.jpg?resize=190%2C143\" width=\"190\" height=\"143\" srcset=\"https:\/\/i0.wp.com\/eltrabajo.cl\/portal\/wp-content\/uploads\/2013\/11\/jose-carvajal.jpg?w=528&amp;ssl=1 528w, https:\/\/i0.wp.com\/eltrabajo.cl\/portal\/wp-content\/uploads\/2013\/11\/jose-carvajal.jpg?resize=200%2C150&amp;ssl=1 200w, https:\/\/i0.wp.com\/eltrabajo.cl\/portal\/wp-content\/uploads\/2013\/11\/jose-carvajal.jpg?resize=300%2C225&amp;ssl=1 300w, https:\/\/i0.wp.com\/eltrabajo.cl\/portal\/wp-content\/uploads\/2013\/11\/jose-carvajal.jpg?resize=150%2C112&amp;ssl=1 150w, https:\/\/i0.wp.com\/eltrabajo.cl\/portal\/wp-content\/uploads\/2013\/11\/jose-carvajal.jpg?resize=400%2C300&amp;ssl=1 400w\" sizes=\"auto, (max-width: 190px) 100vw, 190px\" \/><\/a><figcaption id=\"caption-attachment-40084\" class=\"wp-caption-text\">Jos\u00e9 Carvajal, Padrino e impulsor del deporte infanto-juvenil de El Asiento.<\/figcaption><\/figure>\n<p>\u00abTodos estamos muy alegres con esto que nos est\u00e1 pasando, es hist\u00f3rico para nosotros que nos est\u00e9n ayudando y organizando con nuestro club, esperamos pasarlo chancho durante este viaje\u00bb, coment\u00f3 a Diario El Trabajo Javier Rojas, delantero de la Juvenil de El Asiento.<\/p>\n<p>De acuerdo a lo informado por Carvajal, el s\u00e1bado 14 de diciembre se realizar\u00e1 un Bingo en la sede comunal a las 18:00 horas, esta actividad est\u00e1 programada para reunir m\u00e1s fondos para el viaje, tambi\u00e9n para que los que compren su boleto puedan ganarse los buenos premios que se estar\u00e1n dando como premio.<\/p>\n<p>Roberto Gonz\u00e1lez Short<\/p>\n<p>rgonzalez@eltrabajo.cl<\/p>\n<p>&nbsp;<\/p>\n","protected":false},"excerpt":{"rendered":"<p>Nuevos aires de esperanza y alegr\u00eda juvenil se respiran en las filas del Club Juvenil Deportivo El Asiento, luego que 22 peque\u00f1itos fueran elegidos para realizar un viaje a la Regi\u00f3n de&#8230;<\/p>\n","protected":false},"author":482,"featured_media":40080,"comment_status":"open","ping_status":"closed","sticky":false,"template":"","format":"standard","meta":{"advanced_seo_description":"","jetpack_seo_html_title":"","jetpack_seo_noindex":false,"_jetpack_memberships_contains_paid_content":false,"footnotes":""},"categories":[15],"tags":[],"class_list":["post-40079","post","type-post","status-publish","format-standard","has-post-thumbnail","hentry","category-comunidad"],"jetpack_featured_media_url":"https:\/\/i0.wp.com\/eltrabajo.cl\/portal\/wp-content\/uploads\/2013\/11\/asiento1.jpg?fit=529%2C316&ssl=1","jetpack_sharing_enabled":true,"jetpack_likes_enabled":true,"jetpack-related-posts":[],"_links":{"self":[{"href":"https:\/\/eltrabajo.cl\/portal\/wp-json\/wp\/v2\/posts\/40079","targetHints":{"allow":["GET"]}}],"collection":[{"href":"https:\/\/eltrabajo.cl\/portal\/wp-json\/wp\/v2\/posts"}],"about":[{"href":"https:\/\/eltrabajo.cl\/portal\/wp-json\/wp\/v2\/types\/post"}],"author":[{"embeddable":true,"href":"https:\/\/eltrabajo.cl\/portal\/wp-json\/wp\/v2\/users\/482"}],"replies":[{"embeddable":true,"href":"https:\/\/eltrabajo.cl\/portal\/wp-json\/wp\/v2\/comments?post=40079"}],"version-history":[{"count":0,"href":"https:\/\/eltrabajo.cl\/portal\/wp-json\/wp\/v2\/posts\/40079\/revisions"}],"wp:featuredmedia":[{"embeddable":true,"href":"https:\/\/eltrabajo.cl\/portal\/wp-json\/wp\/v2\/media\/40080"}],"wp:attachment":[{"href":"https:\/\/eltrabajo.cl\/portal\/wp-json\/wp\/v2\/media?parent=40079"}],"wp:term":[{"taxonomy":"category","embeddable":true,"href":"https:\/\/eltrabajo.cl\/portal\/wp-json\/wp\/v2\/categories?post=40079"},{"taxonomy":"post_tag","embeddable":true,"href":"https:\/\/eltrabajo.cl\/portal\/wp-json\/wp\/v2\/tags?post=40079"}],"curies":[{"name":"wp","href":"https:\/\/api.w.org\/{rel}","templated":true}]}}