{"id":40087,"date":"2013-11-29T09:50:54","date_gmt":"2013-11-29T12:50:54","guid":{"rendered":"http:\/\/www.eltrabajo.cl\/portal\/?p=40087"},"modified":"2013-11-29T09:50:54","modified_gmt":"2013-11-29T12:50:54","slug":"apoderados-se-toman-carretera-por-termino-de-educacion-basica-en-el-escorial","status":"publish","type":"post","link":"https:\/\/eltrabajo.cl\/portal\/apoderados-se-toman-carretera-por-termino-de-educacion-basica-en-el-escorial\/","title":{"rendered":"Apoderados se toman carretera por t\u00e9rmino de educaci\u00f3n b\u00e1sica en El Escorial"},"content":{"rendered":"<figure id=\"attachment_40088\" aria-describedby=\"caption-attachment-40088\" style=\"width: 529px\" class=\"wp-caption alignnone\"><a href=\"https:\/\/i0.wp.com\/www.eltrabajo.cl\/portal\/wp-content\/uploads\/2013\/11\/escorial1.jpg\"><img data-recalc-dims=\"1\" loading=\"lazy\" decoding=\"async\" class=\"size-full wp-image-40088\" title=\"La implementaci\u00f3n de la ense\u00f1anza t\u00e9cnico profesional, que derivar\u00e1 en la eliminaci\u00f3n de la educaci\u00f3n b\u00e1sica en la Escuela de El Escorial, ha causado rechazo entre los apoderados.\" alt=\"La implementaci\u00f3n de la ense\u00f1anza t\u00e9cnico profesional, que derivar\u00e1 en la eliminaci\u00f3n de la educaci\u00f3n b\u00e1sica en la Escuela de El Escorial, ha causado rechazo entre los apoderados.\" src=\"https:\/\/i0.wp.com\/www.eltrabajo.cl\/portal\/wp-content\/uploads\/2013\/11\/escorial1.jpg?resize=529%2C397\" width=\"529\" height=\"397\" srcset=\"https:\/\/i0.wp.com\/eltrabajo.cl\/portal\/wp-content\/uploads\/2013\/11\/escorial1.jpg?w=529&amp;ssl=1 529w, https:\/\/i0.wp.com\/eltrabajo.cl\/portal\/wp-content\/uploads\/2013\/11\/escorial1.jpg?resize=200%2C150&amp;ssl=1 200w, https:\/\/i0.wp.com\/eltrabajo.cl\/portal\/wp-content\/uploads\/2013\/11\/escorial1.jpg?resize=300%2C225&amp;ssl=1 300w, https:\/\/i0.wp.com\/eltrabajo.cl\/portal\/wp-content\/uploads\/2013\/11\/escorial1.jpg?resize=150%2C112&amp;ssl=1 150w, https:\/\/i0.wp.com\/eltrabajo.cl\/portal\/wp-content\/uploads\/2013\/11\/escorial1.jpg?resize=400%2C300&amp;ssl=1 400w\" sizes=\"auto, (max-width: 529px) 100vw, 529px\" \/><\/a><figcaption id=\"caption-attachment-40088\" class=\"wp-caption-text\">La implementaci\u00f3n de la ense\u00f1anza t\u00e9cnico profesional, que derivar\u00e1 en la eliminaci\u00f3n de la educaci\u00f3n b\u00e1sica en la Escuela de El Escorial, ha causado rechazo entre los apoderados.<\/figcaption><\/figure>\n<p>Pasadas las 22.30 horas del mi\u00e9rcoles, un grupo de vecinos y apoderados de la Escuela El Escorial, decidi\u00f3 tomarse parcialmente la Ruta 60 CH, a la altura del kilometro 24, como una manera de manifestar su molestia por la medida municipal de terminar con la educaci\u00f3n b\u00e1sica en la Escuela El Escorial e implementar ah\u00ed la ense\u00f1anza t\u00e9cnico profesional para terceros y cuartos medios del Liceo Panquehue.<\/p>\n<p>Tal como hemos informado, esta decisi\u00f3n fue adoptada \u2013seg\u00fan dijo el alcalde- tras un estudio encomendado a la UC Valpara\u00edso, en tanto que la baja matr\u00edcula del establecimiento en cuesti\u00f3n, llev\u00f3 a determinar que para potenciarlo se pod\u00eda implementar ah\u00ed la ense\u00f1anza t\u00e9cnica de los alumnos del liceo, ofreci\u00e9ndoles a los apoderados matr\u00edcula en otros colegios municipales de la comuna, garantiz\u00e1ndoles la locomoci\u00f3n y asegurando que los profesores y directora no ser\u00e1n despedidos.<\/p>\n<p>Se esperaba que el mi\u00e9rcoles el alcalde Luis Pradenas se reuniera con los apoderados y comunidad escolar de El Escorial, no obstante esto no ocurri\u00f3 ya que el edil acudi\u00f3 a la ceremonia de licenciatura de los cuartos medios del Liceo Panquehue.<\/p>\n<p>Molestos ante esta suspensi\u00f3n de la reuni\u00f3n, pero ante todo, indignados por la medida que para ellos representa el t\u00e9rmino de la Escuela El Escorial, los apoderados llegaron a protestar a la ruta 60 CH, instalando barricadas y dificultando el tr\u00e1nsito vehicular.<\/p>\n<p>En coordinaci\u00f3n con la gobernadora provincial, Carabineros se constituy\u00f3 en el lugar y mantuvo permanente di\u00e1logo con los manifestantes, logrando a eso de la medianoche que la ruta fuese despejada y disuelto el grupo de personas que ah\u00ed se hab\u00eda reunido.<\/p>\n<p>Sin embargo, una hora despu\u00e9s, un grupo de alrededor de 15 j\u00f3venes lleg\u00f3 al lugar, donde permanec\u00eda Carabineros, instalando nuevas barricadas y lanzando piedras de manera constante al personal policial.<\/p>\n<p>Seg\u00fan inform\u00f3 el comisario (s) de Carabineros de San Felipe, capit\u00e1n Alfredo Castillo, debido a los ataques y la conducta en extremo violenta de este grupo de j\u00f3venes, en circunstancias que se proced\u00eda a retirar la barricada, se utiliz\u00f3 un cartucho calibre 37 de largo alcance, lo que produjo que los individuos se retiraran del lugar, sin registrarse personal lesionado, como tampoco detenidos.<\/p>\n<p>Carabineros dispuso los correspondientes desv\u00edos de tr\u00e1nsito en un camino aleda\u00f1o a la ruta, lo que produjo una congesti\u00f3n de veh\u00edculos menores, as\u00ed como camiones de carga. Seg\u00fan consign\u00f3 CLL Televisi\u00f3n en su cuenta de twitter, en el taco hab\u00eda incluso tres microbuses Puma, con pasajeros en su interior, que debieron permanecer por bastante rato en espera de la reapertura de la ruta.<\/p>\n<p>&nbsp;<\/p>\n","protected":false},"excerpt":{"rendered":"<p>Pasadas las 22.30 horas del mi\u00e9rcoles, un grupo de vecinos y apoderados de la Escuela El Escorial, decidi\u00f3 tomarse parcialmente la Ruta 60 CH, a la altura del kilometro 24, como una&#8230;<\/p>\n","protected":false},"author":482,"featured_media":40088,"comment_status":"open","ping_status":"closed","sticky":false,"template":"","format":"standard","meta":{"advanced_seo_description":"","jetpack_seo_html_title":"","jetpack_seo_noindex":false,"_jetpack_memberships_contains_paid_content":false,"footnotes":""},"categories":[1],"tags":[],"class_list":["post-40087","post","type-post","status-publish","format-standard","has-post-thumbnail","hentry","category-cronica"],"jetpack_featured_media_url":"https:\/\/i0.wp.com\/eltrabajo.cl\/portal\/wp-content\/uploads\/2013\/11\/escorial1.jpg?fit=529%2C397&ssl=1","jetpack_sharing_enabled":true,"jetpack_likes_enabled":true,"jetpack-related-posts":[],"_links":{"self":[{"href":"https:\/\/eltrabajo.cl\/portal\/wp-json\/wp\/v2\/posts\/40087","targetHints":{"allow":["GET"]}}],"collection":[{"href":"https:\/\/eltrabajo.cl\/portal\/wp-json\/wp\/v2\/posts"}],"about":[{"href":"https:\/\/eltrabajo.cl\/portal\/wp-json\/wp\/v2\/types\/post"}],"author":[{"embeddable":true,"href":"https:\/\/eltrabajo.cl\/portal\/wp-json\/wp\/v2\/users\/482"}],"replies":[{"embeddable":true,"href":"https:\/\/eltrabajo.cl\/portal\/wp-json\/wp\/v2\/comments?post=40087"}],"version-history":[{"count":0,"href":"https:\/\/eltrabajo.cl\/portal\/wp-json\/wp\/v2\/posts\/40087\/revisions"}],"wp:featuredmedia":[{"embeddable":true,"href":"https:\/\/eltrabajo.cl\/portal\/wp-json\/wp\/v2\/media\/40088"}],"wp:attachment":[{"href":"https:\/\/eltrabajo.cl\/portal\/wp-json\/wp\/v2\/media?parent=40087"}],"wp:term":[{"taxonomy":"category","embeddable":true,"href":"https:\/\/eltrabajo.cl\/portal\/wp-json\/wp\/v2\/categories?post=40087"},{"taxonomy":"post_tag","embeddable":true,"href":"https:\/\/eltrabajo.cl\/portal\/wp-json\/wp\/v2\/tags?post=40087"}],"curies":[{"name":"wp","href":"https:\/\/api.w.org\/{rel}","templated":true}]}}