{"id":40090,"date":"2013-11-29T09:51:55","date_gmt":"2013-11-29T12:51:55","guid":{"rendered":"http:\/\/www.eltrabajo.cl\/portal\/?p=40090"},"modified":"2013-11-29T09:51:55","modified_gmt":"2013-11-29T12:51:55","slug":"concejal-muena-pide-fiscalizar-faenas-de-extraccion-de-aridos","status":"publish","type":"post","link":"https:\/\/eltrabajo.cl\/portal\/concejal-muena-pide-fiscalizar-faenas-de-extraccion-de-aridos\/","title":{"rendered":"Concejal Muena pide fiscalizar faenas de extracci\u00f3n de \u00e1ridos"},"content":{"rendered":"<figure id=\"attachment_40091\" aria-describedby=\"caption-attachment-40091\" style=\"width: 317px\" class=\"wp-caption alignleft\"><a href=\"https:\/\/i0.wp.com\/www.eltrabajo.cl\/portal\/wp-content\/uploads\/2013\/11\/basilio-muena1.jpg\"><img data-recalc-dims=\"1\" loading=\"lazy\" decoding=\"async\" class=\" wp-image-40091 \" title=\"Basilio Muena, concejal DC, est\u00e1 exigiendo una exhaustiva fiscalizaci\u00f3n a las faenas de extracci\u00f3n de \u00e1ridos.\" alt=\"Basilio Muena, concejal DC, est\u00e1 exigiendo una exhaustiva fiscalizaci\u00f3n a las faenas de extracci\u00f3n de \u00e1ridos.\" src=\"https:\/\/i0.wp.com\/www.eltrabajo.cl\/portal\/wp-content\/uploads\/2013\/11\/basilio-muena1.jpg?resize=317%2C238\" width=\"317\" height=\"238\" srcset=\"https:\/\/i0.wp.com\/eltrabajo.cl\/portal\/wp-content\/uploads\/2013\/11\/basilio-muena1.jpg?w=528&amp;ssl=1 528w, https:\/\/i0.wp.com\/eltrabajo.cl\/portal\/wp-content\/uploads\/2013\/11\/basilio-muena1.jpg?resize=200%2C150&amp;ssl=1 200w, https:\/\/i0.wp.com\/eltrabajo.cl\/portal\/wp-content\/uploads\/2013\/11\/basilio-muena1.jpg?resize=300%2C225&amp;ssl=1 300w, https:\/\/i0.wp.com\/eltrabajo.cl\/portal\/wp-content\/uploads\/2013\/11\/basilio-muena1.jpg?resize=150%2C112&amp;ssl=1 150w, https:\/\/i0.wp.com\/eltrabajo.cl\/portal\/wp-content\/uploads\/2013\/11\/basilio-muena1.jpg?resize=400%2C300&amp;ssl=1 400w\" sizes=\"auto, (max-width: 317px) 100vw, 317px\" \/><\/a><figcaption id=\"caption-attachment-40091\" class=\"wp-caption-text\">Basilio Muena, concejal DC, est\u00e1 exigiendo una exhaustiva fiscalizaci\u00f3n a las faenas de extracci\u00f3n de \u00e1ridos.<\/figcaption><\/figure>\n<ul>\n<li><strong>Se\u00f1al\u00f3 que se estar\u00eda arrojando agua al R\u00edo, desconoci\u00e9ndose en qu\u00e9 estado.<\/strong><\/li>\n<\/ul>\n<p>Una exhaustiva fiscalizaci\u00f3n a las faenas de extracci\u00f3n de \u00e1ridos en la ribera norte del R\u00edo Aconcagua, est\u00e1 solicitando el concejal Basilio Muena, quien se mostr\u00f3 preocupado por esta actividad, que seg\u00fan asegur\u00f3 se est\u00e1 desarrollando de manera indiscriminada y, tal como dijo hace algunos d\u00edas la gobernadora Patricia Boffa, \u201cexisten verdaderos socavones en el r\u00edo\u201d.<\/p>\n<p>El concejal Muena manifest\u00f3 que tambi\u00e9n es resorte municipal el tema de la fiscalizaci\u00f3n, no obstante reconoci\u00f3 que la corporaci\u00f3n edilicia no cuenta con todas las competencias t\u00e9cnicas que permitan establecer situaciones espec\u00edficas, que van m\u00e1s all\u00e1 de contar el n\u00famero de camionadas de \u00e1ridos que salen y verificar si coinciden con lo autorizado por la municipalidad.<\/p>\n<p>\u201cHice una visita con otro concejal y debo manifestar mi sorpresa y asombro, por la existencia de verdaderos socavones en el R\u00edo Aconcagua, por lo que he realizado alguna gestiones, como fue hacer presente esto en el Concejo Municipal. Record\u00e9moslo, el municipio es el encargado de fiscalizar, no obstante aquello, envi\u00e9 algunas cartas en mi calidad de vecino, a servicios p\u00fablicos tales como la Autoridad Sanitaria, para que se pueda pronunciar\u201d, se\u00f1al\u00f3 Basilio Muena.<\/p>\n<p>La misiva a la Seremi de Salud Aconcagua, obedece al hecho que, en su visita, el concejal DC detect\u00f3 que se estaba arrojando agua de las faenas de estas empresas al R\u00edo Aconcagua, desconoci\u00e9ndose si ello representa alg\u00fan riesgo.<\/p>\n<p>\u201cSe est\u00e1 arrojando agua al r\u00edo, luego de ser utilizada en algunos procesos, yo desconozco qu\u00e9 procesos son, y si esta agua puede estar contaminando las napas subterr\u00e1neas. Yo no soy experto, pero es importante verificar este tipo de situaciones, para tranquilidad de la gente, pero tambi\u00e9n para corroborar que no hay temas irregulares en estos procesos\u201d, manifest\u00f3 el concejal.<\/p>\n<p>De ah\u00ed que indic\u00f3 la necesidad de articular entre el municipio, la gobernaci\u00f3n provincial y servicios p\u00fablicos, una fiscalizaci\u00f3n exhaustiva para corroborar que se est\u00e1 cumpliendo la normativa, descartar un posible da\u00f1o ecol\u00f3gico y verificar si estas empresas est\u00e1n ejecutando los proyectos iniciales, cuando se les entreg\u00f3 el permiso para estas faenas.<\/p>\n<p>\u201cCreo, es mi opini\u00f3n muy personal y espero que se pueda revisar en terreno, que los proyectos iniciales que ellos presentaron, est\u00e1n muy alejados de lo que hoy est\u00e1n haciendo, a juzgar por el panorama del R\u00edo Aconcagua, por lo tanto tenemos que hacer esa fiscalizaci\u00f3n, aunar criterios con los servicios p\u00fablicos, para poder desarrollar un trabajo efectivo en ese lugar\u201d, sentenci\u00f3 el concejal.<\/p>\n<p>Cabe consignar que hace poco m\u00e1s de una semana, la gobernadora ofici\u00f3 a las direcciones regionales de Obras Hidr\u00e1ulicas y General de Aguas, as\u00ed como al Seremi de Obras P\u00fablicas e Intendente, que se realice una fiscalizaci\u00f3n de manera conjunta, ya que incluso se presume que podr\u00eda existir algunas faenas ilegales a lo largo de la ribera del R\u00edo Aconcagua.<\/p>\n<p>&nbsp;<\/p>\n","protected":false},"excerpt":{"rendered":"<p>Se\u00f1al\u00f3 que se estar\u00eda arrojando agua al R\u00edo, desconoci\u00e9ndose en qu\u00e9 estado. Una exhaustiva fiscalizaci\u00f3n a las faenas de extracci\u00f3n de \u00e1ridos en la ribera norte del R\u00edo Aconcagua, est\u00e1 solicitando el&#8230;<\/p>\n","protected":false},"author":482,"featured_media":40091,"comment_status":"open","ping_status":"closed","sticky":false,"template":"","format":"standard","meta":{"advanced_seo_description":"","jetpack_seo_html_title":"","jetpack_seo_noindex":false,"_jetpack_memberships_contains_paid_content":false,"footnotes":""},"categories":[1],"tags":[],"class_list":["post-40090","post","type-post","status-publish","format-standard","has-post-thumbnail","hentry","category-cronica"],"jetpack_featured_media_url":"https:\/\/i0.wp.com\/eltrabajo.cl\/portal\/wp-content\/uploads\/2013\/11\/basilio-muena1.jpg?fit=528%2C396&ssl=1","jetpack_sharing_enabled":true,"jetpack_likes_enabled":true,"jetpack-related-posts":[],"_links":{"self":[{"href":"https:\/\/eltrabajo.cl\/portal\/wp-json\/wp\/v2\/posts\/40090","targetHints":{"allow":["GET"]}}],"collection":[{"href":"https:\/\/eltrabajo.cl\/portal\/wp-json\/wp\/v2\/posts"}],"about":[{"href":"https:\/\/eltrabajo.cl\/portal\/wp-json\/wp\/v2\/types\/post"}],"author":[{"embeddable":true,"href":"https:\/\/eltrabajo.cl\/portal\/wp-json\/wp\/v2\/users\/482"}],"replies":[{"embeddable":true,"href":"https:\/\/eltrabajo.cl\/portal\/wp-json\/wp\/v2\/comments?post=40090"}],"version-history":[{"count":0,"href":"https:\/\/eltrabajo.cl\/portal\/wp-json\/wp\/v2\/posts\/40090\/revisions"}],"wp:featuredmedia":[{"embeddable":true,"href":"https:\/\/eltrabajo.cl\/portal\/wp-json\/wp\/v2\/media\/40091"}],"wp:attachment":[{"href":"https:\/\/eltrabajo.cl\/portal\/wp-json\/wp\/v2\/media?parent=40090"}],"wp:term":[{"taxonomy":"category","embeddable":true,"href":"https:\/\/eltrabajo.cl\/portal\/wp-json\/wp\/v2\/categories?post=40090"},{"taxonomy":"post_tag","embeddable":true,"href":"https:\/\/eltrabajo.cl\/portal\/wp-json\/wp\/v2\/tags?post=40090"}],"curies":[{"name":"wp","href":"https:\/\/api.w.org\/{rel}","templated":true}]}}