{"id":40093,"date":"2013-11-29T09:53:02","date_gmt":"2013-11-29T12:53:02","guid":{"rendered":"http:\/\/www.eltrabajo.cl\/portal\/?p=40093"},"modified":"2013-11-29T09:53:02","modified_gmt":"2013-11-29T12:53:02","slug":"partieron-trabajos-de-pavimentacion-en-calle-san-francisco-de-curimon","status":"publish","type":"post","link":"https:\/\/eltrabajo.cl\/portal\/partieron-trabajos-de-pavimentacion-en-calle-san-francisco-de-curimon\/","title":{"rendered":"Partieron trabajos de pavimentaci\u00f3n en calle San Francisco de Curim\u00f3n"},"content":{"rendered":"<figure id=\"attachment_40094\" aria-describedby=\"caption-attachment-40094\" style=\"width: 529px\" class=\"wp-caption alignnone\"><a href=\"https:\/\/i0.wp.com\/www.eltrabajo.cl\/portal\/wp-content\/uploads\/2013\/11\/trabajos-calle-san-francisco.jpg\"><img data-recalc-dims=\"1\" loading=\"lazy\" decoding=\"async\" class=\"size-full wp-image-40094\" title=\"El Alcalde Patricio Freire se traslad\u00f3 hasta la calle San Francisco de Curim\u00f3n para conocer el inicio de las obras en ese sector.\" alt=\"El Alcalde Patricio Freire se traslad\u00f3 hasta la calle San Francisco de Curim\u00f3n para conocer el inicio de las obras en ese sector.\" src=\"https:\/\/i0.wp.com\/www.eltrabajo.cl\/portal\/wp-content\/uploads\/2013\/11\/trabajos-calle-san-francisco.jpg?resize=529%2C355\" width=\"529\" height=\"355\" srcset=\"https:\/\/i0.wp.com\/eltrabajo.cl\/portal\/wp-content\/uploads\/2013\/11\/trabajos-calle-san-francisco.jpg?w=529&amp;ssl=1 529w, https:\/\/i0.wp.com\/eltrabajo.cl\/portal\/wp-content\/uploads\/2013\/11\/trabajos-calle-san-francisco.jpg?resize=200%2C134&amp;ssl=1 200w, https:\/\/i0.wp.com\/eltrabajo.cl\/portal\/wp-content\/uploads\/2013\/11\/trabajos-calle-san-francisco.jpg?resize=300%2C201&amp;ssl=1 300w, https:\/\/i0.wp.com\/eltrabajo.cl\/portal\/wp-content\/uploads\/2013\/11\/trabajos-calle-san-francisco.jpg?resize=150%2C100&amp;ssl=1 150w, https:\/\/i0.wp.com\/eltrabajo.cl\/portal\/wp-content\/uploads\/2013\/11\/trabajos-calle-san-francisco.jpg?resize=400%2C268&amp;ssl=1 400w\" sizes=\"auto, (max-width: 529px) 100vw, 529px\" \/><\/a><figcaption id=\"caption-attachment-40094\" class=\"wp-caption-text\">El Alcalde Patricio Freire se traslad\u00f3 hasta la calle San Francisco de Curim\u00f3n para conocer el inicio de las obras en ese sector.<\/figcaption><\/figure>\n<p>Esta semana comenzaron los trabajos de pavimentaci\u00f3n de la calle San Francisco en Curim\u00f3n, un proyecto muy esperado por la comunidad y que mejorar\u00e1 la calidad de vida de los vecinos de este sector.<\/p>\n<p>El Alcalde Patricio Freire se traslad\u00f3 hasta ese lugar para ver en terreno el avance de las obras, reuni\u00e9ndose con los vecinos y los encargados de los trabajos.<\/p>\n<p>\u201cContento por el comienzo de estas obras, que van a significar para el sector de Curim\u00f3n un gran desarrollo\u201d, dijo el jefe comunal.<\/p>\n<p>Ah\u00ed pudo observar que las obras ya comenzaron a ejecutarse y contemplan una pavimentaci\u00f3n en hormig\u00f3n, de mejor calidad y con el espesor necesario para soportar el paso de los camiones que transitan por este sector.<\/p>\n<p>La obra contempla 535 metros lineales de pavimentaci\u00f3n, los atraviesos y la evacuaci\u00f3n de aguas lluvias, cuya inversi\u00f3n alcanza a los 187 millones de pesos, producto de los aportes del FNDR.<\/p>\n<p>Adem\u00e1s se tiene contemplada la contrataci\u00f3n de un inspector t\u00e9cnico externo a la inspecci\u00f3n que tiene la Direcci\u00f3n de Obras Municipales, lo cual permite que la calidad de los trabajos que se est\u00e1n haciendo sea la mejor.<\/p>\n<p>Las obras se ejecutar\u00e1n en 75 d\u00edas, por lo que a fines del mes de enero se espera que los trabajos queden concluidos y Curim\u00f3n pueda contar con una calle con los mejores est\u00e1ndares, con una vida \u00fatil de 20 a\u00f1os.<\/p>\n<p>El Alcalde adem\u00e1s se\u00f1al\u00f3 que algunos metros de veredas no eran parte del proyecto original, y muchas de ellas se encuentran en bastante mal estado y al no estar en el dise\u00f1o inicial, no ser\u00edan cambiadas. Ante ese escenario, el Alcalde anunci\u00f3 la presentaci\u00f3n de un proyecto al Fondo de mejoramiento urbano para el pr\u00f3ximo a\u00f1o, que ser\u00e1 presentado a la Subdere para arreglar las veredas que no sean contempladas en esta etapa.<\/p>\n<p>Pierina Rivillo, presidenta de la junta de vecinos Curim\u00f3n Centro, se mostr\u00f3 muy contenta ante el inicio de las obras, luego de esperar bastante tiempo para su ejecuci\u00f3n.<\/p>\n<p>\u201cEsperamos mucho tiempo, esta obra es esperada por los vecinos, va a ser una calle formidable y esperando que salgan los proyectos para mejorar veredas, para postular el pr\u00f3ximo a\u00f1o, y muy contentos y agradecer todos los adelantos que se han hecho en Curim\u00f3n como son tambi\u00e9n las luminarias en la calle principal\u201d, dijo la dirigente.<\/p>\n<p>&nbsp;<\/p>\n","protected":false},"excerpt":{"rendered":"<p>Esta semana comenzaron los trabajos de pavimentaci\u00f3n de la calle San Francisco en Curim\u00f3n, un proyecto muy esperado por la comunidad y que mejorar\u00e1 la calidad de vida de los vecinos de&#8230;<\/p>\n","protected":false},"author":482,"featured_media":40094,"comment_status":"open","ping_status":"closed","sticky":false,"template":"","format":"standard","meta":{"advanced_seo_description":"","jetpack_seo_html_title":"","jetpack_seo_noindex":false,"_jetpack_memberships_contains_paid_content":false,"footnotes":""},"categories":[1],"tags":[],"class_list":["post-40093","post","type-post","status-publish","format-standard","has-post-thumbnail","hentry","category-cronica"],"jetpack_featured_media_url":"https:\/\/i0.wp.com\/eltrabajo.cl\/portal\/wp-content\/uploads\/2013\/11\/trabajos-calle-san-francisco.jpg?fit=529%2C355&ssl=1","jetpack_sharing_enabled":true,"jetpack_likes_enabled":true,"jetpack-related-posts":[],"_links":{"self":[{"href":"https:\/\/eltrabajo.cl\/portal\/wp-json\/wp\/v2\/posts\/40093","targetHints":{"allow":["GET"]}}],"collection":[{"href":"https:\/\/eltrabajo.cl\/portal\/wp-json\/wp\/v2\/posts"}],"about":[{"href":"https:\/\/eltrabajo.cl\/portal\/wp-json\/wp\/v2\/types\/post"}],"author":[{"embeddable":true,"href":"https:\/\/eltrabajo.cl\/portal\/wp-json\/wp\/v2\/users\/482"}],"replies":[{"embeddable":true,"href":"https:\/\/eltrabajo.cl\/portal\/wp-json\/wp\/v2\/comments?post=40093"}],"version-history":[{"count":0,"href":"https:\/\/eltrabajo.cl\/portal\/wp-json\/wp\/v2\/posts\/40093\/revisions"}],"wp:featuredmedia":[{"embeddable":true,"href":"https:\/\/eltrabajo.cl\/portal\/wp-json\/wp\/v2\/media\/40094"}],"wp:attachment":[{"href":"https:\/\/eltrabajo.cl\/portal\/wp-json\/wp\/v2\/media?parent=40093"}],"wp:term":[{"taxonomy":"category","embeddable":true,"href":"https:\/\/eltrabajo.cl\/portal\/wp-json\/wp\/v2\/categories?post=40093"},{"taxonomy":"post_tag","embeddable":true,"href":"https:\/\/eltrabajo.cl\/portal\/wp-json\/wp\/v2\/tags?post=40093"}],"curies":[{"name":"wp","href":"https:\/\/api.w.org\/{rel}","templated":true}]}}