{"id":40096,"date":"2013-11-29T09:54:05","date_gmt":"2013-11-29T12:54:05","guid":{"rendered":"http:\/\/www.eltrabajo.cl\/portal\/?p=40096"},"modified":"2013-11-29T09:54:05","modified_gmt":"2013-11-29T12:54:05","slug":"en-dos-semanas-cierran-recepcion-de-proyectos-a-fondos-fib","status":"publish","type":"post","link":"https:\/\/eltrabajo.cl\/portal\/en-dos-semanas-cierran-recepcion-de-proyectos-a-fondos-fib\/","title":{"rendered":"En dos semanas cierran recepci\u00f3n de proyectos a Fondos FIB"},"content":{"rendered":"<figure id=\"attachment_40097\" aria-describedby=\"caption-attachment-40097\" style=\"width: 317px\" class=\"wp-caption alignleft\"><a href=\"https:\/\/i0.wp.com\/www.eltrabajo.cl\/portal\/wp-content\/uploads\/2013\/11\/pablo-silva.jpg\"><img data-recalc-dims=\"1\" loading=\"lazy\" decoding=\"async\" class=\" wp-image-40097 \" title=\"Pablo Silva, director de Desarrollo Comunitario de la Municipalidad de San Felipe.\" alt=\"Pablo Silva, director de Desarrollo Comunitario de la Municipalidad de San Felipe.\" src=\"https:\/\/i0.wp.com\/www.eltrabajo.cl\/portal\/wp-content\/uploads\/2013\/11\/pablo-silva.jpg?resize=317%2C238\" width=\"317\" height=\"238\" srcset=\"https:\/\/i0.wp.com\/eltrabajo.cl\/portal\/wp-content\/uploads\/2013\/11\/pablo-silva.jpg?w=528&amp;ssl=1 528w, https:\/\/i0.wp.com\/eltrabajo.cl\/portal\/wp-content\/uploads\/2013\/11\/pablo-silva.jpg?resize=200%2C150&amp;ssl=1 200w, https:\/\/i0.wp.com\/eltrabajo.cl\/portal\/wp-content\/uploads\/2013\/11\/pablo-silva.jpg?resize=300%2C225&amp;ssl=1 300w, https:\/\/i0.wp.com\/eltrabajo.cl\/portal\/wp-content\/uploads\/2013\/11\/pablo-silva.jpg?resize=150%2C112&amp;ssl=1 150w, https:\/\/i0.wp.com\/eltrabajo.cl\/portal\/wp-content\/uploads\/2013\/11\/pablo-silva.jpg?resize=400%2C300&amp;ssl=1 400w\" sizes=\"auto, (max-width: 317px) 100vw, 317px\" \/><\/a><figcaption id=\"caption-attachment-40097\" class=\"wp-caption-text\">Pablo Silva, director de Desarrollo Comunitario de la Municipalidad de San Felipe.<\/figcaption><\/figure>\n<p>Para la segunda semana de diciembre se espera que finalice el plazo de recepci\u00f3n de proyectos para el Fondo de Iniciativas Barriales, FIB, que promueve la municipalidad de San Felipe.<\/p>\n<p>As\u00ed lo dio a conocer el director de Desarrollo Comunitario, Pablo Silva, quien se\u00f1al\u00f3 que hasta la fecha se han recibido cerca de 50 proyectos de distintas unidades vecinales y organizaciones de la comuna, y se espera que en estas dos semanas que restan para cerrar el plazo de recepci\u00f3n, lleguen varios m\u00e1s, de los cuales se pretende favorecer a un total de 40.<\/p>\n<p>\u201cEl FIB ha tenido bastante \u00e9xito y a ra\u00edz de la contingencia nacional, del paro de los funcionarios municipales, tuvimos que extender el plazo de recepci\u00f3n, por lo que haremos la evaluaci\u00f3n de los proyectos entre mediados de enero y febrero, para dar a conocer en marzo los resultados de las organizaciones favorecidas, as\u00ed como los recursos correspondientes\u201d, se\u00f1al\u00f3 Pablo Silva.<\/p>\n<p>Consultado por qu\u00e9 se decidi\u00f3 aplazar hasta el pr\u00f3ximo a\u00f1o la entrega de resultados, dijo que resultaba pr\u00e1cticamente imposible en un mes (diciembre) realizar la selecci\u00f3n, entrega de recursos, ejecuci\u00f3n y rendici\u00f3n de los proyectos, ya que existen procedimientos que establece la Contralor\u00eda, que los recursos municipales invertidos en el a\u00f1o, deben rendirse ese mismo a\u00f1o.<\/p>\n<p>\u201cDecidimos mejor trasladarlo para el verano y hacer las evaluaciones, para entregar en marzo los recursos y as\u00ed desarrollar con tranquilidad los proyectos\u201d, explic\u00f3 el Director de Desarrollo Comunitario.<\/p>\n<p>Destac\u00f3 que en este tiempo se ha empoderado a los vecinos para que puedan ellos generar los proyectos para el FIB, ya que uno de los requisitos de este programa, es que la comunidad participe en la decisi\u00f3n de qu\u00e9 iniciativa se va a postular.<\/p>\n<p>Manifest\u00f3 que una vez que venza el plazo, se evaluar\u00e1n las iniciativas y en caso de presentar alguna falencia en su elaboraci\u00f3n, se devolver\u00e1n a las juntas de vecinos y organizaciones funcionales, a objeto que las corrijan y finalmente sean entregadas para su an\u00e1lisis, discusi\u00f3n y eventual aprobaci\u00f3n.<\/p>\n<p>&nbsp;<\/p>\n","protected":false},"excerpt":{"rendered":"<p>Para la segunda semana de diciembre se espera que finalice el plazo de recepci\u00f3n de proyectos para el Fondo de Iniciativas Barriales, FIB, que promueve la municipalidad de San Felipe. As\u00ed lo&#8230;<\/p>\n","protected":false},"author":482,"featured_media":40097,"comment_status":"open","ping_status":"closed","sticky":false,"template":"","format":"standard","meta":{"advanced_seo_description":"","jetpack_seo_html_title":"","jetpack_seo_noindex":false,"_jetpack_memberships_contains_paid_content":false,"footnotes":""},"categories":[1],"tags":[],"class_list":["post-40096","post","type-post","status-publish","format-standard","has-post-thumbnail","hentry","category-cronica"],"jetpack_featured_media_url":"https:\/\/i0.wp.com\/eltrabajo.cl\/portal\/wp-content\/uploads\/2013\/11\/pablo-silva.jpg?fit=528%2C396&ssl=1","jetpack_sharing_enabled":true,"jetpack_likes_enabled":true,"jetpack-related-posts":[],"_links":{"self":[{"href":"https:\/\/eltrabajo.cl\/portal\/wp-json\/wp\/v2\/posts\/40096","targetHints":{"allow":["GET"]}}],"collection":[{"href":"https:\/\/eltrabajo.cl\/portal\/wp-json\/wp\/v2\/posts"}],"about":[{"href":"https:\/\/eltrabajo.cl\/portal\/wp-json\/wp\/v2\/types\/post"}],"author":[{"embeddable":true,"href":"https:\/\/eltrabajo.cl\/portal\/wp-json\/wp\/v2\/users\/482"}],"replies":[{"embeddable":true,"href":"https:\/\/eltrabajo.cl\/portal\/wp-json\/wp\/v2\/comments?post=40096"}],"version-history":[{"count":0,"href":"https:\/\/eltrabajo.cl\/portal\/wp-json\/wp\/v2\/posts\/40096\/revisions"}],"wp:featuredmedia":[{"embeddable":true,"href":"https:\/\/eltrabajo.cl\/portal\/wp-json\/wp\/v2\/media\/40097"}],"wp:attachment":[{"href":"https:\/\/eltrabajo.cl\/portal\/wp-json\/wp\/v2\/media?parent=40096"}],"wp:term":[{"taxonomy":"category","embeddable":true,"href":"https:\/\/eltrabajo.cl\/portal\/wp-json\/wp\/v2\/categories?post=40096"},{"taxonomy":"post_tag","embeddable":true,"href":"https:\/\/eltrabajo.cl\/portal\/wp-json\/wp\/v2\/tags?post=40096"}],"curies":[{"name":"wp","href":"https:\/\/api.w.org\/{rel}","templated":true}]}}