{"id":40099,"date":"2013-11-29T09:56:50","date_gmt":"2013-11-29T12:56:50","guid":{"rendered":"http:\/\/www.eltrabajo.cl\/portal\/?p=40099"},"modified":"2013-11-29T09:56:50","modified_gmt":"2013-11-29T12:56:50","slug":"carabinero-increpa-a-inspector-municipal-porque-le-curso-un-parte","status":"publish","type":"post","link":"https:\/\/eltrabajo.cl\/portal\/carabinero-increpa-a-inspector-municipal-porque-le-curso-un-parte\/","title":{"rendered":"Carabinero increpa a inspector municipal porque le curs\u00f3 un parte"},"content":{"rendered":"<figure id=\"attachment_40100\" aria-describedby=\"caption-attachment-40100\" style=\"width: 317px\" class=\"wp-caption alignleft\"><a href=\"https:\/\/i0.wp.com\/www.eltrabajo.cl\/portal\/wp-content\/uploads\/2013\/11\/fernando-cordero.jpg\"><img data-recalc-dims=\"1\" loading=\"lazy\" decoding=\"async\" class=\" wp-image-40100 \" title=\"Fernando Cordero, inspector municipal en plena acci\u00f3n fiscalizadora en San Felipe.\" alt=\"Fernando Cordero, inspector municipal en plena acci\u00f3n fiscalizadora en San Felipe.\" src=\"https:\/\/i0.wp.com\/www.eltrabajo.cl\/portal\/wp-content\/uploads\/2013\/11\/fernando-cordero.jpg?resize=317%2C322\" width=\"317\" height=\"322\" srcset=\"https:\/\/i0.wp.com\/eltrabajo.cl\/portal\/wp-content\/uploads\/2013\/11\/fernando-cordero.jpg?w=529&amp;ssl=1 529w, https:\/\/i0.wp.com\/eltrabajo.cl\/portal\/wp-content\/uploads\/2013\/11\/fernando-cordero.jpg?resize=148%2C150&amp;ssl=1 148w, https:\/\/i0.wp.com\/eltrabajo.cl\/portal\/wp-content\/uploads\/2013\/11\/fernando-cordero.jpg?resize=296%2C300&amp;ssl=1 296w, https:\/\/i0.wp.com\/eltrabajo.cl\/portal\/wp-content\/uploads\/2013\/11\/fernando-cordero.jpg?resize=400%2C405&amp;ssl=1 400w\" sizes=\"auto, (max-width: 317px) 100vw, 317px\" \/><\/a><figcaption id=\"caption-attachment-40100\" class=\"wp-caption-text\">Fernando Cordero, inspector municipal en plena acci\u00f3n fiscalizadora en San Felipe.<\/figcaption><\/figure>\n<ul>\n<li><strong>Asociaci\u00f3n de Empleados Municipales de San Felipe sali\u00f3 en defensa del funcionario Fernando Cordero, luego que un carabinero del Ret\u00e9n de Guzmanes lo increpara supuestamente con garabatos por haberle cursado la infracci\u00f3n.<\/strong><\/li>\n<\/ul>\n<p>Pese a que no se trata del funcionario municipal m\u00e1s querido de San Felipe, por cuanto su misi\u00f3n es infraccionar a los automovilistas mal estacionados, la situaci\u00f3n vivida el mi\u00e9rcoles por el inspector municipal Fernando Cordero, conocido por muchos como \u2018Corderito\u2019, dio mucho que hablar, por decir lo menos.<\/p>\n<p>Pasadas las 10.30 horas del mi\u00e9rcoles, el inspector municipal Fernando Cordero, advirti\u00f3 la presencia de un autom\u00f3vil marca Citroen, que estaba estacionado en la esquina de Arturo Prat con Salinas, al frente del Autoservicio Maip\u00fa, en una zona destinada a la parada de taxis colectivos.<\/p>\n<figure id=\"attachment_40101\" aria-describedby=\"caption-attachment-40101\" style=\"width: 317px\" class=\"wp-caption alignright\"><a href=\"https:\/\/i0.wp.com\/www.eltrabajo.cl\/portal\/wp-content\/uploads\/2013\/11\/vladimir-tapia1.jpg\"><img data-recalc-dims=\"1\" loading=\"lazy\" decoding=\"async\" class=\" wp-image-40101 \" title=\"Vladimir Tapia, presidente de Asemuch San Felipe, sali\u00f3 en defensa de su colega de labores en el municipio.\" alt=\"Vladimir Tapia, presidente de Asemuch San Felipe, sali\u00f3 en defensa de su colega de labores en el municipio.\" src=\"https:\/\/i0.wp.com\/www.eltrabajo.cl\/portal\/wp-content\/uploads\/2013\/11\/vladimir-tapia1.jpg?resize=317%2C342\" width=\"317\" height=\"342\" srcset=\"https:\/\/i0.wp.com\/eltrabajo.cl\/portal\/wp-content\/uploads\/2013\/11\/vladimir-tapia1.jpg?w=529&amp;ssl=1 529w, https:\/\/i0.wp.com\/eltrabajo.cl\/portal\/wp-content\/uploads\/2013\/11\/vladimir-tapia1.jpg?resize=139%2C150&amp;ssl=1 139w, https:\/\/i0.wp.com\/eltrabajo.cl\/portal\/wp-content\/uploads\/2013\/11\/vladimir-tapia1.jpg?resize=278%2C300&amp;ssl=1 278w, https:\/\/i0.wp.com\/eltrabajo.cl\/portal\/wp-content\/uploads\/2013\/11\/vladimir-tapia1.jpg?resize=400%2C431&amp;ssl=1 400w\" sizes=\"auto, (max-width: 317px) 100vw, 317px\" \/><\/a><figcaption id=\"caption-attachment-40101\" class=\"wp-caption-text\">Vladimir Tapia, presidente de Asemuch San Felipe, sali\u00f3 en defensa de su colega de labores en el municipio.<\/figcaption><\/figure>\n<p>A ra\u00edz de lo anterior, \u2018Corderito\u2019 sac\u00f3 una fotograf\u00eda para tener la evidencia de esta falta, y luego procedi\u00f3 a realizar la boleta correspondiente al parte municipal. Fue en esas circunstancias que se le acerc\u00f3 el propietario del veh\u00edculo, quien lo comenz\u00f3 a increpar con calificativos de grueso calibre, advirti\u00e9ndole que \u00e9l era Carabinero y que, seg\u00fan testigos, \u201cno sab\u00eda con quien se estaba metiendo\u201d; por lo que el funcionario municipal decidi\u00f3 llamar al 133, siendo puntualmente las 10.45 horas.<\/p>\n<p>Posteriormente concurri\u00f3 personal policial que aval\u00f3 el trabajo de Cordero, por lo que \u00e9ste termin\u00f3 el parte municipal, entreg\u00e1ndole copia al carabinero, quien pertenece al Ret\u00e9n de Carabineros de Guzmanes.<\/p>\n<p>Seg\u00fan se coment\u00f3, el parte en primera instancia y a petici\u00f3n del carabinero, habr\u00eda sido anulado. No obstante, desde el municipio se inform\u00f3 que el proceso sigui\u00f3 su curso y el tema ser\u00e1 visto, como corresponde, en la instancia del Juzgado de Polic\u00eda Local.<\/p>\n<p>&nbsp;<\/p>\n<p><strong>DEFENSA DE ASEMUCH<\/strong><\/p>\n<p>Mientras Fernando Cordero solo se limit\u00f3 a conversar off the record con Diario El Trabajo, expresando que no contaba con la autorizaci\u00f3n de su superior para dar una entrevista, quien s\u00ed sali\u00f3 en su defensa fue el presidente de Asemuch San Felipe, Vladimir Tapia.<\/p>\n<figure id=\"attachment_40102\" aria-describedby=\"caption-attachment-40102\" style=\"width: 422px\" class=\"wp-caption alignleft\"><a href=\"https:\/\/i0.wp.com\/www.eltrabajo.cl\/portal\/wp-content\/uploads\/2013\/11\/auto-del-carabinero.jpg\"><img data-recalc-dims=\"1\" loading=\"lazy\" decoding=\"async\" class=\" wp-image-40102 \" title=\"Este es el veh\u00edculo del funcionario municipal que se encontraba mal estacionado y por tanto, Cordero le curs\u00f3 a su conductor una infracci\u00f3n.\" alt=\"Este es el veh\u00edculo del funcionario municipal que se encontraba mal estacionado y por tanto, Cordero le curs\u00f3 a su conductor una infracci\u00f3n.\" src=\"https:\/\/i0.wp.com\/www.eltrabajo.cl\/portal\/wp-content\/uploads\/2013\/11\/auto-del-carabinero.jpg?resize=422%2C317\" width=\"422\" height=\"317\" srcset=\"https:\/\/i0.wp.com\/eltrabajo.cl\/portal\/wp-content\/uploads\/2013\/11\/auto-del-carabinero.jpg?w=528&amp;ssl=1 528w, https:\/\/i0.wp.com\/eltrabajo.cl\/portal\/wp-content\/uploads\/2013\/11\/auto-del-carabinero.jpg?resize=200%2C150&amp;ssl=1 200w, https:\/\/i0.wp.com\/eltrabajo.cl\/portal\/wp-content\/uploads\/2013\/11\/auto-del-carabinero.jpg?resize=300%2C225&amp;ssl=1 300w, https:\/\/i0.wp.com\/eltrabajo.cl\/portal\/wp-content\/uploads\/2013\/11\/auto-del-carabinero.jpg?resize=150%2C112&amp;ssl=1 150w, https:\/\/i0.wp.com\/eltrabajo.cl\/portal\/wp-content\/uploads\/2013\/11\/auto-del-carabinero.jpg?resize=400%2C300&amp;ssl=1 400w\" sizes=\"auto, (max-width: 422px) 100vw, 422px\" \/><\/a><figcaption id=\"caption-attachment-40102\" class=\"wp-caption-text\">Este es el veh\u00edculo del funcionario municipal que se encontraba mal estacionado y por tanto, Cordero le curs\u00f3 a su conductor una infracci\u00f3n.<\/figcaption><\/figure>\n<p>El dirigente manifest\u00f3 que tras conversar con el inspector municipal, solicitaron al alcalde que peticione ante Carabineros una explicaci\u00f3n respecto de lo ocurrido, como m\u00ednimo, ya que de acuerdo al testimonio de \u2018Corderito\u2019, as\u00ed como de testigos de los hechos, el episodio en cuesti\u00f3n fue bastante desagradable e inc\u00f3modo.<\/p>\n<p>En la ma\u00f1ana de ayer, Asemuch San Felipe se encontraba a la espera de un informe escrito que deb\u00eda entregarles Fernando Cordero, con el detalle de los hechos, no obstante Vladimir Tapia dijo que resultaba imprescindible, a la luz de lo ocurrido, salir en defensa de su compa\u00f1ero de trabajo.<\/p>\n<p>\u201cNosotros como Asociaci\u00f3n de Funcionarios estamos muy preocupados por nuestro colega que, en el ejercicio de sus funciones, fue increpado por un funcionario de Carabineros. En este sentido, queremos respaldar y entregar nuestro completo apoyo a nuestro colega de labores, toda vez que realiza una funci\u00f3n que muchas veces es ingrata, y solo tiene por objetivo hacer respetar la ley\u201d, se\u00f1al\u00f3 Vladimir Tapia.<\/p>\n<p>Explic\u00f3 el presidente local de Asemuch que esperan dilucidar esta situaci\u00f3n, por cuanto los primeros antecedentes que se han recogido, dan cuenta de cierto abuso de poder que intent\u00f3 ejercer el carabinero por el hecho de tener este rango. Por lo mismo, esperan que el Alcalde Patricio Freire realice la defensa corporativa que corresponde, ya que este es un caso grave, considerando que se trata de un funcionario policial.<\/p>\n<p>&nbsp;<\/p>\n","protected":false},"excerpt":{"rendered":"<p>Asociaci\u00f3n de Empleados Municipales de San Felipe sali\u00f3 en defensa del funcionario Fernando Cordero, luego que un carabinero del Ret\u00e9n de Guzmanes lo increpara supuestamente con garabatos por haberle cursado la infracci\u00f3n&#8230;.<\/p>\n","protected":false},"author":482,"featured_media":40100,"comment_status":"open","ping_status":"closed","sticky":false,"template":"","format":"standard","meta":{"advanced_seo_description":"","jetpack_seo_html_title":"","jetpack_seo_noindex":false,"_jetpack_memberships_contains_paid_content":false,"footnotes":""},"categories":[1],"tags":[],"class_list":["post-40099","post","type-post","status-publish","format-standard","has-post-thumbnail","hentry","category-cronica"],"jetpack_featured_media_url":"https:\/\/i0.wp.com\/eltrabajo.cl\/portal\/wp-content\/uploads\/2013\/11\/fernando-cordero.jpg?fit=529%2C536&ssl=1","jetpack_sharing_enabled":true,"jetpack_likes_enabled":true,"jetpack-related-posts":[],"_links":{"self":[{"href":"https:\/\/eltrabajo.cl\/portal\/wp-json\/wp\/v2\/posts\/40099","targetHints":{"allow":["GET"]}}],"collection":[{"href":"https:\/\/eltrabajo.cl\/portal\/wp-json\/wp\/v2\/posts"}],"about":[{"href":"https:\/\/eltrabajo.cl\/portal\/wp-json\/wp\/v2\/types\/post"}],"author":[{"embeddable":true,"href":"https:\/\/eltrabajo.cl\/portal\/wp-json\/wp\/v2\/users\/482"}],"replies":[{"embeddable":true,"href":"https:\/\/eltrabajo.cl\/portal\/wp-json\/wp\/v2\/comments?post=40099"}],"version-history":[{"count":0,"href":"https:\/\/eltrabajo.cl\/portal\/wp-json\/wp\/v2\/posts\/40099\/revisions"}],"wp:featuredmedia":[{"embeddable":true,"href":"https:\/\/eltrabajo.cl\/portal\/wp-json\/wp\/v2\/media\/40100"}],"wp:attachment":[{"href":"https:\/\/eltrabajo.cl\/portal\/wp-json\/wp\/v2\/media?parent=40099"}],"wp:term":[{"taxonomy":"category","embeddable":true,"href":"https:\/\/eltrabajo.cl\/portal\/wp-json\/wp\/v2\/categories?post=40099"},{"taxonomy":"post_tag","embeddable":true,"href":"https:\/\/eltrabajo.cl\/portal\/wp-json\/wp\/v2\/tags?post=40099"}],"curies":[{"name":"wp","href":"https:\/\/api.w.org\/{rel}","templated":true}]}}