{"id":40105,"date":"2013-11-29T09:57:59","date_gmt":"2013-11-29T12:57:59","guid":{"rendered":"http:\/\/www.eltrabajo.cl\/portal\/?p=40105"},"modified":"2013-11-29T09:57:59","modified_gmt":"2013-11-29T12:57:59","slug":"proyecto-de-ampliacion-de-chercan-tapia-comenzaria-a-ejecutarse-el-2014","status":"publish","type":"post","link":"https:\/\/eltrabajo.cl\/portal\/proyecto-de-ampliacion-de-chercan-tapia-comenzaria-a-ejecutarse-el-2014\/","title":{"rendered":"Proyecto de ampliaci\u00f3n de Cherc\u00e1n Tapia comenzar\u00eda a ejecutarse el 2014"},"content":{"rendered":"<p>&nbsp;<\/p>\n<figure id=\"attachment_40106\" aria-describedby=\"caption-attachment-40106\" style=\"width: 529px\" class=\"wp-caption alignnone\"><a href=\"https:\/\/i0.wp.com\/www.eltrabajo.cl\/portal\/wp-content\/uploads\/2013\/11\/reunionseremisariego.jpg\"><img data-recalc-dims=\"1\" loading=\"lazy\" decoding=\"async\" class=\"size-full wp-image-40106\" title=\"La reuni\u00f3n se desarroll\u00f3 este jueves en la direcci\u00f3n Nacional de Vialidad.\" alt=\"La reuni\u00f3n se desarroll\u00f3 este jueves en la direcci\u00f3n Nacional de Vialidad.\" src=\"https:\/\/i0.wp.com\/www.eltrabajo.cl\/portal\/wp-content\/uploads\/2013\/11\/reunionseremisariego.jpg?resize=529%2C328\" width=\"529\" height=\"328\" srcset=\"https:\/\/i0.wp.com\/eltrabajo.cl\/portal\/wp-content\/uploads\/2013\/11\/reunionseremisariego.jpg?w=529&amp;ssl=1 529w, https:\/\/i0.wp.com\/eltrabajo.cl\/portal\/wp-content\/uploads\/2013\/11\/reunionseremisariego.jpg?resize=200%2C124&amp;ssl=1 200w, https:\/\/i0.wp.com\/eltrabajo.cl\/portal\/wp-content\/uploads\/2013\/11\/reunionseremisariego.jpg?resize=300%2C186&amp;ssl=1 300w, https:\/\/i0.wp.com\/eltrabajo.cl\/portal\/wp-content\/uploads\/2013\/11\/reunionseremisariego.jpg?resize=150%2C93&amp;ssl=1 150w, https:\/\/i0.wp.com\/eltrabajo.cl\/portal\/wp-content\/uploads\/2013\/11\/reunionseremisariego.jpg?resize=400%2C248&amp;ssl=1 400w\" sizes=\"auto, (max-width: 529px) 100vw, 529px\" \/><\/a><figcaption id=\"caption-attachment-40106\" class=\"wp-caption-text\">La reuni\u00f3n se desarroll\u00f3 este jueves en la direcci\u00f3n Nacional de Vialidad.<\/figcaption><\/figure>\n<p>Una evaluaci\u00f3n muy positiva realiz\u00f3 el Alcalde Patricio Freire, de la reuni\u00f3n sostenida este jueves con el Director Nacional de Vialidad, Mario Fern\u00e1ndez, quien confirm\u00f3 que el proyecto de ampliaci\u00f3n de la ruta E-85, conocida como calle Cherc\u00e1n Tapia, se ejecutar\u00e1 el a\u00f1o 2014 con una importante inversi\u00f3n de recursos.<\/p>\n<p>La reuni\u00f3n se desarroll\u00f3 este jueves en la direcci\u00f3n Nacional de Vialidad, hasta donde lleg\u00f3 el jefe comunal para solicitar apurar la ejecuci\u00f3n del proyecto, encuentro que tuvo varios acuerdos, entre los que destacan llamar a licitaci\u00f3n en marzo del pr\u00f3ximo a\u00f1o y estar comenzando obras, si todo avanza de acuerdo a los plazos, en el mes de agosto de ese a\u00f1o.<\/p>\n<p>Adem\u00e1s el municipio deber\u00e1 realizar los tr\u00e1mites ante el Ministerio de Bienes Nacionales para contar con una faja de terreno fiscal que permitir\u00e1 ampliar la calle a doble calzada, a trav\u00e9s de una pavimentaci\u00f3n asf\u00e1ltica en una longitud aproximada de 763 metros, lo que mejorar\u00e1 la accesibilidad a la ciudad de San Felipe, ya que este sector se ha convertido en el principal acceso a la comuna.<\/p>\n<p>El Alcalde Patricio Freire se mostr\u00f3 muy conforme con el resultado de la reuni\u00f3n, ya que estas gestiones permitieron apurar el proyecto.<\/p>\n<p>\u201cNos vamos muy conformes, de parte del municipio debemos apurar algunos temas, hemos encontrado una acogida bastante favorable para que este proyecto emblem\u00e1tico para San Felipe parta el 2014. Como Municipio tenemos que apurar algunos documentos, que es el traspaso de una faja de terreno fiscal. Le explicamos al director nacional este cuello de botella que se hace a la entrada de San Felipe y que para nosotros esta conectividad es muy importante junto con la circunvalaci\u00f3n, por ello encontramos muy positiva la reuni\u00f3n\u201d, dijo el jefe comunal.<\/p>\n<p>A la reuni\u00f3n adem\u00e1s asistieron el jefe de la Secretar\u00eda de Planificaci\u00f3n de la Municipalidad, Claudio Paredes, y el Seremi de Obras P\u00fablicas, Pedro Sariego, quien destac\u00f3 el resultado de la reuni\u00f3n.<\/p>\n<p>\u201cSi todo va bien y se cumplen los plazos, si hay oferentes, si la Contralor\u00eda se demora un tiempo razonable en todos estos temas, la obra podr\u00eda estar comenzando en agosto realistamente, con lo cual se gana bastante, una obra de \u00e9sta se desarrolla en ocho o nueve meses, son cerca de mil metros de una doble calzada que va a hacer m\u00e1s fluida la entrada de San Felipe\u201d, dijo Sariego.<\/p>\n<p>El proyecto en su totalidad contempla una inversi\u00f3n de alrededor de mil doscientos millones de pesos y de ellos, aproximadamente seiscientos millones ya comenzar\u00edan a utilizarse en esta primera etapa de ejecuci\u00f3n de la iniciativa.<\/p>\n<p>El Seremi destac\u00f3 las gestiones realizadas junto al Alcalde Freire, ya que tienen como objetivo mejorar la calidad de vida de los vecinos de San Felipe.<\/p>\n<p>&nbsp;<\/p>\n","protected":false},"excerpt":{"rendered":"<p>&nbsp; Una evaluaci\u00f3n muy positiva realiz\u00f3 el Alcalde Patricio Freire, de la reuni\u00f3n sostenida este jueves con el Director Nacional de Vialidad, Mario Fern\u00e1ndez, quien confirm\u00f3 que el proyecto de ampliaci\u00f3n de&#8230;<\/p>\n","protected":false},"author":482,"featured_media":40106,"comment_status":"open","ping_status":"closed","sticky":false,"template":"","format":"standard","meta":{"advanced_seo_description":"","jetpack_seo_html_title":"","jetpack_seo_noindex":false,"_jetpack_memberships_contains_paid_content":false,"footnotes":""},"categories":[1],"tags":[],"class_list":["post-40105","post","type-post","status-publish","format-standard","has-post-thumbnail","hentry","category-cronica"],"jetpack_featured_media_url":"https:\/\/i0.wp.com\/eltrabajo.cl\/portal\/wp-content\/uploads\/2013\/11\/reunionseremisariego.jpg?fit=529%2C328&ssl=1","jetpack_sharing_enabled":true,"jetpack_likes_enabled":true,"jetpack-related-posts":[],"_links":{"self":[{"href":"https:\/\/eltrabajo.cl\/portal\/wp-json\/wp\/v2\/posts\/40105","targetHints":{"allow":["GET"]}}],"collection":[{"href":"https:\/\/eltrabajo.cl\/portal\/wp-json\/wp\/v2\/posts"}],"about":[{"href":"https:\/\/eltrabajo.cl\/portal\/wp-json\/wp\/v2\/types\/post"}],"author":[{"embeddable":true,"href":"https:\/\/eltrabajo.cl\/portal\/wp-json\/wp\/v2\/users\/482"}],"replies":[{"embeddable":true,"href":"https:\/\/eltrabajo.cl\/portal\/wp-json\/wp\/v2\/comments?post=40105"}],"version-history":[{"count":0,"href":"https:\/\/eltrabajo.cl\/portal\/wp-json\/wp\/v2\/posts\/40105\/revisions"}],"wp:featuredmedia":[{"embeddable":true,"href":"https:\/\/eltrabajo.cl\/portal\/wp-json\/wp\/v2\/media\/40106"}],"wp:attachment":[{"href":"https:\/\/eltrabajo.cl\/portal\/wp-json\/wp\/v2\/media?parent=40105"}],"wp:term":[{"taxonomy":"category","embeddable":true,"href":"https:\/\/eltrabajo.cl\/portal\/wp-json\/wp\/v2\/categories?post=40105"},{"taxonomy":"post_tag","embeddable":true,"href":"https:\/\/eltrabajo.cl\/portal\/wp-json\/wp\/v2\/tags?post=40105"}],"curies":[{"name":"wp","href":"https:\/\/api.w.org\/{rel}","templated":true}]}}