{"id":40130,"date":"2013-12-02T09:48:54","date_gmt":"2013-12-02T12:48:54","guid":{"rendered":"http:\/\/www.eltrabajo.cl\/portal\/?p=40130"},"modified":"2013-12-02T09:48:54","modified_gmt":"2013-12-02T12:48:54","slug":"inaugurado-proyecto-en-bici-hacia-una-ciudad-mas-saludable","status":"publish","type":"post","link":"https:\/\/eltrabajo.cl\/portal\/inaugurado-proyecto-en-bici-hacia-una-ciudad-mas-saludable\/","title":{"rendered":"Inaugurado proyecto \u2018En bici hacia una ciudad m\u00e1s saludable\u2019"},"content":{"rendered":"<figure id=\"attachment_40131\" aria-describedby=\"caption-attachment-40131\" style=\"width: 529px\" class=\"wp-caption alignnone\"><a href=\"https:\/\/i0.wp.com\/www.eltrabajo.cl\/portal\/wp-content\/uploads\/2013\/12\/bici1.jpg\"><img data-recalc-dims=\"1\" loading=\"lazy\" decoding=\"async\" class=\"size-full wp-image-40131\" title=\"Estas son las bicicletas ya disponibles para que los panquehuinos opten por usarlas y hacer as\u00ed m\u00e1s actividad f\u00edsica.\" alt=\"Estas son las bicicletas ya disponibles para que los panquehuinos opten por usarlas y hacer as\u00ed m\u00e1s actividad f\u00edsica.\" src=\"https:\/\/i0.wp.com\/www.eltrabajo.cl\/portal\/wp-content\/uploads\/2013\/12\/bici1.jpg?resize=529%2C264\" width=\"529\" height=\"264\" srcset=\"https:\/\/i0.wp.com\/eltrabajo.cl\/portal\/wp-content\/uploads\/2013\/12\/bici1.jpg?w=529&amp;ssl=1 529w, https:\/\/i0.wp.com\/eltrabajo.cl\/portal\/wp-content\/uploads\/2013\/12\/bici1.jpg?resize=200%2C99&amp;ssl=1 200w, https:\/\/i0.wp.com\/eltrabajo.cl\/portal\/wp-content\/uploads\/2013\/12\/bici1.jpg?resize=300%2C149&amp;ssl=1 300w, https:\/\/i0.wp.com\/eltrabajo.cl\/portal\/wp-content\/uploads\/2013\/12\/bici1.jpg?resize=150%2C74&amp;ssl=1 150w, https:\/\/i0.wp.com\/eltrabajo.cl\/portal\/wp-content\/uploads\/2013\/12\/bici1.jpg?resize=400%2C199&amp;ssl=1 400w\" sizes=\"auto, (max-width: 529px) 100vw, 529px\" \/><\/a><figcaption id=\"caption-attachment-40131\" class=\"wp-caption-text\">Estas son las bicicletas ya disponibles para que los panquehuinos opten por usarlas y hacer as\u00ed m\u00e1s actividad f\u00edsica.<\/figcaption><\/figure>\n<p><strong>PANQUEHUE.<\/strong>&#8211; Son diez las bicicletas que se pondr\u00e1n a servicio de la comunidad para el traslado desde el Municipio al Cesfam. Con la finalidad de buscar una nueva alternativa para aumentar la actividad f\u00edsica, disminuir la obesidad, disminuir los costos de locomoci\u00f3n colectiva y dejar el auto en la casa, es que la Municipalidad de Panquehue inaugur\u00f3 en una ceremonia en el Cesfam de la comuna, el proyecto que incorpora 10 bicicletas a la comunidad denominado \u2018En bici hacia una ciudad m\u00e1s saludable\u2019.<\/p>\n<p>Ser\u00e1n cinco bicicletas que se tendr\u00e1n en el Cesfam y en el Municipio para el traslado de personas, de esta forma se aumentar\u00e1n los traslados por este medio en la comuna, adem\u00e1s de mejorar la calidad de vida de las personas.<\/p>\n<p>\u00abEste es un gran proyecto que gracias al esfuerzo y perseverancia del profesor de Educaci\u00f3n F\u00edsica del Cesfam Sebasti\u00e1n Astudillo, se llev\u00f3 adelante y esto porque desde el minuto que me lo presentaron no dude en prestar todos los medios posibles para que llegara a buen t\u00e9rmino, de esta manera los vecinos potenciar\u00e1n una vida saludable y se ahorrar\u00e1n recursos en movilizaci\u00f3n. En vez de gastar 800 pesos en movilizaci\u00f3n, gastar\u00e1n 800 calor\u00edas\u00bb, expres\u00f3 el Alcalde Luis Pradenas.<\/p>\n<p>La ceremonia tambi\u00e9n cont\u00f3 con la bendici\u00f3n del cura p\u00e1rroco de la comuna y posteriormente las autoridades tambi\u00e9n probaron las bicicletas dando una vuelta por la manzana. Las personas interesadas en acceder a este medio de transporte, tendr\u00e1n que presentar una fotocopia de carnet identidad y certificado de residencia, en el Departamento de Tr\u00e1nsito y Cesfam de la comuna, mientras que el uso de las bicicletas ser\u00e1 de 45 minutos por personas.<\/p>\n<p>&nbsp;<\/p>\n","protected":false},"excerpt":{"rendered":"<p>PANQUEHUE.&#8211; Son diez las bicicletas que se pondr\u00e1n a servicio de la comunidad para el traslado desde el Municipio al Cesfam. Con la finalidad de buscar una nueva alternativa para aumentar la&#8230;<\/p>\n","protected":false},"author":482,"featured_media":40131,"comment_status":"open","ping_status":"closed","sticky":false,"template":"","format":"standard","meta":{"advanced_seo_description":"","jetpack_seo_html_title":"","jetpack_seo_noindex":false,"_jetpack_memberships_contains_paid_content":false,"footnotes":""},"categories":[15],"tags":[],"class_list":["post-40130","post","type-post","status-publish","format-standard","has-post-thumbnail","hentry","category-comunidad"],"jetpack_featured_media_url":"https:\/\/i0.wp.com\/eltrabajo.cl\/portal\/wp-content\/uploads\/2013\/12\/bici1.jpg?fit=529%2C264&ssl=1","jetpack_sharing_enabled":true,"jetpack_likes_enabled":true,"jetpack-related-posts":[],"_links":{"self":[{"href":"https:\/\/eltrabajo.cl\/portal\/wp-json\/wp\/v2\/posts\/40130","targetHints":{"allow":["GET"]}}],"collection":[{"href":"https:\/\/eltrabajo.cl\/portal\/wp-json\/wp\/v2\/posts"}],"about":[{"href":"https:\/\/eltrabajo.cl\/portal\/wp-json\/wp\/v2\/types\/post"}],"author":[{"embeddable":true,"href":"https:\/\/eltrabajo.cl\/portal\/wp-json\/wp\/v2\/users\/482"}],"replies":[{"embeddable":true,"href":"https:\/\/eltrabajo.cl\/portal\/wp-json\/wp\/v2\/comments?post=40130"}],"version-history":[{"count":0,"href":"https:\/\/eltrabajo.cl\/portal\/wp-json\/wp\/v2\/posts\/40130\/revisions"}],"wp:featuredmedia":[{"embeddable":true,"href":"https:\/\/eltrabajo.cl\/portal\/wp-json\/wp\/v2\/media\/40131"}],"wp:attachment":[{"href":"https:\/\/eltrabajo.cl\/portal\/wp-json\/wp\/v2\/media?parent=40130"}],"wp:term":[{"taxonomy":"category","embeddable":true,"href":"https:\/\/eltrabajo.cl\/portal\/wp-json\/wp\/v2\/categories?post=40130"},{"taxonomy":"post_tag","embeddable":true,"href":"https:\/\/eltrabajo.cl\/portal\/wp-json\/wp\/v2\/tags?post=40130"}],"curies":[{"name":"wp","href":"https:\/\/api.w.org\/{rel}","templated":true}]}}