{"id":40133,"date":"2013-12-02T09:50:18","date_gmt":"2013-12-02T12:50:18","guid":{"rendered":"http:\/\/www.eltrabajo.cl\/portal\/?p=40133"},"modified":"2013-12-02T09:50:18","modified_gmt":"2013-12-02T12:50:18","slug":"comenzo-proceso-de-postulacion-a-beca-presidente-de-la-republica","status":"publish","type":"post","link":"https:\/\/eltrabajo.cl\/portal\/comenzo-proceso-de-postulacion-a-beca-presidente-de-la-republica\/","title":{"rendered":"Comenz\u00f3 proceso de postulaci\u00f3n a Beca Presidente de la Rep\u00fablica"},"content":{"rendered":"<figure id=\"attachment_40134\" aria-describedby=\"caption-attachment-40134\" style=\"width: 529px\" class=\"wp-caption alignnone\"><a href=\"https:\/\/i0.wp.com\/www.eltrabajo.cl\/portal\/wp-content\/uploads\/2013\/12\/becas-utiles.jpg\"><img data-recalc-dims=\"1\" loading=\"lazy\" decoding=\"async\" class=\"size-full wp-image-40134\" title=\"Hasta el pr\u00f3ximo 10 de enero se extender\u00e1 la postulaci\u00f3n a la Beca Presidente de la Rep\u00fablica para el a\u00f1o 2014.\" alt=\"Hasta el pr\u00f3ximo 10 de enero se extender\u00e1 la postulaci\u00f3n a la Beca Presidente de la Rep\u00fablica para el a\u00f1o 2014.\" src=\"https:\/\/i0.wp.com\/www.eltrabajo.cl\/portal\/wp-content\/uploads\/2013\/12\/becas-utiles.jpg?resize=529%2C353\" width=\"529\" height=\"353\" srcset=\"https:\/\/i0.wp.com\/eltrabajo.cl\/portal\/wp-content\/uploads\/2013\/12\/becas-utiles.jpg?w=529&amp;ssl=1 529w, https:\/\/i0.wp.com\/eltrabajo.cl\/portal\/wp-content\/uploads\/2013\/12\/becas-utiles.jpg?resize=200%2C133&amp;ssl=1 200w, https:\/\/i0.wp.com\/eltrabajo.cl\/portal\/wp-content\/uploads\/2013\/12\/becas-utiles.jpg?resize=300%2C200&amp;ssl=1 300w, https:\/\/i0.wp.com\/eltrabajo.cl\/portal\/wp-content\/uploads\/2013\/12\/becas-utiles.jpg?resize=150%2C100&amp;ssl=1 150w, https:\/\/i0.wp.com\/eltrabajo.cl\/portal\/wp-content\/uploads\/2013\/12\/becas-utiles.jpg?resize=400%2C266&amp;ssl=1 400w\" sizes=\"auto, (max-width: 529px) 100vw, 529px\" \/><\/a><figcaption id=\"caption-attachment-40134\" class=\"wp-caption-text\">Hasta el pr\u00f3ximo 10 de enero se extender\u00e1 la postulaci\u00f3n a la Beca Presidente de la Rep\u00fablica para el a\u00f1o 2014.<\/figcaption><\/figure>\n<p><strong>LOS ANDES<\/strong>.- Hasta el pr\u00f3ximo 10 de enero se extender\u00e1 la postulaci\u00f3n a la Beca Presidente de la Rep\u00fablica para el a\u00f1o 2014. As\u00ed lo dio a conocer la Asistente Sociales de la Direcci\u00f3n de Desarrollo Comunitario, Nilsa Cocio, quien se\u00f1al\u00f3 que los estudiantes que deseen renovarla o mantenerla deben tener como requisito una nota superior a seis y presentar las liquidaciones de sueldo de los integrantes de todo el grupo familiar.<\/p>\n<p>Record\u00f3 que esta beca est\u00e1 dirigida a estudiantes vulnerables socialmente, pero que cuentan con un buen rendimiento acad\u00e9mico. Explic\u00f3 que en el caso de los estudiantes de ense\u00f1anza media se les entrega un monto en dinero mensual para sus gatos y los de educaci\u00f3n superior reciben el pago de su arancel anual. Indic\u00f3 que existe coordinaci\u00f3n con los establecimientos educacionales para que puedan postular los alumnos y en el caso de los estudiantes de educaci\u00f3n superior tienen que acercarse hasta las oficinas de Dideco.<\/p>\n<p>La profesional record\u00f3 tambi\u00e9n que est\u00e1n abiertas las postulaciones a la beca ind\u00edgena cuyo proceso de postulaci\u00f3n vence el 24 enero. Cabe recordar que este a\u00f1o se recibieron 300 postulaciones y de ellos 200 recibieron la beca.<\/p>\n","protected":false},"excerpt":{"rendered":"<p>LOS ANDES.- Hasta el pr\u00f3ximo 10 de enero se extender\u00e1 la postulaci\u00f3n a la Beca Presidente de la Rep\u00fablica para el a\u00f1o 2014. As\u00ed lo dio a conocer la Asistente Sociales de&#8230;<\/p>\n","protected":false},"author":482,"featured_media":40134,"comment_status":"open","ping_status":"closed","sticky":false,"template":"","format":"standard","meta":{"advanced_seo_description":"","jetpack_seo_html_title":"","jetpack_seo_noindex":false,"_jetpack_memberships_contains_paid_content":false,"footnotes":""},"categories":[15],"tags":[],"class_list":["post-40133","post","type-post","status-publish","format-standard","has-post-thumbnail","hentry","category-comunidad"],"jetpack_featured_media_url":"https:\/\/i0.wp.com\/eltrabajo.cl\/portal\/wp-content\/uploads\/2013\/12\/becas-utiles.jpg?fit=529%2C353&ssl=1","jetpack_sharing_enabled":true,"jetpack_likes_enabled":true,"jetpack-related-posts":[],"_links":{"self":[{"href":"https:\/\/eltrabajo.cl\/portal\/wp-json\/wp\/v2\/posts\/40133","targetHints":{"allow":["GET"]}}],"collection":[{"href":"https:\/\/eltrabajo.cl\/portal\/wp-json\/wp\/v2\/posts"}],"about":[{"href":"https:\/\/eltrabajo.cl\/portal\/wp-json\/wp\/v2\/types\/post"}],"author":[{"embeddable":true,"href":"https:\/\/eltrabajo.cl\/portal\/wp-json\/wp\/v2\/users\/482"}],"replies":[{"embeddable":true,"href":"https:\/\/eltrabajo.cl\/portal\/wp-json\/wp\/v2\/comments?post=40133"}],"version-history":[{"count":0,"href":"https:\/\/eltrabajo.cl\/portal\/wp-json\/wp\/v2\/posts\/40133\/revisions"}],"wp:featuredmedia":[{"embeddable":true,"href":"https:\/\/eltrabajo.cl\/portal\/wp-json\/wp\/v2\/media\/40134"}],"wp:attachment":[{"href":"https:\/\/eltrabajo.cl\/portal\/wp-json\/wp\/v2\/media?parent=40133"}],"wp:term":[{"taxonomy":"category","embeddable":true,"href":"https:\/\/eltrabajo.cl\/portal\/wp-json\/wp\/v2\/categories?post=40133"},{"taxonomy":"post_tag","embeddable":true,"href":"https:\/\/eltrabajo.cl\/portal\/wp-json\/wp\/v2\/tags?post=40133"}],"curies":[{"name":"wp","href":"https:\/\/api.w.org\/{rel}","templated":true}]}}