{"id":40136,"date":"2013-12-02T09:51:51","date_gmt":"2013-12-02T12:51:51","guid":{"rendered":"http:\/\/www.eltrabajo.cl\/portal\/?p=40136"},"modified":"2013-12-02T09:51:51","modified_gmt":"2013-12-02T12:51:51","slug":"escolares-participan-en-talleres-informativos-del-proyecto-expansion-244","status":"publish","type":"post","link":"https:\/\/eltrabajo.cl\/portal\/escolares-participan-en-talleres-informativos-del-proyecto-expansion-244\/","title":{"rendered":"Escolares participan en talleres informativos del Proyecto Expansi\u00f3n 244"},"content":{"rendered":"<figure id=\"attachment_40137\" aria-describedby=\"caption-attachment-40137\" style=\"width: 529px\" class=\"wp-caption alignnone\"><a href=\"https:\/\/i0.wp.com\/www.eltrabajo.cl\/portal\/wp-content\/uploads\/2013\/12\/granja1.jpg\"><img data-recalc-dims=\"1\" loading=\"lazy\" decoding=\"async\" class=\"size-full wp-image-40137\" title=\"Un grupo de 180 alumnos de octavo b\u00e1sico a cuarto medio del Liceo Pedro Aguirre Cerda de Calle Larga, visit\u00f3 este jueves las instalaciones de la Ecogranja, ubicada en el Parque Cordillera de Los Andes.\" alt=\"Un grupo de 180 alumnos de octavo b\u00e1sico a cuarto medio del Liceo Pedro Aguirre Cerda de Calle Larga, visit\u00f3 este jueves las instalaciones de la Ecogranja, ubicada en el Parque Cordillera de Los Andes.\" src=\"https:\/\/i0.wp.com\/www.eltrabajo.cl\/portal\/wp-content\/uploads\/2013\/12\/granja1.jpg?resize=529%2C353\" width=\"529\" height=\"353\" srcset=\"https:\/\/i0.wp.com\/eltrabajo.cl\/portal\/wp-content\/uploads\/2013\/12\/granja1.jpg?w=529&amp;ssl=1 529w, https:\/\/i0.wp.com\/eltrabajo.cl\/portal\/wp-content\/uploads\/2013\/12\/granja1.jpg?resize=200%2C133&amp;ssl=1 200w, https:\/\/i0.wp.com\/eltrabajo.cl\/portal\/wp-content\/uploads\/2013\/12\/granja1.jpg?resize=300%2C200&amp;ssl=1 300w, https:\/\/i0.wp.com\/eltrabajo.cl\/portal\/wp-content\/uploads\/2013\/12\/granja1.jpg?resize=150%2C100&amp;ssl=1 150w, https:\/\/i0.wp.com\/eltrabajo.cl\/portal\/wp-content\/uploads\/2013\/12\/granja1.jpg?resize=400%2C266&amp;ssl=1 400w\" sizes=\"auto, (max-width: 529px) 100vw, 529px\" \/><\/a><figcaption id=\"caption-attachment-40137\" class=\"wp-caption-text\">Un grupo de 180 alumnos de octavo b\u00e1sico a cuarto medio del Liceo Pedro Aguirre Cerda de Calle Larga, visit\u00f3 este jueves las instalaciones de la Ecogranja, ubicada en el Parque Cordillera de Los Andes.<\/figcaption><\/figure>\n<p><strong>LOS ANDES<\/strong>.- Un grupo de 180 alumnos de octavo b\u00e1sico a cuarto medio del Liceo Pedro Aguirre Cerda de Calle Larga, visit\u00f3 este jueves las instalaciones de la Ecogranja, ubicada en el Parque Cordillera de Los Andes, donde participaron en una charla educativa dictada por trabajadores de Codelco sobre el Proyecto Expansi\u00f3n Andina 244. El recorrido se extendi\u00f3 tambi\u00e9n a las novedades de la Ecogranja, entre \u00e9stas, el proyecto de rescate patrimonial de la Gallina Araucana en el Valle del Aconcagua, adem\u00e1s de la exhibici\u00f3n de equinos, ovejas, llamas, alpacas, auqu\u00e9nidos, ganado caprino y vacuno, y aves de campo.<\/p>\n<p>Se trata del segundo establecimiento que realiza la visita, tras la que protagoniz\u00f3 el Liceo de San Esteban la \u00faltima semana. Se espera que, entre noviembre y diciembre, un total de 1.200 alumnos de establecimientos del Valle del Aconcagua tomen parte en las jornadas educativas en el Parque Cordillera de Los Andes. A la fecha, m\u00e1s de 300 estudiantes han participado en los talleres. Ecogranja, la principal iniciativa ecol\u00f3gica-ambiental de Los Andes, es impulsada por la Junta de Adelanto de Los Andes y Codelco Andina, en el marco de la pol\u00edtica de Desarrollo Sustentable y Comunidades de la cupr\u00edfera, Juntos. Por esto, el Presidente de la Junta de Adelanto, Mario M\u00e9ndez, explic\u00f3 que la visita tuvo como uno de sus objetivos poner en valor la gesti\u00f3n comunitaria de la Divisi\u00f3n a trav\u00e9s de proyectos como Eco Granja.<\/p>\n<p>\u00abLa visita tiene que ver con mostrar el Proyecto Eco Granja y asociarla con charlas expositivas del Proyecto Expansi\u00f3n Andina 244. Ha sido una jornada muy positiva, donde los chicos han podido desplegar sus inquietudes de todo tipo, en un intercambio directo con los propios trabajadores de Codelco\u00bb, dijo M\u00e9ndez.<\/p>\n<p>\u00d3scar Soria, analista de gesti\u00f3n de Andina, uno de los trabajadores encargado de liderar las charlas educativas, subray\u00f3 que el v\u00ednculo con los estudiantes reafirma el compromiso de Codelco con las comunidades en el marco del proyecto que, en caso de ser aprobado, aportar\u00e1 10.000 millones de d\u00f3lares al erario nacional en sus primeros 15 a\u00f1os de operaciones.<\/p>\n<p>\u00abEsto permite dar a conocer el proyecto a los alumnos, y por cierto tambi\u00e9n nos interesa poder recoger sus expectativas, cu\u00e1les son sus sugerencias y qu\u00e9 piensan del proyecto\u00bb.<\/p>\n<p>Luis Rivas, ingeniero especialista de Andina, otro de los expositores de la visita, agreg\u00f3 que \u00abCodelco como empresa del Estado no es una empresa aislada, sino que tiene que estar convergente con la comunidad. Por eso estamos aqu\u00ed, demostrando que estamos juntos con la comunidad. Como trabajador, siento una gran gratificaci\u00f3n, porque uno sale de las paredes de la empresa y puede transmitir lo que se est\u00e1 haciendo adentro de ella, y que la gente conozca que hay un trabajo muy profesional y serio detr\u00e1s\u00bb.<\/p>\n<p>Para los protagonistas del recorrido, los alumnos y sus profesores, la visita al Parque Cordillera dej\u00f3 una sensaci\u00f3n positiva. Jes\u00fas Dom\u00ednguez, alumno del segundo medio del Liceo, coment\u00f3 que \u00abme pareci\u00f3 una visita interesante, sobre todo por la explicaci\u00f3n del tema ambiental. La informaci\u00f3n que ten\u00eda era otra, y esto me permiti\u00f3 tener una perspectiva diferente sobre el proyecto. Me parece importante que nos permitan saber m\u00e1s sobre este tema\u00bb.<\/p>\n","protected":false},"excerpt":{"rendered":"<p>LOS ANDES.- Un grupo de 180 alumnos de octavo b\u00e1sico a cuarto medio del Liceo Pedro Aguirre Cerda de Calle Larga, visit\u00f3 este jueves las instalaciones de la Ecogranja, ubicada en el&#8230;<\/p>\n","protected":false},"author":482,"featured_media":40137,"comment_status":"open","ping_status":"closed","sticky":false,"template":"","format":"standard","meta":{"advanced_seo_description":"","jetpack_seo_html_title":"","jetpack_seo_noindex":false,"_jetpack_memberships_contains_paid_content":false,"footnotes":""},"categories":[15],"tags":[],"class_list":["post-40136","post","type-post","status-publish","format-standard","has-post-thumbnail","hentry","category-comunidad"],"jetpack_featured_media_url":"https:\/\/i0.wp.com\/eltrabajo.cl\/portal\/wp-content\/uploads\/2013\/12\/granja1.jpg?fit=529%2C353&ssl=1","jetpack_sharing_enabled":true,"jetpack_likes_enabled":true,"jetpack-related-posts":[],"_links":{"self":[{"href":"https:\/\/eltrabajo.cl\/portal\/wp-json\/wp\/v2\/posts\/40136","targetHints":{"allow":["GET"]}}],"collection":[{"href":"https:\/\/eltrabajo.cl\/portal\/wp-json\/wp\/v2\/posts"}],"about":[{"href":"https:\/\/eltrabajo.cl\/portal\/wp-json\/wp\/v2\/types\/post"}],"author":[{"embeddable":true,"href":"https:\/\/eltrabajo.cl\/portal\/wp-json\/wp\/v2\/users\/482"}],"replies":[{"embeddable":true,"href":"https:\/\/eltrabajo.cl\/portal\/wp-json\/wp\/v2\/comments?post=40136"}],"version-history":[{"count":0,"href":"https:\/\/eltrabajo.cl\/portal\/wp-json\/wp\/v2\/posts\/40136\/revisions"}],"wp:featuredmedia":[{"embeddable":true,"href":"https:\/\/eltrabajo.cl\/portal\/wp-json\/wp\/v2\/media\/40137"}],"wp:attachment":[{"href":"https:\/\/eltrabajo.cl\/portal\/wp-json\/wp\/v2\/media?parent=40136"}],"wp:term":[{"taxonomy":"category","embeddable":true,"href":"https:\/\/eltrabajo.cl\/portal\/wp-json\/wp\/v2\/categories?post=40136"},{"taxonomy":"post_tag","embeddable":true,"href":"https:\/\/eltrabajo.cl\/portal\/wp-json\/wp\/v2\/tags?post=40136"}],"curies":[{"name":"wp","href":"https:\/\/api.w.org\/{rel}","templated":true}]}}