{"id":40139,"date":"2013-12-02T09:53:21","date_gmt":"2013-12-02T12:53:21","guid":{"rendered":"http:\/\/www.eltrabajo.cl\/portal\/?p=40139"},"modified":"2013-12-02T09:53:21","modified_gmt":"2013-12-02T12:53:21","slug":"masiva-participacion-de-vecinos-en-muestra-de-fotografias-antiguas","status":"publish","type":"post","link":"https:\/\/eltrabajo.cl\/portal\/masiva-participacion-de-vecinos-en-muestra-de-fotografias-antiguas\/","title":{"rendered":"Masiva participaci\u00f3n de vecinos en muestra de fotograf\u00edas antiguas"},"content":{"rendered":"<figure id=\"attachment_40140\" aria-describedby=\"caption-attachment-40140\" style=\"width: 529px\" class=\"wp-caption alignnone\"><a href=\"https:\/\/i0.wp.com\/www.eltrabajo.cl\/portal\/wp-content\/uploads\/2013\/12\/fotos1.jpg\"><img data-recalc-dims=\"1\" loading=\"lazy\" decoding=\"async\" class=\"size-full wp-image-40140\" title=\"CURIOSIDAD.- Varios vecinos aprovecharon sus diligencias habituales para ver las fotograf\u00edas colgadas por estos expositores.\" alt=\"CURIOSIDAD.- Varios vecinos aprovecharon sus diligencias habituales para ver las fotograf\u00edas colgadas por estos expositores.\" src=\"https:\/\/i0.wp.com\/www.eltrabajo.cl\/portal\/wp-content\/uploads\/2013\/12\/fotos1.jpg?resize=529%2C353\" width=\"529\" height=\"353\" srcset=\"https:\/\/i0.wp.com\/eltrabajo.cl\/portal\/wp-content\/uploads\/2013\/12\/fotos1.jpg?w=529&amp;ssl=1 529w, https:\/\/i0.wp.com\/eltrabajo.cl\/portal\/wp-content\/uploads\/2013\/12\/fotos1.jpg?resize=200%2C133&amp;ssl=1 200w, https:\/\/i0.wp.com\/eltrabajo.cl\/portal\/wp-content\/uploads\/2013\/12\/fotos1.jpg?resize=300%2C200&amp;ssl=1 300w, https:\/\/i0.wp.com\/eltrabajo.cl\/portal\/wp-content\/uploads\/2013\/12\/fotos1.jpg?resize=150%2C100&amp;ssl=1 150w, https:\/\/i0.wp.com\/eltrabajo.cl\/portal\/wp-content\/uploads\/2013\/12\/fotos1.jpg?resize=400%2C266&amp;ssl=1 400w\" sizes=\"auto, (max-width: 529px) 100vw, 529px\" \/><\/a><figcaption id=\"caption-attachment-40140\" class=\"wp-caption-text\">CURIOSIDAD.- Varios vecinos aprovecharon sus diligencias habituales para ver las fotograf\u00edas colgadas por estos expositores.<\/figcaption><\/figure>\n<p><strong>PUTAENDO<\/strong>.- Superando todas las expectativas de los organizadores y con una masiva participaci\u00f3n de vecinos, se realiz\u00f3 la muestra de fotograf\u00eda antigua denominada \u2018Putaendo del Ayer\u2019, que fue presentada en la plaza de armas de la comuna. Tal como lo hab\u00edan anunciado el Frente de Protecci\u00f3n del Patrimonio, Educaci\u00f3n, Cultura y Artes de Putaendo y la Agrupaci\u00f3n Mi Patrimonio de San Felipe, la actividad comenz\u00f3 pasadas las diez de la ma\u00f1ana con una exposici\u00f3n de m\u00e1s de 300 fotograf\u00edas del Valle del Aconcagua y de la comuna de Putaendo, con un registro fotogr\u00e1fico muy antiguo, donde fue posible apreciar im\u00e1genes del Hospital Bronco-pulmonar, el ferrocarril y algunos otros lugares de bastante inter\u00e9s en nuestra comuna.<\/p>\n<p>Para el fot\u00f3grafo e icon\u00f3grafo, Pedro Mu\u00f1oz, la respuesta de la gente fue sencillamente espectacular, pues indic\u00f3 que no imaginaba el inter\u00e9s de la ciudadan\u00eda que se dio el trabajo y el tiempo de llevar muchas fotograf\u00edas antiguas que fueron escaneadas y que formar\u00e1n parte de futuras exposiciones que se desarrollar\u00e1n en la provincia y la regi\u00f3n. Mu\u00f1oz destac\u00f3 la cantidad de visitantes que tuvo esta muestra fotogr\u00e1fica, el inter\u00e9s que despertaron las fotograf\u00edas y valor\u00f3 de manera especial como los mismos vecinos quer\u00edan que las fotos de sus antepasados quedaran plasmadas y pudiesen ser mostradas en futuras exposiciones, lo que a su juicio se ha visto en pocas comunas.<\/p>\n<p>Por su parte, Joaqu\u00edn Gallardo, Presidente del Frente de Protecci\u00f3n del Patrimonio, Educaci\u00f3n, Cultura y Artes de Putaendo tambi\u00e9n dijo sentirse sorprendido por la cantidad de vecinos que llegaron hasta la plaza de Putaendo a pesar que en horas de la tarde pr\u00e1cticamente debieron guardar las fotograf\u00edas producto del viento y dijo que junto a la Agrupaci\u00f3n Mi Patrimonio se encuentran trabajando en una propuesta para otorgar a la comuna de Putaendo el primer \u00e1lbum de fotograf\u00eda antigua de la comuna, como una manera de retribuir el aporte que han hecho los vecinos de Putaendo.<\/p>\n<p>Patricio Freire M.<\/p>\n<p>&nbsp;<\/p>\n","protected":false},"excerpt":{"rendered":"<p>PUTAENDO.- Superando todas las expectativas de los organizadores y con una masiva participaci\u00f3n de vecinos, se realiz\u00f3 la muestra de fotograf\u00eda antigua denominada \u2018Putaendo del Ayer\u2019, que fue presentada en la plaza&#8230;<\/p>\n","protected":false},"author":482,"featured_media":40140,"comment_status":"open","ping_status":"closed","sticky":false,"template":"","format":"standard","meta":{"advanced_seo_description":"","jetpack_seo_html_title":"","jetpack_seo_noindex":false,"_jetpack_memberships_contains_paid_content":false,"footnotes":""},"categories":[15],"tags":[],"class_list":["post-40139","post","type-post","status-publish","format-standard","has-post-thumbnail","hentry","category-comunidad"],"jetpack_featured_media_url":"https:\/\/i0.wp.com\/eltrabajo.cl\/portal\/wp-content\/uploads\/2013\/12\/fotos1.jpg?fit=529%2C353&ssl=1","jetpack_sharing_enabled":true,"jetpack_likes_enabled":true,"jetpack-related-posts":[],"_links":{"self":[{"href":"https:\/\/eltrabajo.cl\/portal\/wp-json\/wp\/v2\/posts\/40139","targetHints":{"allow":["GET"]}}],"collection":[{"href":"https:\/\/eltrabajo.cl\/portal\/wp-json\/wp\/v2\/posts"}],"about":[{"href":"https:\/\/eltrabajo.cl\/portal\/wp-json\/wp\/v2\/types\/post"}],"author":[{"embeddable":true,"href":"https:\/\/eltrabajo.cl\/portal\/wp-json\/wp\/v2\/users\/482"}],"replies":[{"embeddable":true,"href":"https:\/\/eltrabajo.cl\/portal\/wp-json\/wp\/v2\/comments?post=40139"}],"version-history":[{"count":0,"href":"https:\/\/eltrabajo.cl\/portal\/wp-json\/wp\/v2\/posts\/40139\/revisions"}],"wp:featuredmedia":[{"embeddable":true,"href":"https:\/\/eltrabajo.cl\/portal\/wp-json\/wp\/v2\/media\/40140"}],"wp:attachment":[{"href":"https:\/\/eltrabajo.cl\/portal\/wp-json\/wp\/v2\/media?parent=40139"}],"wp:term":[{"taxonomy":"category","embeddable":true,"href":"https:\/\/eltrabajo.cl\/portal\/wp-json\/wp\/v2\/categories?post=40139"},{"taxonomy":"post_tag","embeddable":true,"href":"https:\/\/eltrabajo.cl\/portal\/wp-json\/wp\/v2\/tags?post=40139"}],"curies":[{"name":"wp","href":"https:\/\/api.w.org\/{rel}","templated":true}]}}